{"id":381460,"date":"2025-09-11T00:04:11","date_gmt":"2025-09-11T00:04:11","guid":{"rendered":"https:\/\/www.europesays.com\/fr\/381460\/"},"modified":"2025-09-11T00:04:11","modified_gmt":"2025-09-11T00:04:11","slug":"10-septembre-le-double-blocage-en-replay-c-ce-soir","status":"publish","type":"post","link":"https:\/\/www.europesays.com\/fr\/381460\/","title":{"rendered":"10 Septembre : Le double blocage ? en replay &#8211; C ce soir"},"content":{"rendered":"<p class=\"kPgwkc gYsEFt\"><strong style=\"font-weight:normal\" id=\"docs-internal-guid-2ab01d37-7fff-f0b4-4bba-f9ca7d25324f\">Au terme d\u2019une intense journ\u00e9e politique et sociale\u2026 avec d\u2019un c\u00f4t\u00e9 la passation de pouvoir \u00e0 Matignon entre Fran\u00e7ois BAYROU et S\u00e9bastien LECORNU, un fid\u00e8le du pr\u00e9sident ; et de l\u2019autre des blocages et des tensions un peu partout en France\u2026 Alors que nous racontent ces deux images qui viennent se percuter ? Comment sortir du blocage, \u00e0 tous les sens du terme ? On en d\u00e9bat avec nos invit\u00e9s\u2026<\/strong><\/p>\n<p class=\"kPgwkc gYsEFt\"><strong style=\"font-weight:normal\" id=\"docs-internal-guid-2ab01d37-7fff-f0b4-4bba-f9ca7d25324f\"><b style=\"font-weight:normal\" id=\"docs-internal-guid-0fbd7120-7fff-0542-2fc4-bfe1b7b27f26\"\/><\/p>\n<p class=\"kPgwkc gYsEFt\">\u25b6\ufe0eMicha\u00ebl F\u0152SSEL Philosophe, auteur de \u00ab Une \u00e9trange victoire : l\u2019extr\u00eame droite contre le politique \u00bb aux \u00e9ditions du Seuil (18.10.24)<\/p>\n<p class=\"kPgwkc gYsEFt\">\u25b6\ufe0eJulien JEANNENEY Professeur de droit public \u00e0 l&rsquo;Universit\u00e9 de Strasbourg, auteur de \u00ab Contre la proportionnelle \u00bb aux \u00e9ditions Gallimard, collection Tracts (21.11.24)<\/p>\n<p class=\"kPgwkc gYsEFt\">\u25b6\ufe0eBlanche LERIDON Directrice \u00e9ditoriale de l\u2019Institut Montaigne, charg\u00e9e d\u2019enseignement \u00e0 Sciences Po, essayiste<\/p>\n<p class=\"kPgwkc gYsEFt\">\u25b6\ufe0eJean GARRIGUES Historien, pr\u00e9sident de la Commission internationale d\u2019histoire des assembl\u00e9es, auteur de \u00ab Les Avocats de la R\u00e9publique. Ceux qui l&rsquo;ont construite, ceux qui la d\u00e9fendent \u00bb aux \u00e9ditions Odile Jacob (10.09.25)<\/p>\n<p class=\"kPgwkc gYsEFt\">\u25b6\ufe0eEl\u00e9onore CAROIT D\u00e9put\u00e9e Renaissance de la 2e circonscription des Fran\u00e7ais \u00e9tablis hors de France<\/p>\n<p><br class=\"Apple-interchange-newline\"\/><\/strong><\/p>\n<p><br class=\"Apple-interchange-newline\"\/><\/p>\n","protected":false},"excerpt":{"rendered":"Au terme d\u2019une intense journ\u00e9e politique et sociale\u2026 avec d\u2019un c\u00f4t\u00e9 la passation de pouvoir \u00e0 Matignon entre&hellip;\n","protected":false},"author":2,"featured_media":381461,"comment_status":"","ping_status":"","sticky":false,"template":"","format":"standard","meta":{"footnotes":""},"categories":[1356],"tags":[58,59,1011,27,252,1364],"class_list":{"0":"post-381460","1":"post","2":"type-post","3":"status-publish","4":"format-standard","5":"has-post-thumbnail","7":"category-television","8":"tag-divertissement","9":"tag-entertainment","10":"tag-fr","11":"tag-france","12":"tag-television","13":"tag-tv"},"share_on_mastodon":{"url":"https:\/\/pubeurope.com\/@fr\/115182742138099415","error":""},"_links":{"self":[{"href":"https:\/\/www.europesays.com\/fr\/wp-json\/wp\/v2\/posts\/381460","targetHints":{"allow":["GET"]}}],"collection":[{"href":"https:\/\/www.europesays.com\/fr\/wp-json\/wp\/v2\/posts"}],"about":[{"href":"https:\/\/www.europesays.com\/fr\/wp-json\/wp\/v2\/types\/post"}],"author":[{"embeddable":true,"href":"https:\/\/www.europesays.com\/fr\/wp-json\/wp\/v2\/users\/2"}],"replies":[{"embeddable":true,"href":"https:\/\/www.europesays.com\/fr\/wp-json\/wp\/v2\/comments?post=381460"}],"version-history":[{"count":0,"href":"https:\/\/www.europesays.com\/fr\/wp-json\/wp\/v2\/posts\/381460\/revisions"}],"wp:featuredmedia":[{"embeddable":true,"href":"https:\/\/www.europesays.com\/fr\/wp-json\/wp\/v2\/media\/381461"}],"wp:attachment":[{"href":"https:\/\/www.europesays.com\/fr\/wp-json\/wp\/v2\/media?parent=381460"}],"wp:term":[{"taxonomy":"category","embeddable":true,"href":"https:\/\/www.europesays.com\/fr\/wp-json\/wp\/v2\/categories?post=381460"},{"taxonomy":"post_tag","embeddable":true,"href":"https:\/\/www.europesays.com\/fr\/wp-json\/wp\/v2\/tags?post=381460"}],"curies":[{"name":"wp","href":"https:\/\/api.w.org\/{rel}","templated":true}]}}