{"id":381462,"date":"2025-09-11T00:05:12","date_gmt":"2025-09-11T00:05:12","guid":{"rendered":"https:\/\/www.europesays.com\/fr\/381462\/"},"modified":"2025-09-11T00:05:12","modified_gmt":"2025-09-11T00:05:12","slug":"je-suis-tres-fier-de-voir-ce-petit-garcon-en-bonne-sante","status":"publish","type":"post","link":"https:\/\/www.europesays.com\/fr\/381462\/","title":{"rendered":"Je suis tr\u00e8s fier de voir ce petit gar\u00e7on en bonne sant\u00e9"},"content":{"rendered":"<p class=\"mb-4 text-lg md:leading-8 break-words\">Kendji Girac a pris la parole dans le documentaire \u00ab\u00a0J\u2019ai pas les mots\u00a0\u00bb diffus\u00e9 mardi 9 septembre 2025 sur France 2. Pour cette occasion sp\u00e9ciale, c\u2019est \u00e0 \u00ab\u00a0T\u00e9l\u00e9-Loisirs\u00a0\u00bb que le chanteur a accept\u00e9 de faire quelques confidences. Papa de deux enfants et compagnon de Soraya, Kendji Girac est un homme \u00e9panoui qui s&rsquo;est livr\u00e9 sur son bonheur au quotidien.<\/p>\n<p class=\"mb-4 text-lg md:leading-8 break-words\">Le documentaire intitul\u00e9 <a href=\"https:\/\/www.france.tv\/societe\/magazine-d-actualites\/7450634-emission-du-mardi-9-septembre-2025.html\" rel=\"nofollow noopener\" target=\"_blank\" data-ylk=\"slk:J\u2019ai pas les mots;elm:context_link;itc:0;sec:content-canvas\" class=\"link \">J\u2019ai pas les mots<\/a> \u00e9tait propos\u00e9 aux t\u00e9l\u00e9spectateurs de France 2 mardi 9 septembre 2025.<strong> Dans celui-ci,<\/strong><a href=\"https:\/\/www.purepeople.com\/people\/kendji-girac_p542210\" rel=\"nofollow noopener\" target=\"_blank\" data-ylk=\"slk:Kendji Girac;elm:context_link;itc:0;sec:content-canvas\" class=\"link \"><strong> Kendji Girac<\/strong><\/a><strong> s\u2019est livr\u00e9 concernant son combat pour vaincre ses difficult\u00e9s en lecture et en \u00e9criture.<\/strong> Il a \u00e9galement mentionn\u00e9 sa maman qui, comme l\u2019a indiqu\u00e9 le jeune homme, estime qu\u2019il est <a href=\"https:\/\/fr.news.yahoo.com\/dit-qu-%C3%A0-%C3%A2ge-tard-195800634.html\" data-ylk=\"slk:d\u00e9sormais trop tard pour qu\u2019elle puisse apprendre;elm:context_link;itc:0;sec:content-canvas;outcm:mb_qualified_link;_E:mb_qualified_link;ct:story;\" class=\"link  yahoo-link\" target=\"_blank\" rel=\"noopener\">d\u00e9sormais trop tard pour qu\u2019elle puisse apprendre<\/a>. Pour cette occasion sp\u00e9ciale, c\u2019est \u00e0 <a href=\"https:\/\/www.programme-tv.net\/news\/musique\/386540-exclu-une-famille-pleine-de-bonheur-kendji-girac-se-confie-sur-son-quotidien-avec-sa-femme-et-ses-enfants\/\" rel=\"nofollow noopener\" target=\"_blank\" data-ylk=\"slk:T\u00e9l\u00e9-Loisirs;elm:context_link;itc:0;sec:content-canvas\" class=\"link \">T\u00e9l\u00e9-Loisirs<\/a> que Kendji Girac a accept\u00e9 de faire quelques confidences et il n&rsquo;a pas h\u00e9sit\u00e9 \u00e0 aborder sa vie de famille. En janvier 2021, le chanteur et sa compagne, Soraya Miranda, sont devenus parents d\u2019une petite fille pr\u00e9nomm\u00e9e Eva Alba.\u00a0<\/p>\n<p>Depuis, le clan s&rsquo;est agrandi ! En mai dernier, Kendji Girac a annonc\u00e9<a href=\"https:\/\/fr.news.yahoo.com\/kendji-girac-papa-2e-fois-070400955.html\" data-ylk=\"slk:la naissance de son second enfant;elm:context_link;itc:0;sec:content-canvas;outcm:mb_qualified_link;_E:mb_qualified_link;ct:story;\" class=\"link  yahoo-link\" target=\"_blank\" rel=\"noopener\"> la naissance de son second enfant<\/a>, un gar\u00e7on dont le pr\u00e9nom n\u2019a pas \u00e9t\u00e9 d\u00e9voil\u00e9. Papa tr\u00e8s heureux et homme combl\u00e9, le chanteur d\u00e9clare tout d\u2019abord :<strong> \u00ab\u00a0Je suis un papa tout plein d&rsquo;amour, tout \u00e9merveill\u00e9. Je suis tr\u00e8s fier de voir ce petit gar\u00e7on en bonne sant\u00e9. Nous formons une famille pleine de bonheur.\u00a0\u00bb<\/strong> Une situation qui le ravit mais qui lui permet \u00e9galement d\u2019oublier les probl\u00e8mes auxquels il a d\u00fb faire face en 2024. L\u2019ann\u00e9e a \u00e9t\u00e9 particuli\u00e8rement compliqu\u00e9e pour toute la famille notamment suite \u00e0 l\u2019accident qui a failli co\u00fbter la vie du chanteur. D\u00e9sormais entour\u00e9 de son fils, sa fille et leur m\u00e8re, Kendji Girac pr\u00e9f\u00e8re oublier le reste. \u00ab\u00a0Je ne peux pas r\u00eaver mieux !\u00a0\u00bb, a-t-il affirm\u00e9.<\/p>\n<p class=\"mb-4 text-lg md:leading-8 break-words\">Kendji Girac t\u00e9moigne sur l&rsquo;illettrisme dans J&rsquo;ai pas les mots<\/p>\n<p class=\"mb-4 text-lg md:leading-8 break-words\">Kendji Girac a fait le choix de se d\u00e9voiler compl\u00e8tement. Pour lui, participer \u00e0 ce documentaire \u00e9tait tr\u00e8s important et il ne voulait pas faire les choses \u00e0 moiti\u00e9. Dans l\u2019\u00e9mission, les t\u00e9l\u00e9spectateurs ont d\u00e9couvert sept participants, confront\u00e9s \u00e0 l&rsquo;illettrisme et qui ont suivi un programme intensif de 8 semaines entre ateliers pratiques et cours th\u00e9oriques. Ils ont aussi pu s\u2019entretenir avec <a href=\"https:\/\/fr.news.yahoo.com\/n-important-kendji-girac-fait-164700772.html\" data-ylk=\"slk:le chanteur qui a \u00e9voqu\u00e9 son propre combat.;elm:context_link;itc:0;sec:content-canvas;outcm:mb_qualified_link;_E:mb_qualified_link;ct:story;\" class=\"link  yahoo-link\" target=\"_blank\" rel=\"noopener\">le chanteur qui a \u00e9voqu\u00e9 son propre combat.<\/a> <strong>Revenant tout d\u2019abord sur sa vie de gitan, il a expliqu\u00e9 avoir beaucoup loup\u00e9 l\u2019\u00e9cole. <\/strong>\u00c9tant en retard, il n\u2019arrivait pas \u00e0 suivre les cours et se sentait tr\u00e8s mal aux c\u00f4t\u00e9s de ses camarades. \u201cJ&rsquo;ai commenc\u00e9 \u00e0 ressentir ce sentiment de honte, la peur qu&rsquo;on me d\u00e9voile. &lsquo;Ah il ne sait pas lire ! Il ne sait pas \u00e9crire !&rsquo; C&rsquo;est l\u00e0 que j&rsquo;ai pris la d\u00e9cision de quitter l&rsquo;\u00e9cole parce que je ne me sentais pas bien\u00a0\u00bb, a-t-il fait savoir.<\/p>\n<p>Rencontrer des difficult\u00e9s \u00e9tait compliqu\u00e9 pour Kendji Girac. Pour cela, il a fait le choix d\u2019arr\u00eater l\u2019\u00e9cole et, pendant un long moment, il essayait d\u2019\u00e9viter tout ce qui touche \u00e0 la paperasse. Une p\u00e9riode qu\u2019il souhaite d\u00e9sormais laisser derri\u00e8re lui, rappelant l\u2019importance de prendre son temps dans l\u2019apprentissage. <strong>\u201cAujourd&rsquo;hui, j&rsquo;ai beaucoup moins peur de remplir un papier. \u00c7a commence m\u00eame \u00e0 devenir un plaisir, une sorte de petit challenge que j&rsquo;aime bien\u00a0\u00bb,<\/strong> a assur\u00e9 le chanteur. Papa de deux enfants, Kendji Girac ne souhaite pas que son fils et sa fille soient confront\u00e9s aux probl\u00e8mes qu\u2019il a pu rencontrer. Pour cela, il leur lit des histoires au quotidien et fait en sorte que, d\u00e8s leur arriv\u00e9e dans les classes sup\u00e9rieures, Eva Alba et son fr\u00e8re sachent lire et \u00e9crire.<\/p>\n<p class=\"mb-4 text-lg md:leading-8 break-words\"><a href=\"https:\/\/www.purepeople.com\/article\/kendji-girac-comble-aupres-de-soraya-et-leurs-deux-jeunes-enfants-je-suis-tres-fier-de-voir-ce-petit-garcon-en-bonne-sante_a542351\/1\" rel=\"nofollow noopener\" target=\"_blank\" data-ylk=\"slk:Article original sur Purepeople;elm:context_link;itc:0;sec:content-canvas\" class=\"link \">Article original sur Purepeople<\/a><\/p>\n","protected":false},"excerpt":{"rendered":"Kendji Girac a pris la parole dans le documentaire \u00ab\u00a0J\u2019ai pas les mots\u00a0\u00bb diffus\u00e9 mardi 9 septembre 2025&hellip;\n","protected":false},"author":2,"featured_media":381463,"comment_status":"","ping_status":"","sticky":false,"template":"","format":"standard","meta":{"footnotes":""},"categories":[1355],"tags":[58,59,1011,27,7780,4006,1361,873,51461,35039],"class_list":{"0":"post-381462","1":"post","2":"type-post","3":"status-publish","4":"format-standard","5":"has-post-thumbnail","7":"category-musique","8":"tag-divertissement","9":"tag-entertainment","10":"tag-fr","11":"tag-france","12":"tag-kendji-girac","13":"tag-le-chanteur","14":"tag-music","15":"tag-musique","16":"tag-soraya-miranda","17":"tag-vie-de-famille"},"share_on_mastodon":{"url":"https:\/\/pubeurope.com\/@fr\/115182746097933505","error":""},"_links":{"self":[{"href":"https:\/\/www.europesays.com\/fr\/wp-json\/wp\/v2\/posts\/381462","targetHints":{"allow":["GET"]}}],"collection":[{"href":"https:\/\/www.europesays.com\/fr\/wp-json\/wp\/v2\/posts"}],"about":[{"href":"https:\/\/www.europesays.com\/fr\/wp-json\/wp\/v2\/types\/post"}],"author":[{"embeddable":true,"href":"https:\/\/www.europesays.com\/fr\/wp-json\/wp\/v2\/users\/2"}],"replies":[{"embeddable":true,"href":"https:\/\/www.europesays.com\/fr\/wp-json\/wp\/v2\/comments?post=381462"}],"version-history":[{"count":0,"href":"https:\/\/www.europesays.com\/fr\/wp-json\/wp\/v2\/posts\/381462\/revisions"}],"wp:featuredmedia":[{"embeddable":true,"href":"https:\/\/www.europesays.com\/fr\/wp-json\/wp\/v2\/media\/381463"}],"wp:attachment":[{"href":"https:\/\/www.europesays.com\/fr\/wp-json\/wp\/v2\/media?parent=381462"}],"wp:term":[{"taxonomy":"category","embeddable":true,"href":"https:\/\/www.europesays.com\/fr\/wp-json\/wp\/v2\/categories?post=381462"},{"taxonomy":"post_tag","embeddable":true,"href":"https:\/\/www.europesays.com\/fr\/wp-json\/wp\/v2\/tags?post=381462"}],"curies":[{"name":"wp","href":"https:\/\/api.w.org\/{rel}","templated":true}]}}