{"id":381464,"date":"2025-09-11T00:06:26","date_gmt":"2025-09-11T00:06:26","guid":{"rendered":"https:\/\/www.europesays.com\/fr\/381464\/"},"modified":"2025-09-11T00:06:26","modified_gmt":"2025-09-11T00:06:26","slug":"voici-les-premieres-images-du-documentaire-qui-a-tue-les-expos-de-montreal","status":"publish","type":"post","link":"https:\/\/www.europesays.com\/fr\/381464\/","title":{"rendered":"Voici les premi\u00e8res images du documentaire \u00abQui a tu\u00e9 les Expos de Montr\u00e9al?\u00bb"},"content":{"rendered":"<p><strong>Netflix a d\u00e9voil\u00e9 mercredi les premi\u00e8res images du documentaire <\/strong><strong>Qui a tu\u00e9 les Expos de Montr\u00e9al?<\/strong><strong>, qui sortira sur la plateforme le 21 octobre prochain apr\u00e8s avoir \u00e9t\u00e9 pr\u00e9sent\u00e9 en grande premi\u00e8re au Festival du nouveau cin\u00e9ma (FNC) le 9 octobre.<\/strong><\/p>\n<p>R\u00e9alis\u00e9 par Jean-Fran\u00e7ois Poisson (35 jours de noirceur, L\u2019ordre du Temple Solaire), le film est d\u00e9crit comme une lettre d\u2019amour \u00e0 Montr\u00e9al, premi\u00e8re ville canadienne \u00e0 avoir accueilli une \u00e9quipe de baseball des ligues majeures, en 1969.<\/p>\n<p class=\"toreadalso-fromEMP\"><strong>\u2022 \u00c0 lire aussi: <\/strong><a href=\"https:\/\/www.lesacdechips.com\/2024\/11\/27\/guy-laliberte-possede-le-dernier-hot-dog-vendu-a-un-match-des-expos-au-stade-olympique\" target=\"6bb4068c-bb1f-4400-b357-4add344c9632\" rel=\"nofollow noopener\"><strong>Guy Lalibert\u00e9 poss\u00e8de le dernier hot-dog vendu \u00e0 un match des Expos au Stade olympique<\/strong><\/a><\/p>\n<p>\t<a data-fancybox=\"photo\" data-type=\"image\" href=\"https:\/\/www.europesays.com\/fr\/wp-content\/uploads\/2025\/09\/Qui_a_tue_les_Expos_de_Montreal_00_29_13_13fcc2b5b2-03f0-4437-b667-240175a46cc9_ORIGINAL.jpg\"><\/p>\n<p>            <img decoding=\"async\" class=\"lazyload\" src=\"https:\/\/www.europesays.com\/fr\/wp-content\/uploads\/2025\/09\/Qui_a_tue_les_Expos_de_Montreal_00_29_13_13fcc2b5b2-03f0-4437-b667-240175a46cc9_ORIGINAL.jpg\" alt=\"\"\/><\/p>\n<p>\t<\/a><\/p>\n<p class=\"photo-credit\">Courtesy of Netflix<\/p>\n<p>Comme son titre le sugg\u00e8re, Qui a tu\u00e9 les Expos de Montr\u00e9al? prendra la forme d\u2019une enqu\u00eate ponctu\u00e9e d\u2019images d\u2019archives avec des personnalit\u00e9s qui ont marqu\u00e9 l\u2019histoire de la mythique \u00e9quipe montr\u00e9alaise qui a disput\u00e9 son dernier match le 29 septembre 2004 au Stade olympique.<\/p>\n<p>\t<a data-fancybox=\"photo\" data-type=\"image\" href=\"https:\/\/www.europesays.com\/fr\/wp-content\/uploads\/2025\/09\/Qui_a_tue_les_Expos_de_Montreal_00_00_22_047ee0343d-7f54-4034-91d5-3a31986391c4_ORIGINAL.jpg\"><\/p>\n<p>            <img decoding=\"async\" class=\"lazyload\" src=\"https:\/\/www.europesays.com\/fr\/wp-content\/uploads\/2025\/09\/Qui_a_tue_les_Expos_de_Montreal_00_00_22_047ee0343d-7f54-4034-91d5-3a31986391c4_ORIGINAL.jpg\" alt=\"\"\/><\/p>\n<p>\t<\/a><\/p>\n<p class=\"photo-credit\">Courtesy of Netflix<\/p>\n<p>Felipe Alou, Vladimir Guerrero, Pedro Martinez, Larry Walker, Claude Brochu, Chantal Machab\u00e9e et Rodger Brulotte ont notamment particip\u00e9 au documentaire.<\/p>\n<p><a href=\"https:\/\/www.lesacdechips.com\/2024\/03\/14\/abonnez-vous-a-linfolettre-du-sac-de-chips-la-meilleure-au-quebec\" target=\"_blank\" rel=\"nofollow noopener\"><br \/>\n    <img decoding=\"async\" src=\"https:\/\/www.europesays.com\/fr\/wp-content\/uploads\/2025\/04\/a0726ac5-71aa-4446-8497-d98287deea9c_bloc_sdc.jpg\" class=\"logoJe\"\/><br \/>\n<\/a><\/p>\n<p>\t<a data-fancybox=\"photo\" data-type=\"image\" href=\"https:\/\/www.europesays.com\/fr\/wp-content\/uploads\/2025\/09\/Qui_a_tue_les_Expos_de_Montreal_00_40_59_0609613775-ca7d-4df0-ab52-95dc8b44642b_ORIGINAL.jpg\"><\/p>\n<p>            <img decoding=\"async\" class=\"lazyload\" src=\"https:\/\/www.europesays.com\/fr\/wp-content\/uploads\/2025\/09\/Qui_a_tue_les_Expos_de_Montreal_00_40_59_0609613775-ca7d-4df0-ab52-95dc8b44642b_ORIGINAL.jpg\" alt=\"\"\/><\/p>\n<p>\t<\/a><\/p>\n<p class=\"photo-credit\">Courtesy of Netflix<\/p>\n<p>Con\u00e7u \u00e0 la fois comme un drame sportif et un polar, le film tentera aussi de lever le voile sur le myst\u00e8re persistant entourant la fin des Expos.<\/p>\n<p class=\"toreadalso-fromEMP\"><strong>\u2022 \u00c0 lire aussi: <\/strong><a href=\"https:\/\/www.lesacdechips.com\/2022\/06\/22\/voici-de-quoi-avaient-lair-20-des-sites-internet-les-plus-connus-des-quebecois-il-y-a-20-ans\" target=\"9b5af4f3-b244-4eef-b539-db68590f3aac\" rel=\"nofollow noopener\"><strong>Voici de quoi avaient l\u2019air 20 des sites internet les plus connus des Qu\u00e9b\u00e9cois il y a 20 ans<\/strong><\/a><\/p>\n<p>\t<a data-fancybox=\"photo\" data-type=\"image\" href=\"https:\/\/www.europesays.com\/fr\/wp-content\/uploads\/2025\/09\/Qui_a_tue_les_Expos_de_Montreal_00_01_05_1237fcffdb-da4e-4da2-b7ce-edb604f2072d_ORIGINAL.jpg\"><\/p>\n<p>            <img decoding=\"async\" class=\"lazyload\" src=\"https:\/\/www.europesays.com\/fr\/wp-content\/uploads\/2025\/09\/Qui_a_tue_les_Expos_de_Montreal_00_01_05_1237fcffdb-da4e-4da2-b7ce-edb604f2072d_ORIGINAL.jpg\" alt=\"\"\/><\/p>\n<p>\t<\/a><\/p>\n<p class=\"photo-credit\">Courtesy of Netflix<\/p>\n<p>Qui a tu\u00e9 les Expos de Montr\u00e9al? sera pr\u00e9sent\u00e9 en grande premi\u00e8re au Festival du nouveau cin\u00e9ma, \u00e0 Montr\u00e9al, le 9 octobre prochain. Le film sera disponible sur Netflix d\u00e8s le 21 octobre 2025.<\/p>\n","protected":false},"excerpt":{"rendered":"Netflix a d\u00e9voil\u00e9 mercredi les premi\u00e8res images du documentaire Qui a tu\u00e9 les Expos de Montr\u00e9al?, qui sortira&hellip;\n","protected":false},"author":2,"featured_media":381465,"comment_status":"","ping_status":"","sticky":false,"template":"","format":"standard","meta":{"footnotes":""},"categories":[1354],"tags":[58,59,1346,1011,27,1360],"class_list":{"0":"post-381464","1":"post","2":"type-post","3":"status-publish","4":"format-standard","5":"has-post-thumbnail","7":"category-films","8":"tag-divertissement","9":"tag-entertainment","10":"tag-films","11":"tag-fr","12":"tag-france","13":"tag-movies"},"share_on_mastodon":{"url":"https:\/\/pubeurope.com\/@fr\/115182750801497258","error":""},"_links":{"self":[{"href":"https:\/\/www.europesays.com\/fr\/wp-json\/wp\/v2\/posts\/381464","targetHints":{"allow":["GET"]}}],"collection":[{"href":"https:\/\/www.europesays.com\/fr\/wp-json\/wp\/v2\/posts"}],"about":[{"href":"https:\/\/www.europesays.com\/fr\/wp-json\/wp\/v2\/types\/post"}],"author":[{"embeddable":true,"href":"https:\/\/www.europesays.com\/fr\/wp-json\/wp\/v2\/users\/2"}],"replies":[{"embeddable":true,"href":"https:\/\/www.europesays.com\/fr\/wp-json\/wp\/v2\/comments?post=381464"}],"version-history":[{"count":0,"href":"https:\/\/www.europesays.com\/fr\/wp-json\/wp\/v2\/posts\/381464\/revisions"}],"wp:featuredmedia":[{"embeddable":true,"href":"https:\/\/www.europesays.com\/fr\/wp-json\/wp\/v2\/media\/381465"}],"wp:attachment":[{"href":"https:\/\/www.europesays.com\/fr\/wp-json\/wp\/v2\/media?parent=381464"}],"wp:term":[{"taxonomy":"category","embeddable":true,"href":"https:\/\/www.europesays.com\/fr\/wp-json\/wp\/v2\/categories?post=381464"},{"taxonomy":"post_tag","embeddable":true,"href":"https:\/\/www.europesays.com\/fr\/wp-json\/wp\/v2\/tags?post=381464"}],"curies":[{"name":"wp","href":"https:\/\/api.w.org\/{rel}","templated":true}]}}