{"id":381470,"date":"2025-09-11T00:09:20","date_gmt":"2025-09-11T00:09:20","guid":{"rendered":"https:\/\/www.europesays.com\/fr\/381470\/"},"modified":"2025-09-11T00:09:20","modified_gmt":"2025-09-11T00:09:20","slug":"mercotte-les-veritables-raisons-derriere-son-depart-du-meilleur-patissier","status":"publish","type":"post","link":"https:\/\/www.europesays.com\/fr\/381470\/","title":{"rendered":"Mercotte : les v\u00e9ritables raisons derri\u00e8re son d\u00e9part du \u00ab\u00a0Meilleur P\u00e2tissier\u00a0\u00bb"},"content":{"rendered":"<p>Elle va ouvrir sa derni\u00e8re saison. Ce mercredi 10 septembre 2025, M6 lance la quatorzi\u00e8me saison du <strong>Meilleur P\u00e2tissier<\/strong>. Une nouvelle \u00e9dition qui promet son lot d\u2019\u00e9motions, \u00e9tant donn\u00e9 que <a href=\"https:\/\/www.public.fr\/tag\/mercotte\" target=\"_blank\" rel=\"noopener\">Mercotte<\/a> jugera les candidats pour la derni\u00e8re fois.<\/p>\n<p>En effet, le 19 ao\u00fbt dernier, la blogueuse culinaire annon\u00e7ait la nouvelle que personne n\u2019attendait. \u00ab\u00a0Je pense qu\u2019il faut savoir s\u2019arr\u00eater \u00e0 temps. Je m\u2019amuse beaucoup durant le tournage, je suis vraiment ravie et heureuse mais, v<strong>u mon \u00e2ge avanc\u00e9, je pense que c\u2019est une question d\u2019\u00e9thique. J\u2019ai d\u00e9cid\u00e9 d\u2019arr\u00eater par d\u00e9cence<\/strong>, on va dire\u00a0\u00bb, a-t-elle pr\u00e9venu dans une interview pour Le Figaro.\u00a0<\/p>\n<p>Mercotte donne les raisons de son d\u00e9part<\/p>\n<p>Si Mercotte <a href=\"https:\/\/www.public.fr\/mercotte-lacolyte-de-cyril-lignac-officialise-leur-rupture-il-faut-savoir-sarreter-a-temps\" target=\"_blank\" rel=\"noopener\">officialisait son d\u00e9part <\/a>du <strong>Meilleur P\u00e2tissier<\/strong>, elle n\u2019en donnait pas r\u00e9ellement la raison. Ce mercredi 10 septembre 2025, alors qu\u2019elle s\u2019appr\u00eate \u00e0 lancer la quatorzi\u00e8me et derni\u00e8re saison dans laquelle elle appara\u00eet, elle r\u00e9v\u00e8le que son \u00e2ge l\u2019aurait d\u00e9cid\u00e9e \u00e0 tout arr\u00eater dans une interview <a href=\"https:\/\/www.sudinfo.be\/id1038672\/article\/2025-09-10\/je-me-suis-vue-en-gros-plan-mercotte-devoile-les-vraies-raisons-de-son-depart-du\" target=\"_blank\" rel=\"noopener\">pour Cin\u00e9 T\u00e9l\u00e9 Revue.<\/a><\/p>\n<p>\u00ab\u00a0Je ne suis <strong>pas du tout lass\u00e9e de l\u2019\u00e9mission<\/strong>, loin de l\u00e0\u00a0!\u00a0\u00bb, promet-elle avant d\u2019assurer qu\u2019elle ne se sent \u00ab\u00a0pas fatigu\u00e9e\u00a0\u00bb non plus, \u00ab\u00a0contrairement \u00e0 ce que certains pensent\u00a0\u00bb. \u00ab\u00a0Pour moi, c\u2019est une vraie colonie de vacances, je m\u2019y amuse beaucoup\u00a0\u00bb, assure une nouvelle fois l\u2019acolyte de <a href=\"https:\/\/vsd.fr\/tag\/cyril-lignac\/\" target=\"_blank\" rel=\"noopener\">Cyril Lignac<\/a>.<\/p>\n<p><strong>\u00ab\u00a0Mais c\u2019est une question de d\u00e9cence\u00a0\u00bb<\/strong>, ajoute-t-elle pour expliquer son choix et apporter des informations suppl\u00e9mentaires : \u00ab\u00a0J\u2019ai 83 ans et je pense qu\u2019il faut savoir s\u2019arr\u00eater \u00e0 temps et <strong>laisser la place aux autres\u00a0\u00bb.<\/strong><\/p>\n<p>Elle avait annonce son choix aux \u00e9quipes du \u00ab\u00a0Meilleur P\u00e2tissier\u00a0\u00bb en d\u00e9cembre dernier<\/p>\n<p>Mais pourquoi n\u2019a-t-elle pas attendu le cap symbolique des quinze saisons ? La principale int\u00e9ress\u00e9e avoue ne pas y avoir r\u00e9fl\u00e9chi. Et pourtant, Cyril Lignac lui a \u00e9galement pos\u00e9 la question. \u00ab\u00a0Je ne pars pas sur un chiffre de rond, mais ce n\u2019est pas tr\u00e8s grave\u2026\u00a0\u00bb, admet-elle.\u00a0<\/p>\n<p>Si Mercotte a officialis\u00e9 son d\u00e9part en ao\u00fbt dernier, les \u00e9quipes du <strong>Meilleur P\u00e2tissier<\/strong> sont pourtant au courant de la nouvelle depuis d\u00e9cembre 2024 \u00e0 en croire les r\u00e9v\u00e9lations de la principale int\u00e9ress\u00e9e.\u00a0<\/p>\n<p>\u00ab\u00a0En d\u00e9cembre, j\u2019ai particip\u00e9 \u00e0 un \u00e9pisode de \u2018Tous en cuisine\u2019. J\u2019ai profit\u00e9 de ce moment pour annoncer la nouvelle \u00e0 Cyril et \u00e0 la production. C\u2019\u00e9tait la moindre des choses de les pr\u00e9venir pour qu\u2019ils puissent commencer \u00e0 r\u00e9fl\u00e9chir \u00e0 la suite. Apr\u00e8s le tournage, on s\u2019est r\u00e9uni dans l\u2019un des restaurants de Cyril. J\u2019ai l\u2019impression que les femmes ont mieux compris mes raisons que les hommes\u00a0\u00bb, a expliqu\u00e9 celle qui va laisser un grand vide dans l\u2019\u00e9mission pr\u00e9sent\u00e9e par <a href=\"https:\/\/www.public.fr\/tag\/laetitia-milot\" target=\"_blank\" rel=\"noopener\">La\u00ebtitia Milot<\/a>.<\/p>\n<p>      Mentionn\u00e9s dans cet article<\/p>\n<p>      Sur le m\u00eame sujet<\/p>\n","protected":false},"excerpt":{"rendered":"Elle va ouvrir sa derni\u00e8re saison. Ce mercredi 10 septembre 2025, M6 lance la quatorzi\u00e8me saison du Meilleur&hellip;\n","protected":false},"author":2,"featured_media":381471,"comment_status":"","ping_status":"","sticky":false,"template":"","format":"standard","meta":{"footnotes":""},"categories":[8],"tags":[46556,58,59,1011,27,10839,38532,494,46555],"class_list":{"0":"post-381470","1":"post","2":"type-post","3":"status-publish","4":"format-standard","5":"has-post-thumbnail","7":"category-divertissement","8":"tag-cyril-lignac","9":"tag-divertissement","10":"tag-entertainment","11":"tag-fr","12":"tag-france","13":"tag-laetitia-milot","14":"tag-le-meilleur-patissier","15":"tag-m6","16":"tag-mercotte"},"share_on_mastodon":{"url":"https:\/\/pubeurope.com\/@fr\/115182761722030289","error":""},"_links":{"self":[{"href":"https:\/\/www.europesays.com\/fr\/wp-json\/wp\/v2\/posts\/381470","targetHints":{"allow":["GET"]}}],"collection":[{"href":"https:\/\/www.europesays.com\/fr\/wp-json\/wp\/v2\/posts"}],"about":[{"href":"https:\/\/www.europesays.com\/fr\/wp-json\/wp\/v2\/types\/post"}],"author":[{"embeddable":true,"href":"https:\/\/www.europesays.com\/fr\/wp-json\/wp\/v2\/users\/2"}],"replies":[{"embeddable":true,"href":"https:\/\/www.europesays.com\/fr\/wp-json\/wp\/v2\/comments?post=381470"}],"version-history":[{"count":0,"href":"https:\/\/www.europesays.com\/fr\/wp-json\/wp\/v2\/posts\/381470\/revisions"}],"wp:featuredmedia":[{"embeddable":true,"href":"https:\/\/www.europesays.com\/fr\/wp-json\/wp\/v2\/media\/381471"}],"wp:attachment":[{"href":"https:\/\/www.europesays.com\/fr\/wp-json\/wp\/v2\/media?parent=381470"}],"wp:term":[{"taxonomy":"category","embeddable":true,"href":"https:\/\/www.europesays.com\/fr\/wp-json\/wp\/v2\/categories?post=381470"},{"taxonomy":"post_tag","embeddable":true,"href":"https:\/\/www.europesays.com\/fr\/wp-json\/wp\/v2\/tags?post=381470"}],"curies":[{"name":"wp","href":"https:\/\/api.w.org\/{rel}","templated":true}]}}