{"id":381474,"date":"2025-09-11T00:11:11","date_gmt":"2025-09-11T00:11:11","guid":{"rendered":"https:\/\/www.europesays.com\/fr\/381474\/"},"modified":"2025-09-11T00:11:11","modified_gmt":"2025-09-11T00:11:11","slug":"mbda-devoile-les-successeurs-des-missiles-exocet-et-scalp-storm-shadow-zone-militaire","status":"publish","type":"post","link":"https:\/\/www.europesays.com\/fr\/381474\/","title":{"rendered":"MBDA d\u00e9voile les successeurs des missiles Exocet et SCALP\/Storm Shadow &#8211; Zone Militaire"},"content":{"rendered":"<ol>\n<li><a href=\"https:\/\/news.google.com\/rss\/articles\/CBMiqgFBVV95cUxOWXd2aW1PdEZjZ0V6MUFObXRBV083aTJscTQ3bnE2MjV5a005NTMxbUdjSko3a3MzMk5TOTU3TnFnQmpuMFVPTVctZVNPZ3dmZDFraEZ2RkVRX3ZGVmp0RGRkZXFlWWRfY2xOamlFdzNmcTFCNHRCOGFqLWhRcGtLN2hwYUlYXzlpRlJHc0p4ZGdJWHlqT0JVN0VCeXhDdWZrWWtWLThBTTdRQQ?oc=5\" target=\"_blank\" rel=\"nofollow noopener\">MBDA d\u00e9voile les successeurs des missiles Exocet et SCALP\/Storm Shadow<\/a>&nbsp;&nbsp;Zone Militaire<\/li>\n<li><a href=\"https:\/\/news.google.com\/rss\/articles\/CBMirwFBVV95cUxPMjZMMFhvZmNTRUw3TnNHLXFuWHpMODR0Y1FOSEg3ME5RUnJIdkNwTUNDUFZsQWlseEttNEhxQzY5WFNHWFBpLUxjVmxlN0N1YWFLOU9EZFF1Z1JzMmp2TUg5d05FV1dJd1lEYjRDYkJvZkJrS3dycXZ4Sl9oVDhHTkZnUENldzhERGRTRVNPaDd2OGk3Q3BHMUNHSThIbldpRHJzTDJRTVh3NVpOWV9z?oc=5\" target=\"_blank\" rel=\"nofollow noopener\">Crossbow, gros plan sur le nouveau missile low-cost de MBDA<\/a>&nbsp;&nbsp;Challenges<\/li>\n<li><a href=\"https:\/\/news.google.com\/rss\/articles\/CBMifEFVX3lxTE11R0Fpa0tKeEZmdS1LUXMzM1ZwbzRMMkVUemV3Z2RwaXB1aHFLdnk1cTR5WkRZNVhrd3ZhanByMC1YN2NQak45VGlsTE9GZ0xLTk1hLVdVN0M0TGhNS2lNQmtGTURWWHhGUzFzR3ZtVEdEMjFPVGFfVmk0VmXSAYIBQVVfeXFMUFREMGRoYlNzSnlxQWE3Ry1JSUhieEc4RmIxRmVaMU50Y3g0T0oydFZMN2p3M0hfak5JcGRqWDVHX1ZVOVZOOEF5UVVUUlVsczBIbzBkTF9TQlJMbjgwQ09zRV8xa1l5ZVpHY3NSbF84azlfa19fNktTdmJtcTd5VGdNdw?oc=5\" target=\"_blank\" rel=\"nofollow noopener\">Un nouveau venu dans la famille Akeron<\/a>&nbsp;&nbsp;Forces Operations Blog<\/li>\n<li><a href=\"https:\/\/news.google.com\/rss\/articles\/CBMicEFVX3lxTE9XMzRfSmdxV1N3cm4wWlNZQnRvS1pmV0xYUHgwMThzQ2NnNUNnekJibXA4eFc0NEV5aml5Qmx6Zkx0ejNoTENXNFhIOTVGWmVQLWZEd3NQanJvOEZqM1UyX1dGTkFXU2JxYlNKYjFNekY?oc=5\" target=\"_blank\" rel=\"nofollow noopener\">DSEI 2025 : MBDA d\u00e9voile Crossbow et ses nouvelles armes<\/a>&nbsp;&nbsp;OpexNews<\/li>\n<li><a href=\"https:\/\/news.google.com\/rss\/articles\/CBMijgFBVV95cUxPY1p1WG5WWlpoWWVOOXd4d2JlY3dGQ2lzTU5oWDlLNG1xQVdlVHRlNzhwTjFtNk5LZVVWUkNUbmFPRGRWSVNuVnFGTGlUSW54eUI5TGcwMnRWX3dDdVptUEk2WDJaRU1TaTJsUG1vZVBSeTBpRDRZLWxLR1J5ZGRmMTVhX0VCN2Vfb1h0ZVB3?oc=5\" target=\"_blank\" rel=\"nofollow noopener\">MBDA d\u00e9voile STRATUS pour les futures capacit\u00e9s de croisi\u00e8re<\/a>&nbsp;&nbsp;AeroMorning.com<\/li>\n<\/ol>\n","protected":false},"excerpt":{"rendered":"MBDA d\u00e9voile les successeurs des missiles Exocet et SCALP\/Storm Shadow&nbsp;&nbsp;Zone Militaire Crossbow, gros plan sur le nouveau missile&hellip;\n","protected":false},"author":2,"featured_media":381475,"comment_status":"","ping_status":"","sticky":false,"template":"","format":"standard","meta":{"footnotes":""},"categories":[6],"tags":[35,33,34,51462,51463,1011,27,51464,51465,452,50097,51466,473,51467,51468,51469,51470,51471],"class_list":{"0":"post-381474","1":"post","2":"type-post","3":"status-publish","4":"format-standard","5":"has-post-thumbnail","7":"category-economie","8":"tag-business","9":"tag-economie","10":"tag-economy","11":"tag-exocet","12":"tag-fman-fmc","13":"tag-fr","14":"tag-france","15":"tag-futur-missile-antinavire","16":"tag-futur-missile-de-croisiere","17":"tag-italie","18":"tag-mbda","19":"tag-rj10","20":"tag-royaume-uni","21":"tag-scalp","22":"tag-status-rs","23":"tag-storm-shadow","24":"tag-stratus-lo","25":"tag-tp15"},"share_on_mastodon":{"url":"https:\/\/pubeurope.com\/@fr\/115182769541074408","error":""},"_links":{"self":[{"href":"https:\/\/www.europesays.com\/fr\/wp-json\/wp\/v2\/posts\/381474","targetHints":{"allow":["GET"]}}],"collection":[{"href":"https:\/\/www.europesays.com\/fr\/wp-json\/wp\/v2\/posts"}],"about":[{"href":"https:\/\/www.europesays.com\/fr\/wp-json\/wp\/v2\/types\/post"}],"author":[{"embeddable":true,"href":"https:\/\/www.europesays.com\/fr\/wp-json\/wp\/v2\/users\/2"}],"replies":[{"embeddable":true,"href":"https:\/\/www.europesays.com\/fr\/wp-json\/wp\/v2\/comments?post=381474"}],"version-history":[{"count":0,"href":"https:\/\/www.europesays.com\/fr\/wp-json\/wp\/v2\/posts\/381474\/revisions"}],"wp:featuredmedia":[{"embeddable":true,"href":"https:\/\/www.europesays.com\/fr\/wp-json\/wp\/v2\/media\/381475"}],"wp:attachment":[{"href":"https:\/\/www.europesays.com\/fr\/wp-json\/wp\/v2\/media?parent=381474"}],"wp:term":[{"taxonomy":"category","embeddable":true,"href":"https:\/\/www.europesays.com\/fr\/wp-json\/wp\/v2\/categories?post=381474"},{"taxonomy":"post_tag","embeddable":true,"href":"https:\/\/www.europesays.com\/fr\/wp-json\/wp\/v2\/tags?post=381474"}],"curies":[{"name":"wp","href":"https:\/\/api.w.org\/{rel}","templated":true}]}}