{"id":381476,"date":"2025-09-11T00:12:11","date_gmt":"2025-09-11T00:12:11","guid":{"rendered":"https:\/\/www.europesays.com\/fr\/381476\/"},"modified":"2025-09-11T00:12:11","modified_gmt":"2025-09-11T00:12:11","slug":"la-frappe-israelienne-sur-doha-a-tue-tout-espoir-pour-les-otages-a-gaza-estime-le-premier-ministre-qatari","status":"publish","type":"post","link":"https:\/\/www.europesays.com\/fr\/381476\/","title":{"rendered":"La frappe isra\u00e9lienne sur Doha \u00aba tu\u00e9 tout espoir\u00bb pour les otages \u00e0 Gaza, estime le premier ministre qatari"},"content":{"rendered":"<p>Au micro de CNN, Sheikh Mohammed bin Abdulrahman al-Thani a annonc\u00e9 son intention de r\u00e9pondre \u00e0 cette frappe, sans donner de date pr\u00e9cise.<\/p>\n<p class=\"fig-paragraph\">Le premier ministre qatari a jug\u00e9 mercredi que le dirigeant isra\u00e9lien Benyamin Netanyahou doit \u00eatre \u00abtraduit en justice\u00bb,\u00a0<a href=\"http:\/\/www.lefigaro.fr\/international\/colere-du-qatar-critiques-de-trump-six-morts-ce-qu-il-faut-savoir-sur-les-frappes-israeliennes-a-doha-20250910\" data-fig-type=\"NewsFlash\" data-gtm-custom-categorie=\"navigation\" data-gtm-custom-action=\"crossclick\" data-gtm-custom-label=\"Contextuel\" data-gtm-event=\"customEventSPE\" data-fig-domain=\"LEFIGARO\" target=\"_blank\" rel=\"noopener\">au lendemain de frappes<\/a>\u00a0isra\u00e9liennes au Qatar visant des membres du Hamas. \u00abJe pense que ce qu\u2019a fait Netanyahou hier, c\u2019est d\u2019avoir tu\u00e9 tout espoir pour les otages\u00bb, a d\u00e9clar\u00e9 Mohammed ben Abdulrahmane Al-Thani \u00e0 la cha\u00eene am\u00e9ricaine CNN.<\/p>\n<p class=\"fig-paragraph\">Il a ajout\u00e9 avoir rencontr\u00e9 une famille d\u2019otages le matin m\u00eame de l\u2019attaque isra\u00e9lienne contre des dirigeants du Hamas r\u00e9unis dans un complexe \u00e0 Doha. Le Qatar,\u00a0<a href=\"http:\/\/www.lefigaro.fr\/international\/je-ne-suis-pas-enchante-apres-les-frappes-israeliennes-a-doha-l-embarras-de-trump-vis-a-vis-du-qatar-20250910\" data-fig-type=\"Article\" data-gtm-custom-categorie=\"navigation\" data-gtm-custom-action=\"crossclick\" data-gtm-custom-label=\"Contextuel\" data-gtm-event=\"customEventSPE\" data-fig-domain=\"LEFIGARO\" target=\"_blank\" rel=\"noopener\">pays alli\u00e9 des \u00c9tats-Unis<\/a>, est un m\u00e9diateur cl\u00e9 dans les n\u00e9gociations en vue de la lib\u00e9ration des otages aux mains du Hamas ainsi que d\u2019une tr\u00eave \u00e0 Gaza, territoire palestinien affam\u00e9, assi\u00e9g\u00e9 et d\u00e9vast\u00e9 par pr\u00e8s de deux ans de guerre.<\/p>\n<p>                                    <a class=\"fig-a11y-skip a11y-hidden\" href=\"#fig-a11y-skip-main-inarticle\"><br \/>\n        Passer la publicit\u00e9<br \/>\n    <\/a><\/p>\n<p>Le Qatar \u00abr\u00e9\u00e9value tout\u00bb<\/p>\n<p class=\"fig-paragraph\">Les familles des otages \u00abcomptent sur cette m\u00e9diation. C\u2019est leur seul espoir\u00bb, a d\u00e9clar\u00e9 le premier ministre du Qatar. Mais d\u00e9sormais, la p\u00e9tromonarchie du golfe \u00abr\u00e9\u00e9value tout\u00bb concernant cette m\u00e9diation, a-t-il ajout\u00e9.<\/p>\n<p class=\"fig-paragraph\">Malgr\u00e9 les critiques internationales, le premier ministre isra\u00e9lien Benyamin Netanyahou a averti les autorit\u00e9s qataries\u00a0: \u00abje dis au Qatar et \u00e0 toutes les nations qui h\u00e9bergent des terroristes\u00a0: vous devez soit les expulser, soit les traduire en justice. Parce que si vous ne le faites pas, nous le ferons.\u00bb Une r\u00e9union d\u2019urgence du Conseil de s\u00e9curit\u00e9 de l\u2019ONU \u00e0 la demande du Qatar a \u00e9t\u00e9 report\u00e9e \u00e0 jeudi.<\/p>\n","protected":false},"excerpt":{"rendered":"Au micro de CNN, Sheikh Mohammed bin Abdulrahman al-Thani a annonc\u00e9 son intention de r\u00e9pondre \u00e0 cette frappe,&hellip;\n","protected":false},"author":2,"featured_media":381477,"comment_status":"","ping_status":"","sticky":false,"template":"","format":"standard","meta":{"footnotes":""},"categories":[5],"tags":[11,3259,20468,1011,27,14,12,28],"class_list":{"0":"post-381476","1":"post","2":"type-post","3":"status-publish","4":"format-standard","5":"has-post-thumbnail","7":"category-international","8":"tag-actualites","9":"tag-conflit-israelo-palestinien","10":"tag-doha","11":"tag-fr","12":"tag-france","13":"tag-international","14":"tag-news","15":"tag-world"},"share_on_mastodon":{"url":"https:\/\/pubeurope.com\/@fr\/115182773528768624","error":""},"_links":{"self":[{"href":"https:\/\/www.europesays.com\/fr\/wp-json\/wp\/v2\/posts\/381476","targetHints":{"allow":["GET"]}}],"collection":[{"href":"https:\/\/www.europesays.com\/fr\/wp-json\/wp\/v2\/posts"}],"about":[{"href":"https:\/\/www.europesays.com\/fr\/wp-json\/wp\/v2\/types\/post"}],"author":[{"embeddable":true,"href":"https:\/\/www.europesays.com\/fr\/wp-json\/wp\/v2\/users\/2"}],"replies":[{"embeddable":true,"href":"https:\/\/www.europesays.com\/fr\/wp-json\/wp\/v2\/comments?post=381476"}],"version-history":[{"count":0,"href":"https:\/\/www.europesays.com\/fr\/wp-json\/wp\/v2\/posts\/381476\/revisions"}],"wp:featuredmedia":[{"embeddable":true,"href":"https:\/\/www.europesays.com\/fr\/wp-json\/wp\/v2\/media\/381477"}],"wp:attachment":[{"href":"https:\/\/www.europesays.com\/fr\/wp-json\/wp\/v2\/media?parent=381476"}],"wp:term":[{"taxonomy":"category","embeddable":true,"href":"https:\/\/www.europesays.com\/fr\/wp-json\/wp\/v2\/categories?post=381476"},{"taxonomy":"post_tag","embeddable":true,"href":"https:\/\/www.europesays.com\/fr\/wp-json\/wp\/v2\/tags?post=381476"}],"curies":[{"name":"wp","href":"https:\/\/api.w.org\/{rel}","templated":true}]}}