{"id":381480,"date":"2025-09-11T00:14:12","date_gmt":"2025-09-11T00:14:12","guid":{"rendered":"https:\/\/www.europesays.com\/fr\/381480\/"},"modified":"2025-09-11T00:14:12","modified_gmt":"2025-09-11T00:14:12","slug":"aux-etats-unis-charlie-kirk-lune-des-plus-celebres-figures-de-la-droite-trumpiste-a-ete-assassine-sur-un-campus","status":"publish","type":"post","link":"https:\/\/www.europesays.com\/fr\/381480\/","title":{"rendered":"Aux Etats-Unis, Charlie Kirk, l\u2019une des plus c\u00e9l\u00e8bres figures de la droite trumpiste, a \u00e9t\u00e9 assassin\u00e9 sur un campus"},"content":{"rendered":"<p>                         <img loading=\"lazy\" decoding=\"async\" src=\"https:\/\/www.europesays.com\/fr\/wp-content\/uploads\/2025\/09\/173ef0c_ftp-import-images-1-lbhx4riehrte-2025-09-10t215144z-2065296384-rc29pgaontcx-rtrmadp-3-usa-ut.jpeg\" alt=\"La tente depuis laquelle s\u2019exprimait Charlie Kirk lorsqu\u2019il a \u00e9t\u00e9 mortellement touch\u00e9 par balle, lors d\u2019un \u00e9v\u00e9nement public \u00e0 l\u2019Universit\u00e9 de la vall\u00e9e de l\u2019Utah, \u00e0 Orem, (Utah), le 10\u00a0septembre\u00a02025.\"   width=\"664\" height=\"443\"\/>    La tente depuis laquelle s\u2019exprimait Charlie Kirk lorsqu\u2019il a \u00e9t\u00e9 mortellement touch\u00e9 par balle, lors d\u2019un \u00e9v\u00e9nement public \u00e0 l\u2019Universit\u00e9 de la vall\u00e9e de l\u2019Utah, \u00e0 Orem, (Utah), le 10\u00a0septembre\u00a02025.  JIM URQUHART \/ REUTERS                 <\/p>\n<p class=\"article__paragraph  \">Un seul tir. Pr\u00e9cis, traversant le cou, d\u00e9clench\u00e9 de loin. L\u2019universit\u00e9 Utah Valley, situ\u00e9e \u00e0 Orem, dans l\u2019Utah, a \u00e9t\u00e9 <a href=\"https:\/\/www.lemonde.fr\/international\/article\/2025\/09\/10\/charlie-kirk-l-influenceur-conservateur-americain-blesse-par-balles-lors-d-un-rassemblement-dans-une-universite-de-l-utah_6640349_3210.html\" rel=\"nofollow noopener\" target=\"_blank\">le th\u00e9\u00e2tre d\u2019un assassinat \u00e0 la r\u00e9sonance nationale<\/a>, mercredi 10\u00a0septembre. Charlie Kirk, 31\u00a0ans, l\u2019un des plus c\u00e9l\u00e8bres militants de la droite MAGA (\u00ab\u00a0Make America Great Again\u00a0\u00bb), tenait un meeting \u00e0 l\u2019ext\u00e9rieur, assis sous une tente, devant une foule nombreuse, lorsqu\u2019un tireur l\u2019a vis\u00e9 \u00e0 une distance estim\u00e9e \u00e0 pr\u00e8s de 180\u00a0m\u00e8tres, en provenance du toit d\u2019un b\u00e2timent, selon les enqu\u00eateurs. Il \u00e9tait 12\u00a0h\u00a020. Peu apr\u00e8s 18\u00a0heures, le directeur de la police f\u00e9d\u00e9rale (FBI), Kash Patel, annon\u00e7ait l\u2019arrestation d\u2019un suspect, sans autre d\u00e9tail. Pendant ce temps, \u00e0 Orem, le commissaire Beau Mason, du d\u00e9partement de la s\u00fbret\u00e9 publique de l\u2019Utah, confirmait qu\u2019il s\u2019agissait d\u2019une \u00ab\u00a0attaque cibl\u00e9e\u00a0\u00bb.<\/p>\n<p class=\"article__paragraph  \">Le d\u00e9c\u00e8s de Charlie Kirk, qui s\u2019ajoute \u00e0 une longue liste de violences politiques \u00e9maillant l\u2019histoire am\u00e9ricaine, a \u00e9t\u00e9 annonc\u00e9 par Donald Trump lui-m\u00eame, dans un message sur son r\u00e9seau Truth Social. \u00ab\u00a0Le grand, et m\u00eame le l\u00e9gendaire Charlie Kirk est mort, a \u00e9crit le pr\u00e9sident. Personne ne comprenait ou n\u2019avait plus \u00e0 c\u0153ur la jeunesse des Etats-Unis que Charlie.\u00a0\u00bb<\/p>\n<p class=\"reading-mode-only \"><strong>Il vous reste 84.26% de cet article \u00e0 lire. La suite est r\u00e9serv\u00e9e aux abonn\u00e9s.<\/strong><\/p>\n","protected":false},"excerpt":{"rendered":"La tente depuis laquelle s\u2019exprimait Charlie Kirk lorsqu\u2019il a \u00e9t\u00e9 mortellement touch\u00e9 par balle, lors d\u2019un \u00e9v\u00e9nement public&hellip;\n","protected":false},"author":2,"featured_media":381481,"comment_status":"","ping_status":"","sticky":false,"template":"","format":"standard","meta":{"footnotes":""},"categories":[2],"tags":[11,1011,27,12],"class_list":{"0":"post-381480","1":"post","2":"type-post","3":"status-publish","4":"format-standard","5":"has-post-thumbnail","7":"category-actualites","8":"tag-actualites","9":"tag-fr","10":"tag-france","11":"tag-news"},"share_on_mastodon":{"url":"https:\/\/pubeurope.com\/@fr\/115182781728899932","error":""},"_links":{"self":[{"href":"https:\/\/www.europesays.com\/fr\/wp-json\/wp\/v2\/posts\/381480","targetHints":{"allow":["GET"]}}],"collection":[{"href":"https:\/\/www.europesays.com\/fr\/wp-json\/wp\/v2\/posts"}],"about":[{"href":"https:\/\/www.europesays.com\/fr\/wp-json\/wp\/v2\/types\/post"}],"author":[{"embeddable":true,"href":"https:\/\/www.europesays.com\/fr\/wp-json\/wp\/v2\/users\/2"}],"replies":[{"embeddable":true,"href":"https:\/\/www.europesays.com\/fr\/wp-json\/wp\/v2\/comments?post=381480"}],"version-history":[{"count":0,"href":"https:\/\/www.europesays.com\/fr\/wp-json\/wp\/v2\/posts\/381480\/revisions"}],"wp:featuredmedia":[{"embeddable":true,"href":"https:\/\/www.europesays.com\/fr\/wp-json\/wp\/v2\/media\/381481"}],"wp:attachment":[{"href":"https:\/\/www.europesays.com\/fr\/wp-json\/wp\/v2\/media?parent=381480"}],"wp:term":[{"taxonomy":"category","embeddable":true,"href":"https:\/\/www.europesays.com\/fr\/wp-json\/wp\/v2\/categories?post=381480"},{"taxonomy":"post_tag","embeddable":true,"href":"https:\/\/www.europesays.com\/fr\/wp-json\/wp\/v2\/tags?post=381480"}],"curies":[{"name":"wp","href":"https:\/\/api.w.org\/{rel}","templated":true}]}}