{"id":381486,"date":"2025-09-11T00:22:30","date_gmt":"2025-09-11T00:22:30","guid":{"rendered":"https:\/\/www.europesays.com\/fr\/381486\/"},"modified":"2025-09-11T00:22:30","modified_gmt":"2025-09-11T00:22:30","slug":"visite-guidee-des-collections-13-09-2025-toulon","status":"publish","type":"post","link":"https:\/\/www.europesays.com\/fr\/381486\/","title":{"rendered":"Visite guid\u00e9e des collections &#8211; 13\/09\/2025 &#8211; Toulon"},"content":{"rendered":"<p>Des trois-m\u00e2ts de Louis XIV au porte-avions nucl\u00e9aire \u00ab Charles-de-Gaulle \u00bb, d\u00e9couvrez l\u2019histoire passionnante de l\u2019arsenal de Toulon. Id\u00e9alement situ\u00e9, le site n\u2019a cess\u00e9 de se d\u00e9velopper depuis le XVIIe si\u00e8cle, jusqu\u2019\u00e0 devenir le premier port de guerre fran\u00e7ais. Venez suivre les \u00e9volutions de la navigation comme le passage de la voile \u00e0 la vapeur, ainsi que les enjeux strat\u00e9giques et g\u00e9opolitiques qui ont fa\u00e7onn\u00e9 la plus belle rade d\u2019Europe.<\/p>\n<p>Tous les samedis : les 6, 13, 27 septembre<br \/>Tous les dimanches : les 7, 14 et 28 septembre <br \/>\u00c0 15h<br \/>(Sauf week-end du 20 et 21 septembre pour les Journ\u00e9es europ\u00e9ennes du patrimoine)<\/p>\n<p>Pour tous, \u00e0 partir de 7 ans<br \/>Dur\u00e9e : 1h<br \/>Tarif : 5\u20ac en suppl\u00e9ment du droit d\u2019entr\u00e9e<br \/>R\u00e9servation sur place le jour m\u00eame ou en ligne<\/p>\n","protected":false},"excerpt":{"rendered":"Des trois-m\u00e2ts de Louis XIV au porte-avions nucl\u00e9aire \u00ab Charles-de-Gaulle \u00bb, d\u00e9couvrez l\u2019histoire passionnante de l\u2019arsenal de Toulon.&hellip;\n","protected":false},"author":2,"featured_media":381487,"comment_status":"","ping_status":"","sticky":false,"template":"","format":"standard","meta":{"footnotes":""},"categories":[9619],"tags":[1111,11,1777,674,1011,27,12,882,25,2310],"class_list":{"0":"post-381486","1":"post","2":"type-post","3":"status-publish","4":"format-standard","5":"has-post-thumbnail","7":"category-toulon","8":"tag-actu","9":"tag-actualites","10":"tag-eu","11":"tag-europe","12":"tag-fr","13":"tag-france","14":"tag-news","15":"tag-provence-alpes-cote-dazur","16":"tag-republique-francaise","17":"tag-toulon"},"share_on_mastodon":{"url":"https:\/\/pubeurope.com\/@fr\/115182812806139123","error":""},"_links":{"self":[{"href":"https:\/\/www.europesays.com\/fr\/wp-json\/wp\/v2\/posts\/381486","targetHints":{"allow":["GET"]}}],"collection":[{"href":"https:\/\/www.europesays.com\/fr\/wp-json\/wp\/v2\/posts"}],"about":[{"href":"https:\/\/www.europesays.com\/fr\/wp-json\/wp\/v2\/types\/post"}],"author":[{"embeddable":true,"href":"https:\/\/www.europesays.com\/fr\/wp-json\/wp\/v2\/users\/2"}],"replies":[{"embeddable":true,"href":"https:\/\/www.europesays.com\/fr\/wp-json\/wp\/v2\/comments?post=381486"}],"version-history":[{"count":0,"href":"https:\/\/www.europesays.com\/fr\/wp-json\/wp\/v2\/posts\/381486\/revisions"}],"wp:featuredmedia":[{"embeddable":true,"href":"https:\/\/www.europesays.com\/fr\/wp-json\/wp\/v2\/media\/381487"}],"wp:attachment":[{"href":"https:\/\/www.europesays.com\/fr\/wp-json\/wp\/v2\/media?parent=381486"}],"wp:term":[{"taxonomy":"category","embeddable":true,"href":"https:\/\/www.europesays.com\/fr\/wp-json\/wp\/v2\/categories?post=381486"},{"taxonomy":"post_tag","embeddable":true,"href":"https:\/\/www.europesays.com\/fr\/wp-json\/wp\/v2\/tags?post=381486"}],"curies":[{"name":"wp","href":"https:\/\/api.w.org\/{rel}","templated":true}]}}