{"id":381488,"date":"2025-09-11T00:23:14","date_gmt":"2025-09-11T00:23:14","guid":{"rendered":"https:\/\/www.europesays.com\/fr\/381488\/"},"modified":"2025-09-11T00:23:14","modified_gmt":"2025-09-11T00:23:14","slug":"victime-dun-terrible-k-o-contre-toulon-lennox-anyanwu-fixe-sur-son-indisponibilite","status":"publish","type":"post","link":"https:\/\/www.europesays.com\/fr\/381488\/","title":{"rendered":"Victime d\u2019un terrible K.O. contre Toulon, Lennox Anyanwu fix\u00e9 sur son indisponibilit\u00e9 !"},"content":{"rendered":"<p>Le MHR peut souffler. Sortis bless\u00e9s contre Toulon (17-27) le week-end dernier, Lennox Anyanwu et Jordan Uelese vont finalement mieux que pr\u00e9vu.<\/p>\n<p>La crainte de blessures graves a \u00e9t\u00e9 \u00e9cart\u00e9e, m\u00eame si les deux joueurs ne sont pas encore totalement op\u00e9rationnels.<\/p>\n<p>Le centre anglais, victime d\u2019un K.-O. spectaculaire apr\u00e8s seulement 43 secondes de jeu, a rapidement rassur\u00e9.<\/p>\n<p>Il a pu rentrer \u00e0 son domicile dans la foul\u00e9e et va d\u00e9sormais suivre la batterie de tests habituelle. Pass\u00e9 par le protocole commotion, Anyanwu devrait observer deux semaines d\u2019arr\u00eat avant de postuler de nouveau.<\/p>\n<p>Le club esp\u00e8re le revoir pour le d\u00e9placement \u00e0 Montauban le 27 septembre annonce le journal <a href=\"https:\/\/www.midilibre.fr\/2025\/09\/10\/mhr-plus-de-peur-que-de-mal-pour-lennox-anyanwu-et-jordan-uelese-deja-de-retour-au-stade-12921866.php\" rel=\"nofollow noopener\" target=\"_blank\">Midi Libre.<\/a><\/p>\n<p>Le talonneur australien, lui, avait inqui\u00e9t\u00e9 en sortant touch\u00e9 au genou. Mais l\u00e0 aussi, les nouvelles sont bonnes : il a d\u00e9j\u00e0 repris la course ce mardi. Toutefois, le staff montpelli\u00e9rain devrait le m\u00e9nager pour le d\u00e9placement \u00e0 Bayonne samedi (16h30).<\/p>\n<p>Christopher Tolofua et Lyam Akrab se partageront donc le poste.<\/p>\n<p>Si Montpellier devra encore composer sans deux de ses joueurs majeures le temps qu\u2019elles retrouvent leur pleine forme, le sc\u00e9nario aurait pu \u00eatre bien plus dramatique.<\/p>\n<p>Le club h\u00e9raultais peut d\u00e9sormais pr\u00e9parer ses prochains rendez-vous avec un peu plus de s\u00e9r\u00e9nit\u00e9.<\/p>\n","protected":false},"excerpt":{"rendered":"Le MHR peut souffler. Sortis bless\u00e9s contre Toulon (17-27) le week-end dernier, Lennox Anyanwu et Jordan Uelese vont&hellip;\n","protected":false},"author":2,"featured_media":381489,"comment_status":"","ping_status":"","sticky":false,"template":"","format":"standard","meta":{"footnotes":""},"categories":[9619],"tags":[1111,11,1777,674,1011,27,12,882,25,2310],"class_list":{"0":"post-381488","1":"post","2":"type-post","3":"status-publish","4":"format-standard","5":"has-post-thumbnail","7":"category-toulon","8":"tag-actu","9":"tag-actualites","10":"tag-eu","11":"tag-europe","12":"tag-fr","13":"tag-france","14":"tag-news","15":"tag-provence-alpes-cote-dazur","16":"tag-republique-francaise","17":"tag-toulon"},"share_on_mastodon":{"url":"https:\/\/pubeurope.com\/@fr\/115182816756592029","error":""},"_links":{"self":[{"href":"https:\/\/www.europesays.com\/fr\/wp-json\/wp\/v2\/posts\/381488","targetHints":{"allow":["GET"]}}],"collection":[{"href":"https:\/\/www.europesays.com\/fr\/wp-json\/wp\/v2\/posts"}],"about":[{"href":"https:\/\/www.europesays.com\/fr\/wp-json\/wp\/v2\/types\/post"}],"author":[{"embeddable":true,"href":"https:\/\/www.europesays.com\/fr\/wp-json\/wp\/v2\/users\/2"}],"replies":[{"embeddable":true,"href":"https:\/\/www.europesays.com\/fr\/wp-json\/wp\/v2\/comments?post=381488"}],"version-history":[{"count":0,"href":"https:\/\/www.europesays.com\/fr\/wp-json\/wp\/v2\/posts\/381488\/revisions"}],"wp:featuredmedia":[{"embeddable":true,"href":"https:\/\/www.europesays.com\/fr\/wp-json\/wp\/v2\/media\/381489"}],"wp:attachment":[{"href":"https:\/\/www.europesays.com\/fr\/wp-json\/wp\/v2\/media?parent=381488"}],"wp:term":[{"taxonomy":"category","embeddable":true,"href":"https:\/\/www.europesays.com\/fr\/wp-json\/wp\/v2\/categories?post=381488"},{"taxonomy":"post_tag","embeddable":true,"href":"https:\/\/www.europesays.com\/fr\/wp-json\/wp\/v2\/tags?post=381488"}],"curies":[{"name":"wp","href":"https:\/\/api.w.org\/{rel}","templated":true}]}}