{"id":381490,"date":"2025-09-11T00:24:15","date_gmt":"2025-09-11T00:24:15","guid":{"rendered":"https:\/\/www.europesays.com\/fr\/381490\/"},"modified":"2025-09-11T00:24:15","modified_gmt":"2025-09-11T00:24:15","slug":"du-bon-vin-pour-un-afterwork-reussi-au-restaurant-lattara-2","status":"publish","type":"post","link":"https:\/\/www.europesays.com\/fr\/381490\/","title":{"rendered":"du bon vin pour un afterwork r\u00e9ussi au restaurant Lattara"},"content":{"rendered":"<p>C\u2019est une nouvelle qui va ravir les amateurs de bons moments et de produits de qualit\u00e9 ! La Brasserie lance son nouvel \u00e9v\u00e9nement, l\u2019<b>Afterwork by Lattara<\/b>, un rendez-vous pens\u00e9 pour se d\u00e9tendre apr\u00e8s une journ\u00e9e de travail dans une ambiance chic et d\u00e9contract\u00e9e<\/p>\n<p>Un cadre idyllique pour des soir\u00e9es inoubliables<\/p>\n<p>Imaginez-vous sur la terrasse de la Brasserie, confortablement install\u00e9 dans l\u2019espace lounge, avec une vue imprenable sur le miroir d\u2019eau et la mairie. C\u2019est dans ce cadre exceptionnel que se d\u00e9rouleront ces soir\u00e9es, <b>deux jeudis par mois, de 18h \u00e0 22h<\/b>. L\u2019ambiance musicale sera assur\u00e9e par un <b>DJ Set<\/b> aux sonorit\u00e9s <b>Deep House<\/b>, parfait pour accompagner le coucher du soleil.<\/p>\n<p>D\u00e9gustations et produits de notre terroir<\/p>\n<p>L\u2019Afterwork by Lattara met \u00e0 l\u2019honneur les tr\u00e9sors de notre r\u00e9gion. Chaque soir\u00e9e sera l\u2019occasion de d\u00e9couvrir et de d\u00e9guster gratuitement des <b>vins, bi\u00e8res artisanales ou liqueurs locaux<\/b>. Une v\u00e9ritable invitation au voyage au c\u0153ur des saveurs d\u2019ici. Bien s\u00fbr, une carte de tapas et de cocktails sera \u00e9galement disponible pour accompagner ces d\u00e9couvertes gustatives.<\/p>\n<p>L\u2019esprit Lattara : convivialit\u00e9 et partage<\/p>\n<p>\u00c0 l\u2019image de Lattara, ces afterworks promettent d\u2019\u00eatre un moment de <b>partage<\/b> et de <b>convivialit\u00e9<\/b>. L\u2019objectif est simple : se retrouver, \u00e9changer et profiter d\u2019un instant suspendu, loin du tumulte quotidien. Un lieu o\u00f9 l\u2019\u00e9l\u00e9gance se m\u00eale \u00e0 la d\u00e9contraction pour cr\u00e9er une atmosph\u00e8re unique.<\/p>\n<p>Voici le programme des premi\u00e8res dates, pour vous donner un avant-go\u00fbt des festivit\u00e9s :<\/p>\n<ul>\n<li><b>11 septembre :<\/b> D\u00e9gustation du Mas Daumas Gassac \u00ab\u00a0IGP Languedoc\u00a0\u00bb<\/li>\n<li><b>25 septembre :<\/b> Mise en avant de la bi\u00e8re de Camargue de chez Montcalm<\/li>\n<li><b>9 octobre :<\/b> D\u00e9couverte du Ch\u00e2teau Lancyre \u00ab\u00a0Pic St Loup\u00a0\u00bb<\/li>\n<li><b>23 octobre :<\/b> Voyage au c\u0153ur des \u00ab\u00a0Terrasses du Larzac\u00a0\u00bb avec le Domaine Coulet<\/li>\n<li><b>13 novembre :<\/b> Plongeon dans les saveurs du Mas Nicolas \u00ab\u00a0Faug\u00e8res\u00a0\u00bb<\/li>\n<li><b>11 d\u00e9cembre :<\/b> Fin d\u2019ann\u00e9e avec le Mas de L\u2019\u00e9criture \u00ab\u00a0Terrasses du Larzac\u00a0\u00bb<\/li>\n<\/ul>\n<p>Rendez-vous \u00e0 la brasserie pour le premier Afterwork by Lattara au 609 avenue de la mer \u00e0 Montpellier.<\/p>\n<blockquote class=\"instagram-media\" style=\"background: #FFF; border: 0; border-radius: 3px; box-shadow: 0 0 1px 0 rgba(0,0,0,0.5),0 1px 10px 0 rgba(0,0,0,0.15); margin: 1px; max-width: 540px; min-width: 326px; padding: 0; width: calc(100% - 2px);\" data-instgrm-captioned=\"\" data-instgrm-permalink=\"https:\/\/www.instagram.com\/reel\/DOWHaSykkEV\/?utm_source=ig_embed&amp;utm_campaign=loading\" data-instgrm-version=\"14\">\n<\/blockquote>\n<p>\t\t\t\t\t\t\t\t\t\t\t\t\t\t\t<script async src=\"\/\/www.instagram.com\/embed.js\"><\/script><\/p>\n","protected":false},"excerpt":{"rendered":"C\u2019est une nouvelle qui va ravir les amateurs de bons moments et de produits de qualit\u00e9 ! La&hellip;\n","protected":false},"author":2,"featured_media":380253,"comment_status":"","ping_status":"","sticky":false,"template":"","format":"standard","meta":{"footnotes":""},"categories":[9599],"tags":[1111,11,1777,674,1011,27,2208,12,2680,25],"class_list":{"0":"post-381490","1":"post","2":"type-post","3":"status-publish","4":"format-standard","5":"has-post-thumbnail","7":"category-montpellier","8":"tag-actu","9":"tag-actualites","10":"tag-eu","11":"tag-europe","12":"tag-fr","13":"tag-france","14":"tag-montpellier","15":"tag-news","16":"tag-occitanie","17":"tag-republique-francaise"},"share_on_mastodon":{"url":"https:\/\/pubeurope.com\/@fr\/115182820821228889","error":""},"_links":{"self":[{"href":"https:\/\/www.europesays.com\/fr\/wp-json\/wp\/v2\/posts\/381490","targetHints":{"allow":["GET"]}}],"collection":[{"href":"https:\/\/www.europesays.com\/fr\/wp-json\/wp\/v2\/posts"}],"about":[{"href":"https:\/\/www.europesays.com\/fr\/wp-json\/wp\/v2\/types\/post"}],"author":[{"embeddable":true,"href":"https:\/\/www.europesays.com\/fr\/wp-json\/wp\/v2\/users\/2"}],"replies":[{"embeddable":true,"href":"https:\/\/www.europesays.com\/fr\/wp-json\/wp\/v2\/comments?post=381490"}],"version-history":[{"count":0,"href":"https:\/\/www.europesays.com\/fr\/wp-json\/wp\/v2\/posts\/381490\/revisions"}],"wp:featuredmedia":[{"embeddable":true,"href":"https:\/\/www.europesays.com\/fr\/wp-json\/wp\/v2\/media\/380253"}],"wp:attachment":[{"href":"https:\/\/www.europesays.com\/fr\/wp-json\/wp\/v2\/media?parent=381490"}],"wp:term":[{"taxonomy":"category","embeddable":true,"href":"https:\/\/www.europesays.com\/fr\/wp-json\/wp\/v2\/categories?post=381490"},{"taxonomy":"post_tag","embeddable":true,"href":"https:\/\/www.europesays.com\/fr\/wp-json\/wp\/v2\/tags?post=381490"}],"curies":[{"name":"wp","href":"https:\/\/api.w.org\/{rel}","templated":true}]}}