{"id":381491,"date":"2025-09-11T00:25:19","date_gmt":"2025-09-11T00:25:19","guid":{"rendered":"https:\/\/www.europesays.com\/fr\/381491\/"},"modified":"2025-09-11T00:25:19","modified_gmt":"2025-09-11T00:25:19","slug":"on-bloque-tout-a-montpellier-la-force-du-nombre-letau-du-centre-ville","status":"publish","type":"post","link":"https:\/\/www.europesays.com\/fr\/381491\/","title":{"rendered":"\u00ab On bloque tout \u00bb \u00e0 Montpellier : la force du nombre, l&rsquo;\u00e9tau du centre-ville"},"content":{"rendered":"<p>\t\t\t\t<a href=\"https:\/\/www.europesays.com\/fr\/wp-content\/uploads\/2025\/09\/foule-de-ouf-10-septembre-scaled.jpg\" data-lightbox=\"lb\" data-title=\"Plus de 10 000 personnes ont manifest\u00e9 \u00e0 Montpellier le 10 septembre. (Photo de Mathieu Le Coz \/ Hans Lucas)\"><br \/>\n\t\t\t\t\t<img decoding=\"async\" class=\"wp-image-7214 size-full\" src=\"https:\/\/www.europesays.com\/fr\/wp-content\/uploads\/2025\/09\/foule-de-ouf-10-septembre-scaled.jpg\"\/><br \/>\n\t\t\t\t<\/a><\/p>\n<p>Plus de 10 000 personnes ont manifest\u00e9 \u00e0 Montpellier le 10 septembre. (Photo de Mathieu Le Coz \/ Hans Lucas)<\/p>\n<p><strong>Les assembl\u00e9es bond\u00e9es annon\u00e7aient un mouvement puissant \u00e0 Montpellier : plus de 10 000 manifestant\u00b7es ont d\u00e9ferl\u00e9 dans les rues ce mercredi 10 septembre. L\u2019acc\u00e8s \u00e0 une autoroute, la facult\u00e9 Paul-Val\u00e9ry et des lyc\u00e9es ont \u00e9t\u00e9 bloqu\u00e9s. Les gr\u00e9vistes sont au c\u0153ur de la lutte, et l\u2019antifascisme est une \u00e9vidence. Mais la contestation s\u2019engouffre dans le pi\u00e8ge r\u00e9pressif du centre-ville, et l\u2019appel \u00e0 \u00ab tout bloquer \u00bb reste \u00e0 concr\u00e9tiser<\/strong><\/p>\n<p>D\u00e8s l\u2019aube, ce mercredi 10 septembre, de nombreuses personnes occupent divers points de blocage \u00e0 Montpellier. 200 manifestant\u00b7es se sont r\u00e9uni\u00b7es au rond-point de Pr\u00e8s d\u2019Ar\u00e8nes pour bloquer les voies vers l\u2019autoroute. La police intervient vers 6 h 45 pour les d\u00e9loger. Un journaliste est gaz\u00e9 \u00e0 bout portant et la repr\u00e9sentante de la Ligue des Droits de l\u2019Homme, Sophie Mazas, se fait bousculer et intimider. Un barrage filtrant a aussi \u00e9t\u00e9 install\u00e9 au rond-point de l\u2019h\u00f4tel du D\u00e9partement, l\u00e0 encore, \u00e9vacu\u00e9 par la police, mais dans une atmosph\u00e8re beaucoup plus calme.<\/p>\n<blockquote class=\"twitter-tweet\">\n<p lang=\"fr\" dir=\"ltr\">\u00c0 Montpellier, la police matraque les streets-medics et intimide la repr\u00e9sente de la Ligue des Droits de l&rsquo;Homme, Sophie Mazas. Les drones sont partout dans l&rsquo;H\u00e9rault, en raison d&rsquo;un arr\u00eat\u00e9 pr\u00e9fectoral. Vid\u00e9o film\u00e9e \u00e0 Pr\u00e9s d&rsquo;Ar\u00e8nes.<a href=\"https:\/\/twitter.com\/hashtag\/Montpellier?src=hash&amp;ref_src=twsrc%5Etfw\" rel=\"nofollow noopener\" target=\"_blank\">#Montpellier<\/a> <a href=\"https:\/\/twitter.com\/hashtag\/10septembre2025?src=hash&amp;ref_src=twsrc%5Etfw\" rel=\"nofollow noopener\" target=\"_blank\">#10septembre2025<\/a> <a href=\"https:\/\/twitter.com\/hashtag\/Onbloquetout?src=hash&amp;ref_src=twsrc%5Etfw\" rel=\"nofollow noopener\" target=\"_blank\">#Onbloquetout<\/a> <a href=\"https:\/\/t.co\/fRUzdj8AQ6\" rel=\"nofollow\">pic.twitter.com\/fRUzdj8AQ6<\/a><\/p>\n<p>\u2014 Le Poing \u2013 Montpellier (@lepoinginfo) <a href=\"https:\/\/twitter.com\/lepoinginfo\/status\/1965667142516572284?ref_src=twsrc%5Etfw\" rel=\"nofollow noopener\" target=\"_blank\">September 10, 2025<\/a><\/p><\/blockquote>\n<p>Outre l\u2019Universit\u00e9 Paul-Val\u00e9ry, habitu\u00e9e des blocages en p\u00e9riodes de mouvements sociaux, plusieurs lyc\u00e9es voient des poubelles s\u2019entasser devant leur portail : Jean-Monnet, (que le proviseur a d\u00e9cid\u00e9 de fermer), Cl\u00e9menceau, Jules Guesdes\u2026 Marion, une lyc\u00e9enne de Jules Guesdes, t\u00e9moigne : \u00ab Je suis l\u00e0 parce que mes parents gal\u00e8rent \u00e0 payer le loyer et qu\u2019on \u00e9tudie dans des conditions d\u00e9plorables. On est 40 par classe, on nous met une pression monstrueuse par rapport \u00e0 Parcoursup en nous disant qu\u2019on n\u2019a pas le droit \u00e0 l\u2019erreur et que chaque note compte. Je ne compte plus le nombre de potes \u00e0 moi qui sont en d\u00e9crochage scolaire\u2026 tout le syst\u00e8me \u00e9ducatif est \u00e0 changer, il faudrait qu\u2019on ait un syst\u00e8me comme en Allemagne ou les apr\u00e8s-midi sont d\u00e9di\u00e9es \u00e0 des activit\u00e9s\u2026 \u00bb<\/p>\n<p>Plusieurs secteurs en gr\u00e8ve<\/p>\n<p>7 h 30. Le piquet de gr\u00e8ve des cheminots, devant le si\u00e8ge r\u00e9gional de la SNCF, sert de lieu de convergence pour tous les secteurs en gr\u00e8ve : travail social, h\u00f4pital, \u00e9ducation nationale\u2026 \u00ab Il faut essayer de construire une interpro \u00bb, explique Max Miller, travailleur social syndiqu\u00e9 CGT. Julien, enseignant syndiqu\u00e9 chez Sud \u00c9ducation, pr\u00e9cise : \u00ab Demain on se r\u00e9unit en intersyndicale, Solidaires va essayer de faire le pont entre le mouvement populaire et le mouvement syndical. \u00bb<\/p>\n<p>Pendant ce temps, un cort\u00e8ge sauvage se balade en centre-ville et r\u00e9alise une action au Carrefour de Louis Blanc pour d\u00e9noncer la complicit\u00e9 de la multinationale avec l\u2019\u00c9tat isra\u00e9lien. Les \u00e9tudiants de Paul-Val\u00e9ry partent en cort\u00e8ge depuis la fac et r\u00e9alisent une halte devant le CROUS de Boutonnet pour protester contre les retards de paiement et les probl\u00e8mes administratifs dans le versement des bourses.<\/p>\n<p>A 11 heures, une foule, dont beaucoup de jeunes, s\u2019amasse sur la Com\u00e9die. On y croise Yona, sage-femme dans un h\u00f4pital public parisien : \u00ab Je suis l\u00e0 aujourd\u2019hui pour d\u00e9noncer la d\u00e9liquescence de l\u2019h\u00f4pital public. Dans l\u2019\u00e9tablissement o\u00f9 je travaille, on est oblig\u00e9 de fermer le service de grossesses \u00e0 haut risque car beaucoup de sages-femmes partent en arr\u00eat maladie et qu\u2019on n\u2019a plus d\u2019argent pour en embaucher d\u2019autres. R\u00e9sultat, les b\u00e9b\u00e9s sont hospitalis\u00e9s \u00e0 un endroit, et les m\u00e8res dans un autre \u00e9tablissement. Il faut plus de moyens pour la sant\u00e9. \u00bb<\/p>\n<blockquote class=\"twitter-tweet\">\n<p lang=\"fr\" dir=\"ltr\">30 minutes de cort\u00e8ge \u00e0 Montpellier !<br \/>+ de 10 000 manifestant\u00b7es !<a href=\"https:\/\/twitter.com\/hashtag\/Montpellier?src=hash&amp;ref_src=twsrc%5Etfw\" rel=\"nofollow noopener\" target=\"_blank\">#Montpellier<\/a> <a href=\"https:\/\/twitter.com\/hashtag\/Onbloquetout?src=hash&amp;ref_src=twsrc%5Etfw\" rel=\"nofollow noopener\" target=\"_blank\">#Onbloquetout<\/a> <a href=\"https:\/\/twitter.com\/hashtag\/10septembre2025?src=hash&amp;ref_src=twsrc%5Etfw\" rel=\"nofollow noopener\" target=\"_blank\">#10septembre2025<\/a> <a href=\"https:\/\/t.co\/T1dmmoXlSp\" rel=\"nofollow\">pic.twitter.com\/T1dmmoXlSp<\/a><\/p>\n<p>\u2014 Le Poing \u2013 Montpellier (@lepoinginfo) <a href=\"https:\/\/twitter.com\/lepoinginfo\/status\/1965725532206821603?ref_src=twsrc%5Etfw\" rel=\"nofollow noopener\" target=\"_blank\">September 10, 2025<\/a><\/p><\/blockquote>\n<p>La manifestation (non d\u00e9clar\u00e9e) part finalement en direction de la gare. On compte au moins 10 000 personnes, sinon plus. La pr\u00e9fecture, elle, \u00e9voque 6 000 manifestants. Sur le trajet, on rencontre Cyprien, qui travaille en restauration, et, qui avec ses coll\u00e8gues, a d\u00e9velopp\u00e9 une m\u00e9thode de lutte originale : \u00ab J\u2019ai longtemps \u00e9t\u00e9 partisan du dialogue apais\u00e9 et du compromis mais j\u2019ai fini par comprendre que \u00e7a ne marchait que dans un sens. Je travaille 6 jours sur 7 avec 5 coupures au SMIC pour un patron qui n\u2019en a rien \u00e0 foutre de nous et qui s\u2019en met plein les poches, donc avec mes coll\u00e8gues, comme c\u2019est compliqu\u00e9 pour nous de se mobiliser \u00e0 cause des horaires et qu\u2019il n\u2019y a pas de syndicats, on s\u2019organise pour lui faire perdre de l\u2019argent : on fonctionne que sur r\u00e9servations, qu\u2019on bloque \u00e0 19 heures, et on offre une quantit\u00e9 absurde de bouffe aux clients. C\u2019est notre mani\u00e8re \u00e0 nous de r\u00e9sister \u00e0 ce syst\u00e8me injuste. \u00bb Malheureusement, nous lui avons promis de ne pas r\u00e9v\u00e9ler l\u2019adresse du restaurant\u2026<\/p>\n<p>L\u2019\u00e9tau r\u00e9pressif du centre-ville <\/p>\n<blockquote class=\"twitter-tweet\">\n<p lang=\"fr\" dir=\"ltr\">\u00c0 Montpellier, grenades lacrymog\u00e8ne et canon \u00e0 eau contre les manifestant\u00b7es.<\/p>\n<p>Le groupe n\u00e9onazi \u00ab\u00a0Bloc montpelli\u00e9rain\u00a0\u00bb a \u00e9t\u00e9 expuls\u00e9 du cort\u00e8ge. <a href=\"https:\/\/twitter.com\/hashtag\/onbloquetout?src=hash&amp;ref_src=twsrc%5Etfw\" rel=\"nofollow noopener\" target=\"_blank\">#onbloquetout<\/a> <a href=\"https:\/\/twitter.com\/hashtag\/10septembre2025?src=hash&amp;ref_src=twsrc%5Etfw\" rel=\"nofollow noopener\" target=\"_blank\">#10septembre2025<\/a> <a href=\"https:\/\/twitter.com\/hashtag\/Montpellier?src=hash&amp;ref_src=twsrc%5Etfw\" rel=\"nofollow noopener\" target=\"_blank\">#Montpellier<\/a> <a href=\"https:\/\/t.co\/T8haWcYXpS\" rel=\"nofollow\">pic.twitter.com\/T8haWcYXpS<\/a><\/p>\n<p>\u2014 Le Poing \u2013 Montpellier (@lepoinginfo) <a href=\"https:\/\/twitter.com\/lepoinginfo\/status\/1965757054020411421?ref_src=twsrc%5Etfw\" rel=\"nofollow noopener\" target=\"_blank\">September 10, 2025<\/a><\/p><\/blockquote>\n<p>Apr\u00e8s un tour de centre-ville, l\u2019ambiance se tend. Des cordons de CRS s\u2019installent autour de la place de la Com\u00e9die. Projectiles et lacrymos d\u2019un c\u00f4t\u00e9, des poubelles en feu de l\u2019autre. La police utilise un canon \u00e0 eau, et des face-\u00e0-face auront lieu une bonne partie de l\u2019apr\u00e8s-midi. Une poign\u00e9e de militants d\u2019extr\u00eame-droite du \u201cBloc montpelli\u00e9rain\u201d seront aper\u00e7us dans le cort\u00e8ge, et chass\u00e9s. . Le journaliste Samuel Clauzier, s\u2019est vu frapper par la police alors qu\u2019il filmait les forces de l\u2019ordre. Selon l\u2019Observatoire des Libert\u00e9s Montpelli\u00e9rain, \u00e9manation de la Ligue des Droits de l\u2019Homme,lusieurs manifestants ont \u00e9t\u00e9 bless\u00e9s dont au moins trois au visage, avec pour l\u2019un traumatisme cr\u00e2nien n\u00e9cessitant une prise en charge hospitali\u00e8re. L\u2019organisme d\u00e9nonce \u201cl\u2019usage ill\u00e9gal du LBD40 par la Bac visant hauteur de visage \u00e0 moins de 3 m\u00e8tres\u201d. La pr\u00e9fecture annonce 22 interpellation et quelques d\u00e9gradations mat\u00e9rielles (un tag sur une banque, un radar endommag\u00e9 sur l\u2019A750\u2026)<\/p>\n<p>Ce mouvement est historique \u00e0 bien des \u00e9gards. Contrairement aux gilets jaunes, la mobilisation ne se tient pas le weekend mais au c\u0153ur de la semaine, ce qui pose imm\u00e9diatement la question de la gr\u00e8ve. C\u2019est sans doute la raison pour laquelle les syndicats semblent enfin pr\u00eats \u00e0 rentrer dans la danse. La question de l\u2019extr\u00eame droite, elle, n\u2019en a jamais vraiment \u00e9t\u00e9 une : Marine Le Pen s\u2019est d\u00e9solidaris\u00e9e du mouvement avant m\u00eame son lancement, et les fascistes de rue sont totalement absents. Surtout, le mouvement survient en pleine crise politique, qui pourrait se transformer en crise de r\u00e9gime. Un atout comme une faiblesse : les vents forts propagent l\u2019incendie autant qu\u2019ils peuvent l\u2019\u00e9touffer. Le mouvement peut habilement exploiter les turpitudes du sommet de l\u2019\u00c9tat pour faire avancer ses positions, mais il pourrait tout aussi vite s\u2019enliser dans des batailles \u00e9lectorales si des l\u00e9gislatives anticip\u00e9es \u00e9taient convoqu\u00e9es.Quant au slogan \u00ab tout bloquer \u00bb, s\u2019il a le m\u00e9rite de la clart\u00e9, sa mise en pratique est loin d\u2019\u00eatre simple. Le r\u00e9flexe des mouvements sociaux reste de tourner en rond dans des centres-villes o\u00f9 les policiers sont comme des poissons dans l\u2019eau. Pour l\u2019emporter, il faudra savoir emprunter les chemins de traverse et frapper l\u00e0 o\u00f9 \u00e7a fait mal en bloquant, vraiment, l\u2019\u00e9conomie.<\/p>\n<p>Rendez-vous est donn\u00e9 demain \u00e0 18 h 30 au Corum pour l\u2019assembl\u00e9e g\u00e9n\u00e9rale.<\/p>\n<p>Nos articles sont gratuits car nous pensons que la presse ind\u00e9pendante doit \u00eatre accessible \u00e0 toutes et tous. Pourtant, produire une information engag\u00e9e et de qualit\u00e9 n\u00e9cessite du temps et de l\u2019argent, surtout quand on refuse d\u2019\u00eatre aux ordres de Bollor\u00e9 et de ses amis\u2026 Pourvu que \u00e7a dure\u00a0! \u00c7a tombe bien, \u00e7a ne tient qu\u2019\u00e0 vous :<\/p>\n<p>    <script async src=\"https:\/\/platform.twitter.com\/widgets.js\" charset=\"utf-8\"><\/script><\/p>\n","protected":false},"excerpt":{"rendered":"Plus de 10 000 personnes ont manifest\u00e9 \u00e0 Montpellier le 10 septembre. (Photo de Mathieu Le Coz \/&hellip;\n","protected":false},"author":2,"featured_media":381492,"comment_status":"","ping_status":"","sticky":false,"template":"","format":"standard","meta":{"footnotes":""},"categories":[9599],"tags":[1111,11,1777,674,1011,27,2208,12,2680,25],"class_list":{"0":"post-381491","1":"post","2":"type-post","3":"status-publish","4":"format-standard","5":"has-post-thumbnail","7":"category-montpellier","8":"tag-actu","9":"tag-actualites","10":"tag-eu","11":"tag-europe","12":"tag-fr","13":"tag-france","14":"tag-montpellier","15":"tag-news","16":"tag-occitanie","17":"tag-republique-francaise"},"share_on_mastodon":{"url":"https:\/\/pubeurope.com\/@fr\/115182824627562111","error":""},"_links":{"self":[{"href":"https:\/\/www.europesays.com\/fr\/wp-json\/wp\/v2\/posts\/381491","targetHints":{"allow":["GET"]}}],"collection":[{"href":"https:\/\/www.europesays.com\/fr\/wp-json\/wp\/v2\/posts"}],"about":[{"href":"https:\/\/www.europesays.com\/fr\/wp-json\/wp\/v2\/types\/post"}],"author":[{"embeddable":true,"href":"https:\/\/www.europesays.com\/fr\/wp-json\/wp\/v2\/users\/2"}],"replies":[{"embeddable":true,"href":"https:\/\/www.europesays.com\/fr\/wp-json\/wp\/v2\/comments?post=381491"}],"version-history":[{"count":0,"href":"https:\/\/www.europesays.com\/fr\/wp-json\/wp\/v2\/posts\/381491\/revisions"}],"wp:featuredmedia":[{"embeddable":true,"href":"https:\/\/www.europesays.com\/fr\/wp-json\/wp\/v2\/media\/381492"}],"wp:attachment":[{"href":"https:\/\/www.europesays.com\/fr\/wp-json\/wp\/v2\/media?parent=381491"}],"wp:term":[{"taxonomy":"category","embeddable":true,"href":"https:\/\/www.europesays.com\/fr\/wp-json\/wp\/v2\/categories?post=381491"},{"taxonomy":"post_tag","embeddable":true,"href":"https:\/\/www.europesays.com\/fr\/wp-json\/wp\/v2\/tags?post=381491"}],"curies":[{"name":"wp","href":"https:\/\/api.w.org\/{rel}","templated":true}]}}