{"id":381493,"date":"2025-09-11T00:26:15","date_gmt":"2025-09-11T00:26:15","guid":{"rendered":"https:\/\/www.europesays.com\/fr\/381493\/"},"modified":"2025-09-11T00:26:15","modified_gmt":"2025-09-11T00:26:15","slug":"le-106-seduit-pour-cette-fin-dannee","status":"publish","type":"post","link":"https:\/\/www.europesays.com\/fr\/381493\/","title":{"rendered":"le 106 s\u00e9duit pour cette fin d&rsquo;ann\u00e9e"},"content":{"rendered":"<p>Un dernier trimestre foisonnant<a href=\"https:\/\/www.tendanceouest.com\/actualite-426579-rouen-residences-artistiques-un-tremplin-essentiel-avant-la-scene\" target=\"_blank\" rel=\"noopener nofollow\"> se pr\u00e9pare au 106,<\/a> la salle d\u00e9di\u00e9e aux musiques actuelles de Rouen sur les quais rive gauche.\u00a0\u00ab\u00a0Satisfaire et surprendre, cela reste notre devise depuis l&rsquo;ouverture, confie Jean-Christophe Aplincourt, directeur et programmateur du 106. Et pour cela, nous nous donnons les moyens gr\u00e2ce \u00e0 notre r\u00e9seau de producteurs et d&rsquo;agents, nous r\u00e9pondons au plus pr\u00e8s aux demandes des spectateurs en misant sur la diversit\u00e9.\u00a0\u00bb Le 106 se targue d&rsquo;accueillir des grands artistes de la sc\u00e8ne nationale et internationale comme Hoverphonic, Ko Ko Mo, Suzane et Groundation. Il s&rsquo;agit aussi parfois de groupes qui se produisent tr\u00e8s rarement en France comme Black Rebel Motorcycle Club.\u00a0Ils n&rsquo;assurent que quatre dates dans l&rsquo;Hexagone,\u00a0pr\u00e9cise le directeur,\u00a0tout comme Eivor, une Islandaise trop peu pr\u00e9sente en France.\u00a0\u00bb<\/p>\n<\/p>\n<p>Des d\u00e9couvertes constantes<\/p>\n<p>Mais le 106 pr\u00e9sente aussi des artistes de niche, comme Jean et son rap introspectif, et nous invite \u00e0 d\u00e9couvrir des univers m\u00e9connus comme le rock garage du groupe f\u00e9minin japonais The 5,6,7,8&rsquo;s le 18 octobre, connu pour sa participation \u00e0 la bande originale du film Kill Bill. Dans l&rsquo;ADN du 106, il y a aussi bien s\u00fbr les 106 Exp\u00e9rience\u00a0: \u00ab\u00a0Ce rendez-vous mensuel donne une belle visibilit\u00e9 \u00e0 des groupes r\u00e9gionaux. Le format est con\u00e7u comme un after work, les concerts commen\u00e7ant d\u00e8s 18h30. C&rsquo;est un vrai laboratoire, et une source de renouvellement constante\u00a0\u00bb, assure Jean-Christophe Aplincourt.<\/p>\n<\/p>\n<p>Victime de son succ\u00e8s<\/p>\n<p>\u00ab\u00a0Avant m\u00eame la r\u00e9ouverture de la salle apr\u00e8s la pause estivale, de nombreux concerts annoncaient d\u00e9j\u00e0 complet,\u00a0se r\u00e9jouit le directeur,\u00a0la preuve de l&rsquo;app\u00e9tence de nos spectateurs pour la programmation.\u00a0Les places de Feu! Chatterton ont \u00e9t\u00e9 liquid\u00e9es en seulement 24h, et c&rsquo;est une des salles de France o\u00f9 les billets se sont vendus le plus vite\u00a0!\u00a0\u00bb Il faut dire que le 106 s&rsquo;est fait sa place sur la M\u00e9tropole en s&rsquo;adressant aussi \u00e0 des publics tr\u00e8s vari\u00e9s\u00a0: \u00ab\u00a0Nous organisons m\u00eame parfois des concerts assis de mani\u00e8re \u00e0 vraiment capter tous les \u00e2ges, comme celui d&rsquo;Avishai Cohen et de Lloyd Cole, des formats jazz folk qui s&rsquo;y pr\u00eatent particuli\u00e8rement.\u00a0\u00bb<\/p>\n<p style=\"font-weight: bold; color: #000;\">Pratique. Infos et tarifs sur <a href=\"https:\/\/le106.com\/\" target=\"_blank\" rel=\"noopener nofollow\">le106.com<\/a>.<\/p>\n","protected":false},"excerpt":{"rendered":"Un dernier trimestre foisonnant se pr\u00e9pare au 106, la salle d\u00e9di\u00e9e aux musiques actuelles de Rouen sur les&hellip;\n","protected":false},"author":2,"featured_media":381494,"comment_status":"","ping_status":"","sticky":false,"template":"","format":"standard","meta":{"footnotes":""},"categories":[9587],"tags":[1111,11,1777,674,1011,27,12,5161,25,9590],"class_list":{"0":"post-381493","1":"post","2":"type-post","3":"status-publish","4":"format-standard","5":"has-post-thumbnail","7":"category-rouen","8":"tag-actu","9":"tag-actualites","10":"tag-eu","11":"tag-europe","12":"tag-fr","13":"tag-france","14":"tag-news","15":"tag-normandie","16":"tag-republique-francaise","17":"tag-rouen"},"share_on_mastodon":{"url":"https:\/\/pubeurope.com\/@fr\/115182828484414105","error":""},"_links":{"self":[{"href":"https:\/\/www.europesays.com\/fr\/wp-json\/wp\/v2\/posts\/381493","targetHints":{"allow":["GET"]}}],"collection":[{"href":"https:\/\/www.europesays.com\/fr\/wp-json\/wp\/v2\/posts"}],"about":[{"href":"https:\/\/www.europesays.com\/fr\/wp-json\/wp\/v2\/types\/post"}],"author":[{"embeddable":true,"href":"https:\/\/www.europesays.com\/fr\/wp-json\/wp\/v2\/users\/2"}],"replies":[{"embeddable":true,"href":"https:\/\/www.europesays.com\/fr\/wp-json\/wp\/v2\/comments?post=381493"}],"version-history":[{"count":0,"href":"https:\/\/www.europesays.com\/fr\/wp-json\/wp\/v2\/posts\/381493\/revisions"}],"wp:featuredmedia":[{"embeddable":true,"href":"https:\/\/www.europesays.com\/fr\/wp-json\/wp\/v2\/media\/381494"}],"wp:attachment":[{"href":"https:\/\/www.europesays.com\/fr\/wp-json\/wp\/v2\/media?parent=381493"}],"wp:term":[{"taxonomy":"category","embeddable":true,"href":"https:\/\/www.europesays.com\/fr\/wp-json\/wp\/v2\/categories?post=381493"},{"taxonomy":"post_tag","embeddable":true,"href":"https:\/\/www.europesays.com\/fr\/wp-json\/wp\/v2\/tags?post=381493"}],"curies":[{"name":"wp","href":"https:\/\/api.w.org\/{rel}","templated":true}]}}