{"id":381495,"date":"2025-09-11T00:27:17","date_gmt":"2025-09-11T00:27:17","guid":{"rendered":"https:\/\/www.europesays.com\/fr\/381495\/"},"modified":"2025-09-11T00:27:17","modified_gmt":"2025-09-11T00:27:17","slug":"dans-leur-brasserie-a-rouen-ils-redonnent-vie-a-un-tableau-emmure-depuis-des-decennies","status":"publish","type":"post","link":"https:\/\/www.europesays.com\/fr\/381495\/","title":{"rendered":"Dans leur brasserie \u00e0 Rouen, ils redonnent vie \u00e0 un tableau emmur\u00e9 depuis des d\u00e9cennies"},"content":{"rendered":"<p class=\"paragraph text_align_left lp-f-body-02\">Au centre, un joueur d\u2019accord\u00e9on. Derri\u00e8re lui, quelques clients, un serveur fa\u00e7on loufiat parisien, des affiches\u2026 En bas, quelques cartes, des verres et des pintes de bi\u00e8re\u2026 Depuis quelques jours, une toile peinte par Pierre Le Trividic en 1956, signature reconnue de l\u2019\u00c9cole de Rouen, a retrouv\u00e9 la lumi\u00e8re apr\u00e8s une bonne dizaine d\u2019ann\u00e9es pass\u00e9es derri\u00e8re les panneaux de bois d\u2019un caf\u00e9 de Rouen (Seine-Maritime).<\/p>\n<p class=\"paragraph text_align_left lp-f-body-02\">Ce sont ses deux nouveaux propri\u00e9taires, L\u00e9o et Greg, qui ont absolument tenu \u00e0 lui redonner vie. Ils ont d\u2019ailleurs renomm\u00e9 leur \u00e9tablissement en son honneur puisque leur bistrot de quartier s\u2019appelle d\u00e9sormais \u00ab L\u2019Accord\u00e9on \u00bb. \u00ab \u00c7a correspondait compl\u00e9ment \u00e0 l\u2019esprit de ce que nous voulions faire de ce lieu \u00bb, s\u2019enthousiasme L\u00e9o. \u00ab C\u2019\u00e9tait donc logique d\u2019aller au bout de la d\u00e9marche \u00bb.<\/p>\n","protected":false},"excerpt":{"rendered":"Au centre, un joueur d\u2019accord\u00e9on. Derri\u00e8re lui, quelques clients, un serveur fa\u00e7on loufiat parisien, des affiches\u2026 En bas,&hellip;\n","protected":false},"author":2,"featured_media":381496,"comment_status":"","ping_status":"","sticky":false,"template":"","format":"standard","meta":{"footnotes":""},"categories":[9587],"tags":[1111,11,872,459,1777,674,1011,27,12,5161,25,9590,11074],"class_list":{"0":"post-381495","1":"post","2":"type-post","3":"status-publish","4":"format-standard","5":"has-post-thumbnail","7":"category-rouen","8":"tag-actu","9":"tag-actualites","10":"tag-culture-et-loisirs","11":"tag-departements-horsidfo","12":"tag-eu","13":"tag-europe","14":"tag-fr","15":"tag-france","16":"tag-news","17":"tag-normandie","18":"tag-republique-francaise","19":"tag-rouen","20":"tag-seine-maritime-76"},"share_on_mastodon":{"url":"https:\/\/pubeurope.com\/@fr\/115182832456852738","error":""},"_links":{"self":[{"href":"https:\/\/www.europesays.com\/fr\/wp-json\/wp\/v2\/posts\/381495","targetHints":{"allow":["GET"]}}],"collection":[{"href":"https:\/\/www.europesays.com\/fr\/wp-json\/wp\/v2\/posts"}],"about":[{"href":"https:\/\/www.europesays.com\/fr\/wp-json\/wp\/v2\/types\/post"}],"author":[{"embeddable":true,"href":"https:\/\/www.europesays.com\/fr\/wp-json\/wp\/v2\/users\/2"}],"replies":[{"embeddable":true,"href":"https:\/\/www.europesays.com\/fr\/wp-json\/wp\/v2\/comments?post=381495"}],"version-history":[{"count":0,"href":"https:\/\/www.europesays.com\/fr\/wp-json\/wp\/v2\/posts\/381495\/revisions"}],"wp:featuredmedia":[{"embeddable":true,"href":"https:\/\/www.europesays.com\/fr\/wp-json\/wp\/v2\/media\/381496"}],"wp:attachment":[{"href":"https:\/\/www.europesays.com\/fr\/wp-json\/wp\/v2\/media?parent=381495"}],"wp:term":[{"taxonomy":"category","embeddable":true,"href":"https:\/\/www.europesays.com\/fr\/wp-json\/wp\/v2\/categories?post=381495"},{"taxonomy":"post_tag","embeddable":true,"href":"https:\/\/www.europesays.com\/fr\/wp-json\/wp\/v2\/tags?post=381495"}],"curies":[{"name":"wp","href":"https:\/\/api.w.org\/{rel}","templated":true}]}}