{"id":381497,"date":"2025-09-11T00:28:14","date_gmt":"2025-09-11T00:28:14","guid":{"rendered":"https:\/\/www.europesays.com\/fr\/381497\/"},"modified":"2025-09-11T00:28:14","modified_gmt":"2025-09-11T00:28:14","slug":"soiree-pyjama-avec-einstein-6-a-grenoble-echosciences","status":"publish","type":"post","link":"https:\/\/www.europesays.com\/fr\/381497\/","title":{"rendered":"Soir\u00e9e Pyjama avec Einstein #6 \u00e0 Grenoble | ECHOSCIENCES"},"content":{"rendered":"<p>La F\u00eate de la Science sur Twitch ? Aborder des connaissances et des m\u00e9thodes scientifiques lors d&rsquo;une soir\u00e9e chill chez soi, telle est l&rsquo;origine des soir\u00e9es pyjamas avec Einstein !<br \/>A mi-chemin entre une conf\u00e9rence rigoureuse et une discussion ludique, vous \u00eates tous invit\u00e9s \u00e0 participer dans le tchat !<br \/>\u00e0 partir de 21h sur <a href=\"https:\/\/www.twitch.tv\/virtualpreality\" target=\"_blank\" class=\"external\" title=\"https:\/\/www.twitch.tv\/virtualpreality - Nouvelle fen&#xEA;tre\" rel=\"nofollow noopener\">https:\/\/www.twitch.tv\/virtualpreality<\/a><\/p>\n","protected":false},"excerpt":{"rendered":"La F\u00eate de la Science sur Twitch ? Aborder des connaissances et des m\u00e9thodes scientifiques lors d&rsquo;une soir\u00e9e&hellip;\n","protected":false},"author":2,"featured_media":381498,"comment_status":"","ping_status":"","sticky":false,"template":"","format":"standard","meta":{"footnotes":""},"categories":[9566],"tags":[1111,11,2430,1777,674,1011,27,2731,12,25],"class_list":{"0":"post-381497","1":"post","2":"type-post","3":"status-publish","4":"format-standard","5":"has-post-thumbnail","7":"category-grenoble","8":"tag-actu","9":"tag-actualites","10":"tag-auvergne-rhone-alpes","11":"tag-eu","12":"tag-europe","13":"tag-fr","14":"tag-france","15":"tag-grenoble","16":"tag-news","17":"tag-republique-francaise"},"share_on_mastodon":{"url":"https:\/\/pubeurope.com\/@fr\/115182836401518170","error":""},"_links":{"self":[{"href":"https:\/\/www.europesays.com\/fr\/wp-json\/wp\/v2\/posts\/381497","targetHints":{"allow":["GET"]}}],"collection":[{"href":"https:\/\/www.europesays.com\/fr\/wp-json\/wp\/v2\/posts"}],"about":[{"href":"https:\/\/www.europesays.com\/fr\/wp-json\/wp\/v2\/types\/post"}],"author":[{"embeddable":true,"href":"https:\/\/www.europesays.com\/fr\/wp-json\/wp\/v2\/users\/2"}],"replies":[{"embeddable":true,"href":"https:\/\/www.europesays.com\/fr\/wp-json\/wp\/v2\/comments?post=381497"}],"version-history":[{"count":0,"href":"https:\/\/www.europesays.com\/fr\/wp-json\/wp\/v2\/posts\/381497\/revisions"}],"wp:featuredmedia":[{"embeddable":true,"href":"https:\/\/www.europesays.com\/fr\/wp-json\/wp\/v2\/media\/381498"}],"wp:attachment":[{"href":"https:\/\/www.europesays.com\/fr\/wp-json\/wp\/v2\/media?parent=381497"}],"wp:term":[{"taxonomy":"category","embeddable":true,"href":"https:\/\/www.europesays.com\/fr\/wp-json\/wp\/v2\/categories?post=381497"},{"taxonomy":"post_tag","embeddable":true,"href":"https:\/\/www.europesays.com\/fr\/wp-json\/wp\/v2\/tags?post=381497"}],"curies":[{"name":"wp","href":"https:\/\/api.w.org\/{rel}","templated":true}]}}