{"id":381501,"date":"2025-09-11T00:30:14","date_gmt":"2025-09-11T00:30:14","guid":{"rendered":"https:\/\/www.europesays.com\/fr\/381501\/"},"modified":"2025-09-11T00:30:14","modified_gmt":"2025-09-11T00:30:14","slug":"enseignement-vente-logistique-a-rennes-un-job-dating-avec-les-entreprises-du-territoire","status":"publish","type":"post","link":"https:\/\/www.europesays.com\/fr\/381501\/","title":{"rendered":"Enseignement, vente, logistique\u2026 \u00c0 Rennes, un job dating avec les entreprises du territoire"},"content":{"rendered":"<tr wp_automatic_readability=\"8.8333333333333\">\n<td valign=\"middle\" align=\"center\" class=\"col-logo\" wp_automatic_readability=\"5\">\n    <img decoding=\"async\" src=\"https:\/\/maville.com\/design\/images\/logo-of-monetise.svg?version=20130627\" alt=\"logo Ouest-France\" height=\"66\"\/><\/p>\n<p>Contenu r\u00e9serv\u00e9 aux abonn\u00e9s<\/p>\n<\/td>\n<td class=\"col-titre\">\n\t\t\tMercredi 10 septembre 2025 20:40<br \/>\n\t\t\t<a class=\"icon-bulle sizeL count\" href=\"#ancreAvis\"><br \/>\n\t&#8230;<br \/>\n<\/a><\/td>\n<\/tr>\n<p>\t\t<a class=\"mavillebox2 elmt-photo\" href=\"https:\/\/maville.com\/photosmvi\/2025\/09\/10\/P35454544D6969641G.jpg\" title=\" Le job dating est port\u00e9 par le Cr\u00e9dit agricole et ses partenaires.  \u00a9  archives Fotolia  &lt;!--TAG-BLC credit--&gt;\" rel=\"galerie_actu nofollow noopener\" target=\"_blank\"><br \/>\n\t<img decoding=\"async\" src=\"https:\/\/www.europesays.com\/fr\/wp-content\/uploads\/2025\/09\/P35454544D6969641G_crop_640-330_.jpg\" alt=\"photo  le job dating est port\u00e9 par le cr\u00e9dit agricole et ses partenaires.  \u00a9  archives fotolia \"\/><br \/>\n\t1<br \/>\n<\/a><\/p>\n<p class=\"elmt-legende\"> Le job dating est port\u00e9 par le Cr\u00e9dit agricole et ses partenaires.  \u00a9  archives Fotolia  <\/p>\n<p>\t\tUn job dating se tiendra \u00e0 Rennes mardi 23\u00a0septembre 2025, afin de mettre en relation les entreprises locales et les candidats du territoire. Plus de 30\u00a0postes en CDD et CDI seront propos\u00e9s, dans des secteurs vari\u00e9s.<\/p>\n<p><b>Cet article est r\u00e9serv\u00e9 aux abonn\u00e9s<\/b><\/p>\n<p>Pour un acc\u00e8s imm\u00e9diat, abonnez-vous<\/p>\n<p><b>1\u00e8re semaine offerte<\/b><\/p>\n<p>\t\tOuest-France<\/p>\n<p>Retrouvez d&rsquo;autres actus sur la commune de :<\/p>\n<p>\t\t&#13;<\/p>\n","protected":false},"excerpt":{"rendered":"Contenu r\u00e9serv\u00e9 aux abonn\u00e9s Mercredi 10 septembre 2025 20:40 &#8230; 1 Le job dating est port\u00e9 par le&hellip;\n","protected":false},"author":2,"featured_media":381502,"comment_status":"","ping_status":"","sticky":false,"template":"","format":"standard","meta":{"footnotes":""},"categories":[2821],"tags":[1111,11,829,26369,9614,313,1777,674,1011,27,1231,2726,12,3086,584,25,11280,4100],"class_list":{"0":"post-381501","1":"post","2":"type-post","3":"status-publish","4":"format-standard","5":"has-post-thumbnail","7":"category-rennes","8":"tag-actu","9":"tag-actualites","10":"tag-bretagne","11":"tag-dating","12":"tag-enseignement","13":"tag-entreprises","14":"tag-eu","15":"tag-europe","16":"tag-fr","17":"tag-france","18":"tag-job","19":"tag-logistique","20":"tag-news","21":"tag-redon","22":"tag-rennes","23":"tag-republique-francaise","24":"tag-territoire","25":"tag-vente"},"share_on_mastodon":{"url":"https:\/\/pubeurope.com\/@fr\/115182844523280513","error":""},"_links":{"self":[{"href":"https:\/\/www.europesays.com\/fr\/wp-json\/wp\/v2\/posts\/381501","targetHints":{"allow":["GET"]}}],"collection":[{"href":"https:\/\/www.europesays.com\/fr\/wp-json\/wp\/v2\/posts"}],"about":[{"href":"https:\/\/www.europesays.com\/fr\/wp-json\/wp\/v2\/types\/post"}],"author":[{"embeddable":true,"href":"https:\/\/www.europesays.com\/fr\/wp-json\/wp\/v2\/users\/2"}],"replies":[{"embeddable":true,"href":"https:\/\/www.europesays.com\/fr\/wp-json\/wp\/v2\/comments?post=381501"}],"version-history":[{"count":0,"href":"https:\/\/www.europesays.com\/fr\/wp-json\/wp\/v2\/posts\/381501\/revisions"}],"wp:featuredmedia":[{"embeddable":true,"href":"https:\/\/www.europesays.com\/fr\/wp-json\/wp\/v2\/media\/381502"}],"wp:attachment":[{"href":"https:\/\/www.europesays.com\/fr\/wp-json\/wp\/v2\/media?parent=381501"}],"wp:term":[{"taxonomy":"category","embeddable":true,"href":"https:\/\/www.europesays.com\/fr\/wp-json\/wp\/v2\/categories?post=381501"},{"taxonomy":"post_tag","embeddable":true,"href":"https:\/\/www.europesays.com\/fr\/wp-json\/wp\/v2\/tags?post=381501"}],"curies":[{"name":"wp","href":"https:\/\/api.w.org\/{rel}","templated":true}]}}