{"id":381505,"date":"2025-09-11T00:32:20","date_gmt":"2025-09-11T00:32:20","guid":{"rendered":"https:\/\/www.europesays.com\/fr\/381505\/"},"modified":"2025-09-11T00:32:20","modified_gmt":"2025-09-11T00:32:20","slug":"un-campus-bloque-et-quatre-lyceens-interpelles","status":"publish","type":"post","link":"https:\/\/www.europesays.com\/fr\/381505\/","title":{"rendered":"un campus bloqu\u00e9 et quatre lyc\u00e9ens interpell\u00e9s"},"content":{"rendered":"<p>Palettes, pneus, poubelles\u00a0: tout \u00e9tait bon pour condamner les six portes du campus Fonderie, \u00e0 l\u2019Universit\u00e9 de Haute Alsace. D\u00e8s cinq heures du matin, une trentaine d\u2019\u00e9tudiants mulhousiens membres de la Communaut\u00e9 solidaire des terres de l\u2019Est ou \u00ab\u00a0simples\u00a0\u00bb soutiens au mouvement national ont bloqu\u00e9 les portes et offert le caf\u00e9 \u00e0 leurs condisciples partag\u00e9s entre solidarit\u00e9, m\u00e9contentement voire col\u00e8re, lorsqu\u2019ils ont d\u00e9couvert que l\u2019UHA avait anticip\u00e9 le mouvement et ferm\u00e9 la facult\u00e9 des sciences \u00e9conomiques, sociales et juridiques d\u00e8s la veille.<\/p>\n<p>  \u00ab\u00a0Nous sommes l\u00e0 pour construire une France \u00e9galitaire\u00a0\u00bb<\/p>\n<p>\u00ab\u00a0Nos inqui\u00e9tudes et notre frustration face \u00e0 cette politique qui casse l\u2019enseignement sup\u00e9rieur et pr\u00e9carise la soci\u00e9t\u00e9 enti\u00e8re doivent \u00eatre entendues\u00a0!\u00a0\u00bb, argumentait Manon, \u00e9tudiante membre de la CSTE. Tandis que d\u2019autres \u00e9tudiants d\u00e9couvraient, surpris, que l\u2019\u00e9tablissement \u00e9tait ferm\u00e9. Il le restera toute la journ\u00e9e, m\u00eame apr\u00e8s que les manifestants ont rejoint le cort\u00e8ge mulhousien vers 13\u00a0h\u00a030.<\/p>\n<p>\u00c0 Strasbourg, les lyc\u00e9es des Pontonniers et Fustel-de-Coulanges ont \u00e9t\u00e9 les principaux th\u00e9\u00e2tres de la mobilisation lyc\u00e9enne. Ainsi que les lyc\u00e9es Marc-Bloch et Marie-Curie, dans une moindre mesure. Vers 9\u00a0h, une centaine de lyc\u00e9ens s\u2019est regroup\u00e9e devant le lyc\u00e9e des Pontonniers sans chercher \u00e0 le bloquer. \u00ab\u00a0Nous sommes l\u00e0 pour construire une France \u00e9galitaire\u00a0\u00bb, appuyaient certains d\u2019entre eux. \u00ab\u00a0Le choix de Lecornu est un crachat au visage du peuple. On veut une France de partage, de solidarit\u00e9 et d\u2019accueil des isol\u00e9s\u00a0\u00bb, poursuivaient d\u2019autres lyc\u00e9ens. L\u2019un d\u2019entre eux a assur\u00e9 qu\u2019il soutenait la cause \u00ab\u00a0sans \u00eatre anticapitaliste pour autant. Bloquer les \u00e9coles ne sert \u00e0 rien, ce sont les institutions qu\u2019il faut bloquer, l\u00e0 o\u00f9 il y a principalement des gens de gauche et o\u00f9 le discours est \u00e0 sens unique\u00a0\u00bb.<\/p>\n<p>Revendications sociales et soutien \u00e0 Gaza se sont fait entendre jusqu\u2019\u00e0 10\u00a0h, o\u00f9 450 \u00e0 500 \u00e9tudiants ont rejoint les lyc\u00e9ens devant les Pontonniers, apr\u00e8s avoir particip\u00e9 \u00e0 une assembl\u00e9e g\u00e9n\u00e9rale organis\u00e9e \u00e0 l\u2019Esplanade. \u00c9tudiants et lyc\u00e9ens ont ensuite converg\u00e9 vers le lyc\u00e9e Fustel-de-Coulanges, ferm\u00e9 pour toute la journ\u00e9e.<\/p>\n<p>  Quatre interpellations \u00e0 Strasbourg<\/p>\n<p>Devant ce dernier, les jeunes manifestants ont \u00e9t\u00e9 charg\u00e9s par la police, qui a interpell\u00e9 quatre \u00e9tudiants pour blocage, visage dissimul\u00e9 et outrages. Ils ont re\u00e7u le soutien d\u2019une partie des manifestants, qui a tent\u00e9 de rallier le commissariat au courant de l\u2019apr\u00e8s-midi.<\/p>\n<p>Quant au personnel et aux enseignants des coll\u00e8ges et lyc\u00e9es de l\u2019acad\u00e9mie, le taux de gr\u00e9vistes a atteint une moyenne de 3,26\u00a0% ce mercredi, soit un point de moins que la moyenne nationale.<\/p>\n","protected":false},"excerpt":{"rendered":"Palettes, pneus, poubelles\u00a0: tout \u00e9tait bon pour condamner les six portes du campus Fonderie, \u00e0 l\u2019Universit\u00e9 de Haute&hellip;\n","protected":false},"author":2,"featured_media":381506,"comment_status":"","ping_status":"","sticky":false,"template":"","format":"standard","meta":{"footnotes":""},"categories":[2820],"tags":[1111,11,2389,9671,1057,1777,674,107,1011,27,775,12,25,801,640],"class_list":{"0":"post-381505","1":"post","2":"type-post","3":"status-publish","4":"format-standard","5":"has-post-thumbnail","7":"category-strasbourg","8":"tag-actu","9":"tag-actualites","10":"tag-alsace","11":"tag-conflit-social","12":"tag-education","13":"tag-eu","14":"tag-europe","15":"tag-fil-info","16":"tag-fr","17":"tag-france","18":"tag-grand-est","19":"tag-news","20":"tag-republique-francaise","21":"tag-social","22":"tag-strasbourg"},"share_on_mastodon":{"url":"https:\/\/pubeurope.com\/@fr\/115182852181776356","error":""},"_links":{"self":[{"href":"https:\/\/www.europesays.com\/fr\/wp-json\/wp\/v2\/posts\/381505","targetHints":{"allow":["GET"]}}],"collection":[{"href":"https:\/\/www.europesays.com\/fr\/wp-json\/wp\/v2\/posts"}],"about":[{"href":"https:\/\/www.europesays.com\/fr\/wp-json\/wp\/v2\/types\/post"}],"author":[{"embeddable":true,"href":"https:\/\/www.europesays.com\/fr\/wp-json\/wp\/v2\/users\/2"}],"replies":[{"embeddable":true,"href":"https:\/\/www.europesays.com\/fr\/wp-json\/wp\/v2\/comments?post=381505"}],"version-history":[{"count":0,"href":"https:\/\/www.europesays.com\/fr\/wp-json\/wp\/v2\/posts\/381505\/revisions"}],"wp:featuredmedia":[{"embeddable":true,"href":"https:\/\/www.europesays.com\/fr\/wp-json\/wp\/v2\/media\/381506"}],"wp:attachment":[{"href":"https:\/\/www.europesays.com\/fr\/wp-json\/wp\/v2\/media?parent=381505"}],"wp:term":[{"taxonomy":"category","embeddable":true,"href":"https:\/\/www.europesays.com\/fr\/wp-json\/wp\/v2\/categories?post=381505"},{"taxonomy":"post_tag","embeddable":true,"href":"https:\/\/www.europesays.com\/fr\/wp-json\/wp\/v2\/tags?post=381505"}],"curies":[{"name":"wp","href":"https:\/\/api.w.org\/{rel}","templated":true}]}}