{"id":381513,"date":"2025-09-11T00:36:29","date_gmt":"2025-09-11T00:36:29","guid":{"rendered":"https:\/\/www.europesays.com\/fr\/381513\/"},"modified":"2025-09-11T00:36:29","modified_gmt":"2025-09-11T00:36:29","slug":"vallet-avec-200-adherents-luniversite-permanente-fait-recette","status":"publish","type":"post","link":"https:\/\/www.europesays.com\/fr\/381513\/","title":{"rendered":"Vallet. Avec 200\u00a0adh\u00e9rents, l\u2019universit\u00e9 permanente fait recette"},"content":{"rendered":"<p>En milieu rural, les gens sont parfois un peu complex\u00e9s \u00e0 pousser la porte de l\u2019universit\u00e9 permanente. Ce n\u2019est plus le cas au niveau de l\u2019antenne de Vallet\u00a0: 35\u00a0adh\u00e9rents en 1997, d\u00e9j\u00e0 plus de 200\u00a0pour cette rentr\u00e9e 2025. Et les inscriptions restent ouvertes. \u00a0Notre structure demeure une composante de l\u2019Universit\u00e9 de Nantes qui f\u00eate, cette ann\u00e9e, ses 50\u00a0ans. Elle permet \u00e0 tous de se cultiver et d\u2019apprendre. Dans cet objectif, il est organis\u00e9 des conf\u00e9rences et des enseignements qui peuvent s\u2019appuyer sur la recherche universitaire\u00a0, explique Lo\u00efc Pineau, le responsable local.<\/p>\n<p>De quoi est compos\u00e9 le programme de la saison 2025-2026\u00a0? Elle d\u00e9bute par une visite au mus\u00e9e Dobr\u00e9e, \u00e0 Nantes, avec une pr\u00e9sentation des \u0153uvres embl\u00e9matiques du site, en format conf\u00e9rence, le jeudi 9\u00a0octobre, tarif\u00a0: 9\u00a0\u20ac. Au programme \u00e9galement, deux s\u00e9ries de quatre et six s\u00e9ances d\u2019informations, d\u2019enseignements, de d\u00e9bats. Le premier th\u00e8me concerne l\u2019\u00e9poque de la Renaissance flamande et allemande, par Daine de Gouard, enseignante en histoire de l\u2019art\u00a0; le deuxi\u00e8me, l\u2019histoire de l\u2019alimentation, par Dominique Comelli, sp\u00e9cialiste de l\u2019histoire romaine. \u00a0Les cours durent deux heures et s\u2019\u00e9talent d\u2019octobre \u00e0 f\u00e9vrier\u00a02026\u00a0, pr\u00e9cisent les animateurs.<\/p>\n<p>Neuf conf\u00e9rences au programme<\/p>\n<p>Neuf conf\u00e9rences sont au menu, d\u2019octobre \u00e0 mai. Les th\u00e8mes sont vari\u00e9s\u00a0: le patrimoine culturel de l\u2019humanit\u00e9 inscrit \u00e0 l\u2019Unesco, les transformations structurelles de la d\u00e9mocratie fran\u00e7aise\u00a0; le muscadet et son \u00e9tiquette de vin de Nantes\u00a0; le mur de Berlin\u00a0; l\u2019intelligence artificielle et ses enjeux pour l\u2019\u00e9ducation\u00a0; les mythes et r\u00e9alit\u00e9s sociales des roms et gens du voyage\u00a0; le rire et la philosophie\u00a0; les productions et leur environnement, leur circuit commercial. \u00a0Un rendez-vous sp\u00e9cial est pr\u00e9vu pour les 50\u00a0ans de l\u2019universit\u00e9 permanente, avec, pour th\u00e8me, on am\u00e9nage le monde comme on envisage la vie. Il sera anim\u00e9 par Val\u00e9rie Jousseaume, enseignante et chercheuse \u00e0 l\u2019institut de g\u00e9ographie et d\u2019am\u00e9nagement de Nantes, conseill\u00e8re municipale de La Boissi\u00e8re-du-Dor\u00e9\u00a0, annonce Lo\u00efc Pineau.<\/p>\n<p>L\u2019adh\u00e9sion au cycle annuel des conf\u00e9rences est de 25\u00a0\u20ac par personne. Il est possible de participer pour 8\u00a0\u20ac \u00e0 chacune des conf\u00e9rences. Cette adh\u00e9sion ne prend pas en compte les cours.<\/p>\n<p><strong>Contact.<\/strong> Lo\u00efc Pineau, t\u00e9l. 06\u00a071\u00a057\u00a052\u00a075, upvallet@orange.fr<\/p>\n<p>\u00a0<\/p>\n","protected":false},"excerpt":{"rendered":"En milieu rural, les gens sont parfois un peu complex\u00e9s \u00e0 pousser la porte de l\u2019universit\u00e9 permanente. Ce&hellip;\n","protected":false},"author":2,"featured_media":381514,"comment_status":"","ping_status":"","sticky":false,"template":"","format":"standard","meta":{"footnotes":""},"categories":[2818],"tags":[10546,1111,11,15155,1777,674,21,1011,27,766,12,2636,30991,14212,25,3272,5768,51472],"class_list":{"0":"post-381513","1":"post","2":"type-post","3":"status-publish","4":"format-standard","5":"has-post-thumbnail","7":"category-nantes","8":"tag-10546","9":"tag-actu","10":"tag-actualites","11":"tag-adherents","12":"tag-eu","13":"tag-europe","14":"tag-fait","15":"tag-fr","16":"tag-france","17":"tag-nantes","18":"tag-news","19":"tag-pays-de-la-loire","20":"tag-permanente","21":"tag-recette","22":"tag-republique-francaise","23":"tag-saint-nazaire","24":"tag-universite","25":"tag-vallet"},"share_on_mastodon":{"url":"https:\/\/pubeurope.com\/@fr\/115182867859643721","error":""},"_links":{"self":[{"href":"https:\/\/www.europesays.com\/fr\/wp-json\/wp\/v2\/posts\/381513","targetHints":{"allow":["GET"]}}],"collection":[{"href":"https:\/\/www.europesays.com\/fr\/wp-json\/wp\/v2\/posts"}],"about":[{"href":"https:\/\/www.europesays.com\/fr\/wp-json\/wp\/v2\/types\/post"}],"author":[{"embeddable":true,"href":"https:\/\/www.europesays.com\/fr\/wp-json\/wp\/v2\/users\/2"}],"replies":[{"embeddable":true,"href":"https:\/\/www.europesays.com\/fr\/wp-json\/wp\/v2\/comments?post=381513"}],"version-history":[{"count":0,"href":"https:\/\/www.europesays.com\/fr\/wp-json\/wp\/v2\/posts\/381513\/revisions"}],"wp:featuredmedia":[{"embeddable":true,"href":"https:\/\/www.europesays.com\/fr\/wp-json\/wp\/v2\/media\/381514"}],"wp:attachment":[{"href":"https:\/\/www.europesays.com\/fr\/wp-json\/wp\/v2\/media?parent=381513"}],"wp:term":[{"taxonomy":"category","embeddable":true,"href":"https:\/\/www.europesays.com\/fr\/wp-json\/wp\/v2\/categories?post=381513"},{"taxonomy":"post_tag","embeddable":true,"href":"https:\/\/www.europesays.com\/fr\/wp-json\/wp\/v2\/tags?post=381513"}],"curies":[{"name":"wp","href":"https:\/\/api.w.org\/{rel}","templated":true}]}}