{"id":381515,"date":"2025-09-11T00:37:19","date_gmt":"2025-09-11T00:37:19","guid":{"rendered":"https:\/\/www.europesays.com\/fr\/381515\/"},"modified":"2025-09-11T00:37:19","modified_gmt":"2025-09-11T00:37:19","slug":"la-beaujoire-va-encore-accueillir-les-feminines-du-fc-nantes-premiere-ligue-j4-fc-nantes-paris-fc","status":"publish","type":"post","link":"https:\/\/www.europesays.com\/fr\/381515\/","title":{"rendered":"La Beaujoire va (encore) accueillir les f\u00e9minines du FC Nantes &#8211; Premi\u00e8re Ligue &#8211; J4 &#8211; FC Nantes-Paris FC"},"content":{"rendered":"<p>Impossible n\u2019est pas nantais !<\/p>\n<p><strong>Le FC Nantes accueillera le Paris FC le vendredi 3 ou le samedi 4 octobre prochain \u00e0 la Beaujoire.<\/strong> La date d\u00e9pend de l\u2019\u00e9ventuelle (et probable) qualif du PFC en Ligue des champions, qui joue ses barrages contre l\u2019Austria Vienne, mais ne change rien \u00e0 l\u2019objectif des Nantaises : battre le record d\u2019affluence des f\u00e9minines pour un match \u00e0 la Beaujoire. Les places sont vendues cinq euros.<\/p>\n<p>La saison pass\u00e9e, pour la premi\u00e8re saison des Nantaises dans l\u2019\u00e9lite, <a target=\"_blank\" href=\"https:\/\/www.sofoot.com\/articles\/fc-nantes-recit-dune-soiree-historique-a-la-beaujoire-pour-les-feminines-avec-un-record-a-la-cle\" rel=\"nofollow noopener\">16 847 personnes \u00e9taient venues assister au FC Nantes \u2013 PSG<\/a>\u00a0et \u00e0 la courte d\u00e9faite (0-1) des Nantaises. Cette affluence avait constitu\u00e9 un record en Premi\u00e8re Ligue, chiffre d\u00e9pass\u00e9 par le PSG-OL de janvier. Nantes a d\u00e9marr\u00e9 sa saison par une victoire (2-1) contre Saint-\u00c9tienne au stade Marcel-Saupin, devant moins de 1 000 spectateurs.<\/p>\n<p>Le <a target=\"_blank\" href=\"https:\/\/www.sofoot.com\/articles\/clara-mateo-la-pepite-qui-monte-chez-les-bleues-euro-2022-gr-d-islande-france\" rel=\"nofollow noopener\">Clara Mateo<\/a>-ico ?<\/p>\n<p>\t\t\t\t\t\t\t\t\t\t<a class=\"lien-connexe\" href=\"https:\/\/www.sofoot.com\/breves\/premiere-ligue-national-national-2-plusieurs-rencontres-reportees-en-france-a-cause-de-la-tempete-caetano\" rel=\"nofollow noopener\" target=\"_blank\">Plusieurs rencontres report\u00e9es en France \u00e0 cause de la temp\u00eate Caetano<\/a>\t\t\t\t\t<\/p>\n","protected":false},"excerpt":{"rendered":"Impossible n\u2019est pas nantais ! Le FC Nantes accueillera le Paris FC le vendredi 3 ou le samedi&hellip;\n","protected":false},"author":2,"featured_media":381516,"comment_status":"","ping_status":"","sticky":false,"template":"","format":"standard","meta":{"footnotes":""},"categories":[2818],"tags":[1111,47,11,61,69,65,64,1777,674,63,1011,27,68,66,766,12,62,2636,70,25,67],"class_list":{"0":"post-381515","1":"post","2":"type-post","3":"status-publish","4":"format-standard","5":"has-post-thumbnail","7":"category-nantes","8":"tag-actu","9":"tag-actualite","10":"tag-actualites","11":"tag-actus-football","12":"tag-bundesliga","13":"tag-championnats-europeens","14":"tag-equipe-de-france","15":"tag-eu","16":"tag-europe","17":"tag-football","18":"tag-fr","19":"tag-france","20":"tag-ligua","21":"tag-ligue-1","22":"tag-nantes","23":"tag-news","24":"tag-news-foot","25":"tag-pays-de-la-loire","26":"tag-premier-league","27":"tag-republique-francaise","28":"tag-serie-a"},"share_on_mastodon":{"url":"https:\/\/pubeurope.com\/@fr\/115182871875166718","error":""},"_links":{"self":[{"href":"https:\/\/www.europesays.com\/fr\/wp-json\/wp\/v2\/posts\/381515","targetHints":{"allow":["GET"]}}],"collection":[{"href":"https:\/\/www.europesays.com\/fr\/wp-json\/wp\/v2\/posts"}],"about":[{"href":"https:\/\/www.europesays.com\/fr\/wp-json\/wp\/v2\/types\/post"}],"author":[{"embeddable":true,"href":"https:\/\/www.europesays.com\/fr\/wp-json\/wp\/v2\/users\/2"}],"replies":[{"embeddable":true,"href":"https:\/\/www.europesays.com\/fr\/wp-json\/wp\/v2\/comments?post=381515"}],"version-history":[{"count":0,"href":"https:\/\/www.europesays.com\/fr\/wp-json\/wp\/v2\/posts\/381515\/revisions"}],"wp:featuredmedia":[{"embeddable":true,"href":"https:\/\/www.europesays.com\/fr\/wp-json\/wp\/v2\/media\/381516"}],"wp:attachment":[{"href":"https:\/\/www.europesays.com\/fr\/wp-json\/wp\/v2\/media?parent=381515"}],"wp:term":[{"taxonomy":"category","embeddable":true,"href":"https:\/\/www.europesays.com\/fr\/wp-json\/wp\/v2\/categories?post=381515"},{"taxonomy":"post_tag","embeddable":true,"href":"https:\/\/www.europesays.com\/fr\/wp-json\/wp\/v2\/tags?post=381515"}],"curies":[{"name":"wp","href":"https:\/\/api.w.org\/{rel}","templated":true}]}}