{"id":381527,"date":"2025-09-11T00:44:16","date_gmt":"2025-09-11T00:44:16","guid":{"rendered":"https:\/\/www.europesays.com\/fr\/381527\/"},"modified":"2025-09-11T00:44:16","modified_gmt":"2025-09-11T00:44:16","slug":"plusieurs-blesses-lors-de-plusieurs-rixes-au-couteau-sur-fond-dalcool-a-marseille","status":"publish","type":"post","link":"https:\/\/www.europesays.com\/fr\/381527\/","title":{"rendered":"Plusieurs bless\u00e9s lors de plusieurs rixes au couteau sur fond d&rsquo;alcool \u00e0 Marseille"},"content":{"rendered":"<p>A dix minutes d\u2019intervalle, ce soir du lundi 8 septembre, deux personnes ont fini \u00e0 l\u2019h\u00f4pital apr\u00e8s avoir re\u00e7u des coups de couteau dans <a href=\"https:\/\/www.laprovence.com\/article\/region\/81018359758199\/un-trentenaire-tue-a-larme-blanche-au-cours-dune-rixe-dans-le-quartier-du-gres-a-martigues\" target=\"_blank\" rel=\"noopener\">un contexte de rixe<\/a> sur fond d\u2019alcool. Vers 18h30, c\u2019est d\u2019abord \u00e0 Saint-Tronc, dans le 10e arrondissement de Marseille, dans un immeuble de la r\u00e9sidence Bellevue qu\u2019une bagarre au couteau a \u00e9clat\u00e9 dans des circonstances troubles.<\/p>\n<p>\u00c0 l\u2019arriv\u00e9e des policiers du GSP, alert\u00e9s par des riverains, deux jeunes hommes \u00e2g\u00e9s de 17\u00a0ans gisaient dans le hall, en piteux \u00e9tat. L\u2019un \u00e9tait bless\u00e9 au niveau de l\u2019abdomen, tandis que l\u2019autre, manifestement ivre, ne tenait plus debout mais cachait tant bien que mal un couteau. Ce dernier a \u00e9t\u00e9 interpell\u00e9 mais plac\u00e9 en cellule de d\u00e9grisement dans l\u2019attente de pouvoir \u00eatre entendu.<\/p>\n<p>Le deuxi\u00e8me jeune homme, pris en charge par les marins-pompiers dans un \u00e9tat grave, a d\u00fb \u00eatre plac\u00e9 en r\u00e9animation, o\u00f9 sont \u00e9tat s\u2019est finalement av\u00e9r\u00e9 rassurant.<\/p>\n<p>Une quinquag\u00e9naire trouv\u00e9e ivre et bless\u00e9e<\/p>\n<p>Une enqu\u00eate a \u00e9t\u00e9 ouverte par le parquet de Marseille, qui a confi\u00e9 les investigations \u00e0 la division de la criminalit\u00e9 territoriale (DCT). Presque dans le m\u00eame temps, mais \u00e0 l\u2019autre bout de la ville, dans le 15e arrondissement, un \u00e9quipage de police secours \u00e9tait requis pour une jeune femme bless\u00e9e \u00e0 la gorge <a href=\"https:\/\/www.laprovence.com\/article\/region\/1962868556799114\/un-homme-de-31-ans-grievement-blesse-lors-d-une-rixe-a-l-arme-blanche-a-laragne-monteglin-dans-les-hautes-alpes\" target=\"_blank\" rel=\"noopener\">par arme blanche<\/a> \u00e0 la cit\u00e9 Campagne-L\u00e9v\u00eaque.<\/p>\n<p>A leur arriv\u00e9e, les policiers qui redoutaient le pire, ont d\u00e9couvert une victime de 51 ans plus \u00e9m\u00e9ch\u00e9e que souffrante. Elle ne se souvenait d\u2019ailleurs plus du motif de l\u2019altercation qui avait conduit ses agresseurs \u00e0 la blesser l\u00e9g\u00e8rement au niveau du cou au moyen d\u2019une arme blanche.<\/p>\n<p>Trois suspects, deux jeunes hommes de 17\u00a0ans et une femme de 24\u00a0ans ont \u00e9t\u00e9 interpell\u00e9s par un \u00e9quipage de la Bac dans la foul\u00e9e et plac\u00e9s en garde \u00e0 vue.<\/p>\n","protected":false},"excerpt":{"rendered":"A dix minutes d\u2019intervalle, ce soir du lundi 8 septembre, deux personnes ont fini \u00e0 l\u2019h\u00f4pital apr\u00e8s avoir&hellip;\n","protected":false},"author":2,"featured_media":381528,"comment_status":"","ping_status":"","sticky":false,"template":"","format":"standard","meta":{"footnotes":""},"categories":[2814],"tags":[17,1111,11,4901,5264,1777,674,274,20820,1011,27,7826,884,12,2513,882,25,51473,3356],"class_list":{"0":"post-381527","1":"post","2":"type-post","3":"status-publish","4":"format-standard","5":"has-post-thumbnail","7":"category-marseille","8":"tag-17","9":"tag-actu","10":"tag-actualites","11":"tag-blesses","12":"tag-couteau","13":"tag-eu","14":"tag-europe","15":"tag-faits-divers-justice","16":"tag-fond","17":"tag-fr","18":"tag-france","19":"tag-lors","20":"tag-marseille","21":"tag-news","22":"tag-plusieurs","23":"tag-provence-alpes-cote-dazur","24":"tag-republique-francaise","25":"tag-rixes","26":"tag-sur"},"share_on_mastodon":{"url":"https:\/\/pubeurope.com\/@fr\/115182899352333703","error":""},"_links":{"self":[{"href":"https:\/\/www.europesays.com\/fr\/wp-json\/wp\/v2\/posts\/381527","targetHints":{"allow":["GET"]}}],"collection":[{"href":"https:\/\/www.europesays.com\/fr\/wp-json\/wp\/v2\/posts"}],"about":[{"href":"https:\/\/www.europesays.com\/fr\/wp-json\/wp\/v2\/types\/post"}],"author":[{"embeddable":true,"href":"https:\/\/www.europesays.com\/fr\/wp-json\/wp\/v2\/users\/2"}],"replies":[{"embeddable":true,"href":"https:\/\/www.europesays.com\/fr\/wp-json\/wp\/v2\/comments?post=381527"}],"version-history":[{"count":0,"href":"https:\/\/www.europesays.com\/fr\/wp-json\/wp\/v2\/posts\/381527\/revisions"}],"wp:featuredmedia":[{"embeddable":true,"href":"https:\/\/www.europesays.com\/fr\/wp-json\/wp\/v2\/media\/381528"}],"wp:attachment":[{"href":"https:\/\/www.europesays.com\/fr\/wp-json\/wp\/v2\/media?parent=381527"}],"wp:term":[{"taxonomy":"category","embeddable":true,"href":"https:\/\/www.europesays.com\/fr\/wp-json\/wp\/v2\/categories?post=381527"},{"taxonomy":"post_tag","embeddable":true,"href":"https:\/\/www.europesays.com\/fr\/wp-json\/wp\/v2\/tags?post=381527"}],"curies":[{"name":"wp","href":"https:\/\/api.w.org\/{rel}","templated":true}]}}