{"id":381529,"date":"2025-09-11T00:45:19","date_gmt":"2025-09-11T00:45:19","guid":{"rendered":"https:\/\/www.europesays.com\/fr\/381529\/"},"modified":"2025-09-11T00:45:19","modified_gmt":"2025-09-11T00:45:19","slug":"au-coeur-des-manifs-sur-les-points-de-blocage-a-marseille","status":"publish","type":"post","link":"https:\/\/www.europesays.com\/fr\/381529\/","title":{"rendered":"au c\u0153ur des manifs, sur les points de blocage \u00e0 Marseille"},"content":{"rendered":"<p class=\"rev-margin-0 rev-text-xs-normal\">Parmi les nombreuses mobilisations de la journ\u00e9e, un cort\u00e8ge d&rsquo;environ 150 personnes a un temps bloqu\u00e9 l&rsquo;entr\u00e9e de l&rsquo;A50 menant \u00e0 Aubagne et Toulon.<\/p>\n<p class=\"rev-margin-0 rev-text-xs-bold\">\/ Photo PHILIPPE LAURENSON<\/p>\n<p>Ils se sont mis \u00e0 bloc \u00e0 <a href=\"https:\/\/www.laprovence.com\/article\/region\/2297248569767914\/10-septembre-kermesse-militante-tentatives-de-blocus-a-marseille-lappel-a-la-mobilisation-a-ete-entendu\" target=\"_blank\" rel=\"nofollow noopener\">l\u2019appel de \u00ab\u00a0Bloquons tout\u00a0\u00bb<\/a>. Mercredi 10\u00a0septembre, le jour ne s\u2019\u00e9tait pas encore lev\u00e9, mais eux l\u2019\u00e9taient d\u00e9j\u00e0. Dans l\u2019air lourd d\u2019une aube \u00e9lectrique, ils s\u2019\u00e9taient r\u00e9partis en divers points, de part et d\u2019autre de Marseille, de La Valentine \u00e0 la Porte d\u2019Aix en passant par La Rose, la place Castellane ou le lyc\u00e9e Montgrand, dans l\u2019hypercentre.<\/p>\n<p>Une fa\u00e7on de quadriller le terrain, d\u00e8s l\u2019aurore, aussi bien dans les quartiers du c\u0153ur de ville qu\u2019en p\u00e9riph\u00e9rie, <a href=\"https:\/\/www.laprovence.com\/article\/societe\/5010406788344\/10-septembre-bloquons-tout-a-la-valentine-le-mouvement-agrege-de-nombreuses-coleres-marseillaises\" target=\"_blank\" rel=\"nofollow noopener\">comme \u00e0 La Valentine (11e)<\/a> o\u00f9 une vingtaine de personnes, v\u00eatues de gilets jaunes pour certaines, tractaient dans le rond-point de Leroy Merlin, ralentissant la circulation.<\/p>\n<p><img alt=\"D\u00e8s l'aurore, une vingtaine de personnes tractaient \u00e0 La Valentine, dans le rond-point de Leroy Merlin.\" loading=\"lazy\" decoding=\"async\" data-nimg=\"fill\" class=\" TwicCore_img__i9TC1 undefined  undefined\" style=\"position:absolute;height:100%;width:100%;left:0;top:0;right:0;bottom:0;color:transparent;background-size:cover;background-position:50% 50%;background-repeat:no-repeat;background-image:url(&quot;data:image\/svg+xml;charset=utf-8,%3Csvg xmlns='http:\/\/www.w3.org\/2000\/svg' %3E%3Cfilter id='b' color-interpolation-filters='sRGB'%3E%3CfeGaussianBlur stdDeviation='20'\/%3E%3CfeColorMatrix values='1 0 0 0 0 0 1 0 0 0 0 0 1 0 0 0 0 0 100 -1' result='s'\/%3E%3CfeFlood x='0' y='0' width='100%25' height='100%25'\/%3E%3CfeComposite operator='out' in='s'\/%3E%3CfeComposite in2='SourceGraphic'\/%3E%3CfeGaussianBlur stdDeviation='20'\/%3E%3C\/filter%3E%3Cimage width='100%25' height='100%25' x='0' y='0' preserveAspectRatio='none' style='filter: url(%23b);' href='https:\/\/pictures.laprovence.com\/cdn-cgi\/image\/blur=250\/media\/melody\/2025\/09\/10\/greve-et-manifestation-du-10-septembre-a-travers-le-mouvement-bloquons-tout-contre-les-orientations-1757538975_0b6c278fd1c860f6c278fd1c8d27c2v_.jpg'\/%3E%3C\/svg%3E&quot;)\"   src=\"https:\/\/www.europesays.com\/fr\/wp-content\/uploads\/2025\/09\/greve-et-manifestation-du-10-septembre-a-travers-le-mouvement-bloquons-tout-contre-les-orientations-.jpeg\"\/>D\u00e8s l&rsquo;aurore, une vingtaine de personnes tractaient \u00e0 La Valentine, dans le rond-point de Leroy Merlin. \/ Photo Gilles Bader<\/p>\n<p>Deux barri\u00e8res y avaient \u00e9t\u00e9 install\u00e9es, \u00e0 l\u2019entr\u00e9e de la bretelle d\u2019autoroute A50, amputant une partie d\u2019une voie sans la neutraliser au nom de la \u00ab\u00a0r\u00e9volte populaire\u00a0\u00bb. La tension est d\u2019abord mont\u00e9e entre policiers et manifestants, avant de s\u2019att\u00e9nuer tout aussi vite.<\/p>\n<p>Derri\u00e8re une banderole \u00ab\u00a0L\u2019argent au peuple\u00a0\u00bb, Jean-Marc (59\u00a0ans) esp\u00e9rait \u00ab\u00a0une transformation radicale du syst\u00e8me\u00a0\u00bb. Cet habitu\u00e9 des manifs d\u00e9veloppait son propos\u00a0: \u00ab\u00a0Je suis mobilis\u00e9 contre la politique d\u2019aust\u00e9rit\u00e9 de Macron, le plan Bayrou qui va devenir le plan Lecornu ou e&#8230;<\/p>\n","protected":false},"excerpt":{"rendered":"Parmi les nombreuses mobilisations de la journ\u00e9e, un cort\u00e8ge d&rsquo;environ 150 personnes a un temps bloqu\u00e9 l&rsquo;entr\u00e9e de&hellip;\n","protected":false},"author":2,"featured_media":381530,"comment_status":"","ping_status":"","sticky":false,"template":"","format":"standard","meta":{"footnotes":""},"categories":[2814],"tags":[17,1111,11,1102,9122,6521,154,1777,674,1011,27,6203,51474,884,12,882,1699,16,25,395],"class_list":{"0":"post-381529","1":"post","2":"type-post","3":"status-publish","4":"format-standard","5":"has-post-thumbnail","7":"category-marseille","8":"tag-17","9":"tag-actu","10":"tag-actualites","11":"tag-breakingnews","12":"tag-ces","13":"tag-coeur","14":"tag-des","15":"tag-eu","16":"tag-europe","17":"tag-fr","18":"tag-france","19":"tag-heures","20":"tag-manifs","21":"tag-marseille","22":"tag-news","23":"tag-provence-alpes-cote-dazur","24":"tag-recit","25":"tag-region","26":"tag-republique-francaise","27":"tag-septembre"},"share_on_mastodon":{"url":"https:\/\/pubeurope.com\/@fr\/115182903390571230","error":""},"_links":{"self":[{"href":"https:\/\/www.europesays.com\/fr\/wp-json\/wp\/v2\/posts\/381529","targetHints":{"allow":["GET"]}}],"collection":[{"href":"https:\/\/www.europesays.com\/fr\/wp-json\/wp\/v2\/posts"}],"about":[{"href":"https:\/\/www.europesays.com\/fr\/wp-json\/wp\/v2\/types\/post"}],"author":[{"embeddable":true,"href":"https:\/\/www.europesays.com\/fr\/wp-json\/wp\/v2\/users\/2"}],"replies":[{"embeddable":true,"href":"https:\/\/www.europesays.com\/fr\/wp-json\/wp\/v2\/comments?post=381529"}],"version-history":[{"count":0,"href":"https:\/\/www.europesays.com\/fr\/wp-json\/wp\/v2\/posts\/381529\/revisions"}],"wp:featuredmedia":[{"embeddable":true,"href":"https:\/\/www.europesays.com\/fr\/wp-json\/wp\/v2\/media\/381530"}],"wp:attachment":[{"href":"https:\/\/www.europesays.com\/fr\/wp-json\/wp\/v2\/media?parent=381529"}],"wp:term":[{"taxonomy":"category","embeddable":true,"href":"https:\/\/www.europesays.com\/fr\/wp-json\/wp\/v2\/categories?post=381529"},{"taxonomy":"post_tag","embeddable":true,"href":"https:\/\/www.europesays.com\/fr\/wp-json\/wp\/v2\/tags?post=381529"}],"curies":[{"name":"wp","href":"https:\/\/api.w.org\/{rel}","templated":true}]}}