{"id":38153,"date":"2025-04-20T05:56:10","date_gmt":"2025-04-20T05:56:10","guid":{"rendered":"https:\/\/www.europesays.com\/fr\/38153\/"},"modified":"2025-04-20T05:56:10","modified_gmt":"2025-04-20T05:56:10","slug":"nous-ne-laisserons-pas-faire-la-ville-de-nice-declare-la-guerre-a-laffichage-sauvage","status":"publish","type":"post","link":"https:\/\/www.europesays.com\/fr\/38153\/","title":{"rendered":"\u00ab\u00a0Nous ne laisserons pas faire\u00a0\u00bb: la Ville de Nice d\u00e9clare la guerre \u00e0 l\u2019affichage sauvage"},"content":{"rendered":"<p>\u00ab\u00a0Nous ne tol\u00e9rons aucun affichage sauvage depuis 2008 et la cr\u00e9ation du service d\u00e9di\u00e9 \u00e0 la lutte contre ce fl\u00e9au et celui des tags\u00a0\u00bb, mart\u00e8le Pierre-Paul L\u00e9onelli, adjoint au maire de Nice d\u00e9l\u00e9gu\u00e9 \u00e0 la Propret\u00e9. L\u2019\u00e9lu ne d\u00e9col\u00e8re pas: \u00ab\u00a0Au total, le nettoyage de ces affichettes a co\u00fbt\u00e9 180.000\u2005euros \u00e0 la collectivit\u00e9. Nous engageons un d\u00e9p\u00f4t de plainte d\u00e8s que nous le pouvons.\u00a0\u00bb<\/p>\n<p>\u00ab\u00a0Dans le cas des annonces &lsquo;rachat tout type de v\u00e9hicules&rsquo;, c\u2019est un syst\u00e8me qui remonte jusqu\u2019\u00e0 l\u2019\u00e9tranger. <strong>Elles sont coll\u00e9es un peu partout mais nous ne laisserons pas faire<\/strong>.\u00a0\u00bb<\/p>\n<p>Quentin, un lecteur nous a justement \u00e9crit, via la page Facebook Nice-Matin d\u00e9plorant le fait que \u00ab\u00a0Nice [soit] syst\u00e9matiquement victime de cette &lsquo;soci\u00e9t\u00e9&rsquo; qui pollue la ville et d\u00e9t\u00e9riore le mobilier urbain, la colle restant visible m\u00eame apr\u00e8s le retrait de leurs affiches publicitaires sauvages\u00a0\u00bb. Et de demander: \u00ab\u00a0<strong>Est-il possible d\u2019alerter les pouvoirs publics? (&#8230;)<\/strong>\u00ab\u00a0.<\/p>\n<blockquote class=\"twitter-tweet\">\n<p lang=\"fr\" dir=\"ltr\">Ce matin vous avez pu le constater la ville de Nice est pollu\u00e9e par des milliers d\u2019affichettes sur le mobilier urbain. Sans tarder les agents de la propret\u00e9 sont mobilis\u00e9s pour les arracher. Avec <a href=\"https:\/\/twitter.com\/cestrosi?ref_src=twsrc%5Etfw\" rel=\"nofollow noopener\" target=\"_blank\">@cestrosi<\/a> nous ne tol\u00e9rons aucun affichage sauvage et ce depuis 2008 ! <a href=\"https:\/\/t.co\/JWqkm1NHDI\" rel=\"nofollow\">pic.twitter.com\/JWqkm1NHDI<\/a><\/p>\n<p>\u2014 Pierre-Paul L\u00e9onelli (@PPLeonelli) <a href=\"https:\/\/twitter.com\/PPLeonelli\/status\/1913129196110348700?ref_src=twsrc%5Etfw\" rel=\"nofollow noopener\" target=\"_blank\">April 18, 2025<\/a><\/p><\/blockquote>\n<p>Le service tags et affiches sauvages avait d\u00e9j\u00e0 \u00e9t\u00e9 contact\u00e9; Pierre-Paul L\u00e9onelli a d\u2019ailleurs soulign\u00e9 son action par dans un post sur le r\u00e9seau social X. Il est d\u2019ailleurs possible de contacter la Frap (Force rapide d\u2019action propret\u00e9) pour signaler par exemple un d\u00e9p\u00f4t sauvage d\u2019ordures.<\/p>\n<p>Frap\u2005: 0800.06.06.40, 24h\/24, 7j\/7. Allo Mairies\u2005: 39.06 du lundi au vendredi, de 8h \u00e0 18h, et le samedi, de 8h30 \u00e0 17h.<\/p>\n<p>                                                                                                                                        <script async src=\"https:\/\/platform.twitter.com\/widgets.js\" charset=\"utf-8\"><\/script><\/p>\n","protected":false},"excerpt":{"rendered":"\u00ab\u00a0Nous ne tol\u00e9rons aucun affichage sauvage depuis 2008 et la cr\u00e9ation du service d\u00e9di\u00e9 \u00e0 la lutte contre&hellip;\n","protected":false},"author":2,"featured_media":38154,"comment_status":"","ping_status":"","sticky":false,"template":"","format":"standard","meta":{"footnotes":""},"categories":[2819],"tags":[1111,11,1777,674,1011,27,12,2401,882,25,3366],"class_list":{"0":"post-38153","1":"post","2":"type-post","3":"status-publish","4":"format-standard","5":"has-post-thumbnail","7":"category-nice","8":"tag-actu","9":"tag-actualites","10":"tag-eu","11":"tag-europe","12":"tag-fr","13":"tag-france","14":"tag-news","15":"tag-nice","16":"tag-provence-alpes-cote-dazur","17":"tag-republique-francaise","18":"tag-vie-locale"},"share_on_mastodon":{"url":"https:\/\/pubeurope.com\/@fr\/114368753433215418","error":""},"_links":{"self":[{"href":"https:\/\/www.europesays.com\/fr\/wp-json\/wp\/v2\/posts\/38153","targetHints":{"allow":["GET"]}}],"collection":[{"href":"https:\/\/www.europesays.com\/fr\/wp-json\/wp\/v2\/posts"}],"about":[{"href":"https:\/\/www.europesays.com\/fr\/wp-json\/wp\/v2\/types\/post"}],"author":[{"embeddable":true,"href":"https:\/\/www.europesays.com\/fr\/wp-json\/wp\/v2\/users\/2"}],"replies":[{"embeddable":true,"href":"https:\/\/www.europesays.com\/fr\/wp-json\/wp\/v2\/comments?post=38153"}],"version-history":[{"count":0,"href":"https:\/\/www.europesays.com\/fr\/wp-json\/wp\/v2\/posts\/38153\/revisions"}],"wp:featuredmedia":[{"embeddable":true,"href":"https:\/\/www.europesays.com\/fr\/wp-json\/wp\/v2\/media\/38154"}],"wp:attachment":[{"href":"https:\/\/www.europesays.com\/fr\/wp-json\/wp\/v2\/media?parent=38153"}],"wp:term":[{"taxonomy":"category","embeddable":true,"href":"https:\/\/www.europesays.com\/fr\/wp-json\/wp\/v2\/categories?post=38153"},{"taxonomy":"post_tag","embeddable":true,"href":"https:\/\/www.europesays.com\/fr\/wp-json\/wp\/v2\/tags?post=38153"}],"curies":[{"name":"wp","href":"https:\/\/api.w.org\/{rel}","templated":true}]}}