{"id":381531,"date":"2025-09-11T00:46:20","date_gmt":"2025-09-11T00:46:20","guid":{"rendered":"https:\/\/www.europesays.com\/fr\/381531\/"},"modified":"2025-09-11T00:46:20","modified_gmt":"2025-09-11T00:46:20","slug":"lyon-un-policier-juge-pour-avoir-casse-la-gueule-dun-gamin-de-14-ans-en-marge-des-emeutes","status":"publish","type":"post","link":"https:\/\/www.europesays.com\/fr\/381531\/","title":{"rendered":"Lyon. Un policier jug\u00e9 pour avoir \u00ab\u00a0cass\u00e9 la gueule d&rsquo;un gamin de 14 ans\u00a0\u00bb en marge des \u00e9meutes"},"content":{"rendered":"<p>            Par<br \/>\n        <strong><br \/>\n            <a href=\"https:\/\/actu.fr\/auteur\/redaction-lyon\" title=\"Consulter tous les articles de R\u00e9daction Lyon\" target=\"_blank\" rel=\"noopener\">R\u00e9daction Lyon<\/a><br \/>\n        <\/strong><\/p>\n<p>        Publi\u00e9 le<\/p>\n<p>            10 sept. 2025 \u00e0 15h08        <\/p>\n<p>Un policier de Vaulx-en-Velin a \u00e9t\u00e9 jug\u00e9 ce mardi 9\u00a0septembre 2025 par le tribunal correctionnel de <a href=\"https:\/\/actu.fr\/auvergne-rhone-alpes\/lyon_69123\" target=\"_blank\" rel=\"noopener\">Lyon<\/a> pour des <strong>\u00ab\u2009violences aggrav\u00e9es\u2009\u00bb sur un adolescent de 14\u00a0ans en marge des \u00e9meutes<\/strong> qui avaient touch\u00e9 <a href=\"https:\/\/actu.fr\/auvergne-rhone-alpes\/villeurbanne_69266\" target=\"_blank\" rel=\"noopener\">Villeurbanne<\/a> (Rh\u00f4ne) en mars\u00a02020. Quelques jours \u00e0 peine apr\u00e8s le confinement, le 19\u00a0mars 2020 vers 21h, le jeune Abdelkader X. avait en fait d\u00e9cid\u00e9 de rejoindre deux de ses \u00ab\u2009coll\u00e8gues\u2009\u00bb pour manger dans un fast-food du quartier de Grandcl\u00e9ment.<\/p>\n<p>Une \u00e9meute se forme apr\u00e8s une course-poursuite<\/p>\n<p class=\" wall-content\">Lui et ses amis \u00e9taient donc mont\u00e9s dans un bus, mais leur trajet avait \u00e9t\u00e9 stopp\u00e9 par des \u00e9meutes \u00e0 Villeurbanne\u2009: un motard qui avait fait\u00a0plusieurs \u00ab\u2009doigts d\u2019honneur\u2009\u00bb aux policiers lanc\u00e9s \u00e0 sa poursuite venait\u00a0de finir sa course dans un mur sur la bretelle d\u2019acc\u00e8s au p\u00e9riph\u00e9rique, pr\u00e8s de la gare routi\u00e8re Laurent-Bonnevay.<\/p>\n<p class=\" wall-content\">Un attroupement s\u2019\u00e9tait donc tr\u00e8s vite form\u00e9 autour des pompiers venus au secours de la victime, et une \u00ab\u2009cinquantaine\u2009\u00bb de \u00ab\u2009jeunes de la cit\u00e9\u2009\u00bb avaient accus\u00e9 les policiers d\u2019avoir \u00ab\u2009tu\u00e9\u2009\u00bb le motard.<\/p>\n<p class=\" wall-content\">C\u2019est donc dans des \u00ab\u2009nuages de fum\u00e9e lacrymog\u00e8ne\u2009\u00bb qu\u2019Abdelkader X. et ses deux amis avaient d\u00fb descendre de leur bus. L\u2019adolescent \u2013 qui mesure \u00ab\u20091,62 m\u00e8tre pour 57\u00a0kg\u2009\u00bb \u2013 avait tent\u00e9 de se \u00ab\u2009r\u00e9fugier\u2009\u00bb dans le Jardin de l\u2019Embellie, o\u00f9 il esp\u00e9rait \u00ab\u2009\u00eatre \u00e0 l\u2019abri\u2009\u00bb.<\/p>\n<p class=\" wall-content\">Mais il avait \u00e9t\u00e9 pris en chasse par Denis X, l\u2019un des nombreux policiers pr\u00e9sents, qui l\u2019accusait d\u2019avoir \u00ab\u2009jet\u00e9 des projectiles\u2009\u00bb sur l\u2019une des \u00ab\u2009colonnes\u2009\u00bb de la Compagnie d\u00e9partementale d\u2019intervention (CDI).<\/p>\n<p>Les avocats de l\u2019adolescent d\u00e9fendent une \u00ab\u2009vaste fumisterie\u2009\u00bb<\/p>\n<p class=\" wall-content\">L\u2019adolescent avait finalement \u00e9t\u00e9 plac\u00e9 en garde \u00e0 vue pour \u00ab\u2009violences avec arme sur personne d\u00e9positaire de l\u2019autorit\u00e9 publique\u2009\u00bb.<\/p>\n<p class=\" wall-content\">Un temps suspect\u00e9 de \u00ab\u2009r\u00e9bellion arm\u00e9e\u2009\u00bb pour avoir diffus\u00e9 une photo de ses blessures sur les r\u00e9seaux sociaux et attis\u00e9 la col\u00e8re du quartier, le juge des enfants l\u2019avait relax\u00e9, estimant qu\u2019il avait \u00ab\u2009l\u00e9gitimement\u2009\u00bb fui un \u00ab\u2009danger\u2009\u00bb.<\/p>\n<p>Votre r\u00e9gion, votre actu !<\/p>\n<p>Recevez chaque jour les infos qui comptent pour vous.<\/p>\n<p>\t<a href=\"https:\/\/actu.fr\/newsletter\" class=\"ac-btn ac-btn--corner ac-btn--medium ac-btn--blue800\" target=\"_blank\" rel=\"noopener\">S&rsquo;incrire<\/a><br \/>\nLe jeune d\u00e9nonce des violences polici\u00e8res<\/p>\n<p class=\" wall-content\">Reste une constante dans la garde \u00e0 vue du jeune gar\u00e7on\u2009: il assure n\u2019avoir jamais jet\u00e9 de projectiles, mais avoir \u00e9t\u00e9, au contraire, victime de violences polici\u00e8res.<\/p>\n<p class=\" wall-content\">Ses blessures, constat\u00e9es par un m\u00e9decin l\u00e9giste, sont d\u2019ailleurs \u00ab\u2009compatibles\u2009\u00bb avec son r\u00e9cit\u2009: Denis X l\u2019aurait attrap\u00e9 par le col alors qu\u2019il escaladait le grillage du jardin et lui aurait ass\u00e9n\u00e9 un \u00ab\u2009coup de gazeuse\u2009\u00bb dans les dents, dont plusieurs se sont cass\u00e9es. Il serait alors \u00ab\u2009tomb\u00e9 dans les pommes\u2009\u00bb avant de se r\u00e9veiller \u00ab\u2009dans la voiture de police\u2009\u00bb sans comprendre pourquoi.<\/p>\n<p class=\" wall-content\">Le jeune Abdelkader X. et sa m\u00e8re avaient d\u00e9cid\u00e9 par la suite de porter plainte. L\u2019enqu\u00eate avait \u00e9t\u00e9 confi\u00e9e au \u00ab\u2009bureau d\u00e9ontologie et enqu\u00eate\u2009\u00bb de la Direction d\u00e9partementale de la s\u00e9curit\u00e9 publique (DDSP) du Rh\u00f4ne\u2009: cette \u00ab\u2009cellule d\u00e9ontologie\u2009\u00bb est charg\u00e9e d\u2019enqu\u00eater dans les affaires mettant en cause des policiers.<\/p>\n<p>\u00ab\u2009Les policiers sont en train de mentir\u2009\u00bb<\/p>\n<p class=\" wall-content\">Probl\u00e8me, pour les avocats du jeune homme\u2009: la cellule a surtout repris la proc\u00e9dure r\u00e9dig\u00e9e par les policiers mis en cause, sans faire d\u2019investigations suppl\u00e9mentaires.<\/p>\n<p class=\" wall-content\">\u00ab\u2009Le fait d\u2019utiliser la proc\u00e9dure en cours\u00a0faite par des policiers mis en cause dans l\u2019affaire\u00a0questionne l\u2019ind\u00e9pendance de la cellule d\u00e9ontologie\u2009\u00bb, critiquent donc\u00a0Me Olivier Forray et Me Agn\u00e8s Bouquin. \u00ab\u2009Soutien jusqu\u2019\u00e0 l\u2019absurde des d\u00e9clarations polici\u00e8res\u2009\u00bb, cette \u00ab\u2009vaste fumisterie\u2009\u00bb est \u00e9maill\u00e9e de \u00ab\u2009manquements\u2009\u00bb et \u00ab\u2009interrogations laiss\u00e9es b\u00e9antes\u2009\u00bb. Elle n\u2019est qu\u2019un \u00ab\u2009nuage de gaz lacrymog\u00e8ne destin\u00e9 \u00e0 emp\u00eacher de voir ce qu\u2019il se passe r\u00e9ellement\u2009\u00bb et de \u00ab\u2009se rendre compte que les policiers sont en train de mentir\u2009\u00bb, r\u00e9sume Me Olivier Forray.<\/p>\n<p>La bombe lacrymog\u00e8ne \u00ab\u2009explose accidentellement\u2009\u00bb, selon le policier<\/p>\n<p class=\" wall-content\">Reste que les poursuites contre Denis X avaient finalement \u00e9t\u00e9 class\u00e9es sans suite fin 2021. Abdelkader X et ses avocats l\u2019ont donc assign\u00e9 par le biais d\u2019une \u00ab\u2009citation directe\u2009\u00bb, une proc\u00e9dure qui permet \u00e0 un plaignant de saisir directement un tribunal, en convoquant lui-m\u00eame l\u2019auteur pr\u00e9sum\u00e9 devant le juge.<\/p>\n<p class=\" wall-content\">Un \u00ab\u2009acharnement\u2009\u00bb que ne comprend pas le fonctionnaire de police, qui cumule aujourd\u2019hui neuf ans de service\u2009: il maintient qu\u2019Abdelkader X est \u00e0 l\u2019origine de certains projectiles visant ses coll\u00e8gues.<\/p>\n<p class=\" wall-content\">Ses blessures sont dues \u00e0 une \u00ab\u2009chute accidentelle face contre terre\u2009\u00bb, et sa \u00ab\u2009bombe lacrymog\u00e8ne\u2009\u00bb aurait \u00ab\u2009explos\u00e9 accidentellement\u2009\u00bb dans son \u00ab\u2009dos\u2009\u00bb. \u00ab\u2009Si je lui avais mis un coup de gazeuse dans la bouche, il aurait au moins eu des points de suture\u2009\u00bb, pense le policier, qui exerce d\u00e9sormais \u00e0 Vaulx-en-Velin.<\/p>\n<p class=\" wall-content\">Aucun de ses coll\u00e8gues, pourtant, n\u2019a pu formellement identifier Abdelkader X comme l\u2019un des lanceurs de projectiles. Et aucune \u00ab\u2009trace significative\u2009\u00bb dans le dos de l\u2019adolescent n\u2019accr\u00e9dite la version du pr\u00e9venu\u2009: les \u00ab\u2009blessures tr\u00e8s localis\u00e9es\u2009\u00bb [sur le visage du jeune, ndlr] \u00ab\u2009interrogent sur la chute sur le ventre\u2009\u00bb \u00e9voqu\u00e9e par l\u2019int\u00e9ress\u00e9, a d\u2019ailleurs fait remarquer la pr\u00e9sidente du tribunal.<\/p>\n<p>\u00c0 \u00ab\u2009aucun moment les coll\u00e8gues ne l\u2019ont frapp\u00e9\u2009\u00bb<\/p>\n<p class=\" wall-content\">L\u2019une des polici\u00e8res\u00a0pr\u00e9sente sur les lieux, cit\u00e9e comme t\u00e9moin, a cependant \u00ab\u2009confirm\u00e9 que l\u2019individu est tomb\u00e9 au sol\u2009\u00bb et qu\u2019\u00e0 \u00ab\u2009aucun moment les coll\u00e8gues ne l\u2019ont frapp\u00e9\u2009\u00bb. \u00ab\u2009Au contraire, l\u2019ensemble de mes coll\u00e8gues lui ont port\u00e9 secours\u2009: moi avec le d\u00e9contaminant [contre les gaz lacrymog\u00e8nes, ndlr], les autres en lui apportant de l\u2019eau.\u2009\u00bb<\/p>\n<p class=\" wall-content\">Mais, pour Me Olivier Forray, la r\u00e9alit\u00e9 est tout autre\u2009: Denis X a simplement \u00ab\u2009cass\u00e9 la gueule d\u2019un gamin de 14\u00a0ans ce soir-l\u00e0\u2009\u00bb.<\/p>\n<p class=\" wall-content\"><strong>Abdelkader X, aujourd\u2019hui \u00e2g\u00e9 de 19\u00a0ans, a d\u2019ailleurs confirm\u00e9 avoir \u00e9t\u00e9 \u00ab\u2009tabass\u00e9\u2009\u00bb<\/strong> et que Denis X lui aurait m\u00eame \u00ab\u2009ass\u00e9n\u00e9 le premier coup\u2009\u00bb. \u00ab\u2009Je l\u2019ai reconnu parce qu\u2019il est chauve. Et des chauves, il n\u2019y en avait pas huit ce soir-l\u00e0.\u2009\u00bb Il garde d\u2019ailleurs des s\u00e9quelles de cette intervention muscl\u00e9e\u2009: il a \u00ab\u2009quelques dents en moins\u2009\u00bb et assure \u00eatre \u00ab\u2009bien atteint physiquement et mentalement\u2009\u00bb depuis les faits.<\/p>\n<p class=\" wall-content\">Mais le policier est \u00ab\u2009accus\u00e9 injustement\u2009\u00bb, s\u2019offusque l\u2019avocat de la d\u00e9fense. \u00ab\u2009La v\u00e9rit\u00e9 est simplement celle d\u2019un honn\u00eate homme, d\u2019honn\u00eates gens qui ont fait le devoir de servir et qu\u2019on vient salir\u2009\u00bb, a grinc\u00e9 Me Laurent Boh\u00e9.<\/p>\n<p>D\u00e9cision de justice en octobre<\/p>\n<p class=\" wall-content\">Le recours \u00e0 la \u00ab\u2009citation directe\u2009\u00bb n\u2019a d\u2019ailleurs pas d\u2019autre but que de \u00ab\u2009s\u2019offrir une audience publique\u2009\u00bb, est-il convaincu. Dans ces conditions, il a demand\u00e9 des \u00ab\u2009dommages et int\u00e9r\u00eats\u2009\u00bb pour ce policier \u00ab\u2009d\u00e9cor\u00e9 \u00e0 deux reprises\u2009\u00bb.<\/p>\n<p class=\" wall-content\">La d\u00e9cision du tribunal correctionnel de Lyon sera rendue le mardi 7\u00a0octobre 2025.<\/p>\n<p class=\" wall-content\"><strong>MJ et GF\/ PressPepper<\/strong><\/p>\n<p class=\" wall-content\">Personnalisez votre actualit\u00e9 en ajoutant vos villes et m\u00e9dias en favori avec <a href=\"https:\/\/moncompte.actu.fr\" title=\"D\u00e9couvez Mon Actu\" rel=\"nofollow noopener\" data-trk=\"{&quot;cta&quot;:{&quot;action&quot;:&quot;https:\\\/\\\/moncompte.actu.fr&quot;,&quot;category&quot;:&quot;mon compte&quot;,&quot;from&quot;:&quot;article footer&quot;,&quot;name&quot;:&quot;Mon actu&quot;,&quot;type&quot;:&quot;cta&quot;}}\" target=\"_blank\">Mon Actu<\/a>.<\/p>\n","protected":false},"excerpt":{"rendered":"Par R\u00e9daction Lyon Publi\u00e9 le 10 sept. 2025 \u00e0 15h08 Un policier de Vaulx-en-Velin a \u00e9t\u00e9 jug\u00e9 ce&hellip;\n","protected":false},"author":2,"featured_media":381532,"comment_status":"","ping_status":"","sticky":false,"template":"","format":"standard","meta":{"footnotes":""},"categories":[1889],"tags":[1111,11,2430,1777,674,1011,27,303,2428,1272,12,25,104,7374],"class_list":{"0":"post-381531","1":"post","2":"type-post","3":"status-publish","4":"format-standard","5":"has-post-thumbnail","7":"category-lyon","8":"tag-actu","9":"tag-actualites","10":"tag-auvergne-rhone-alpes","11":"tag-eu","12":"tag-europe","13":"tag-fr","14":"tag-france","15":"tag-justice","16":"tag-lyon","17":"tag-manifestations","18":"tag-news","19":"tag-republique-francaise","20":"tag-societe","21":"tag-violences-policieres"},"share_on_mastodon":{"url":"https:\/\/pubeurope.com\/@fr\/115182908046419011","error":""},"_links":{"self":[{"href":"https:\/\/www.europesays.com\/fr\/wp-json\/wp\/v2\/posts\/381531","targetHints":{"allow":["GET"]}}],"collection":[{"href":"https:\/\/www.europesays.com\/fr\/wp-json\/wp\/v2\/posts"}],"about":[{"href":"https:\/\/www.europesays.com\/fr\/wp-json\/wp\/v2\/types\/post"}],"author":[{"embeddable":true,"href":"https:\/\/www.europesays.com\/fr\/wp-json\/wp\/v2\/users\/2"}],"replies":[{"embeddable":true,"href":"https:\/\/www.europesays.com\/fr\/wp-json\/wp\/v2\/comments?post=381531"}],"version-history":[{"count":0,"href":"https:\/\/www.europesays.com\/fr\/wp-json\/wp\/v2\/posts\/381531\/revisions"}],"wp:featuredmedia":[{"embeddable":true,"href":"https:\/\/www.europesays.com\/fr\/wp-json\/wp\/v2\/media\/381532"}],"wp:attachment":[{"href":"https:\/\/www.europesays.com\/fr\/wp-json\/wp\/v2\/media?parent=381531"}],"wp:term":[{"taxonomy":"category","embeddable":true,"href":"https:\/\/www.europesays.com\/fr\/wp-json\/wp\/v2\/categories?post=381531"},{"taxonomy":"post_tag","embeddable":true,"href":"https:\/\/www.europesays.com\/fr\/wp-json\/wp\/v2\/tags?post=381531"}],"curies":[{"name":"wp","href":"https:\/\/api.w.org\/{rel}","templated":true}]}}