{"id":381538,"date":"2025-09-11T00:51:17","date_gmt":"2025-09-11T00:51:17","guid":{"rendered":"https:\/\/www.europesays.com\/fr\/381538\/"},"modified":"2025-09-11T00:51:17","modified_gmt":"2025-09-11T00:51:17","slug":"les-tetes-de-cochon-deposees-devant-des-mosquees-lont-ete-par-des-etrangers-ayant-fui-la-france","status":"publish","type":"post","link":"https:\/\/www.europesays.com\/fr\/381538\/","title":{"rendered":"Les t\u00eates de cochon d\u00e9pos\u00e9es devant des mosqu\u00e9es l&rsquo;ont \u00e9t\u00e9 par des \u00e9trangers ayant fui la France"},"content":{"rendered":"<p class=\"mb-4 text-lg md:leading-8 break-words\">Le parquet de Paris a annonc\u00e9 mercredi que les neuf t\u00eates de porc d\u00e9couvertes devant des mosqu\u00e9es de la capitale et de la r\u00e9gion parisienne la veille avaient \u00e9t\u00e9 d\u00e9pos\u00e9es par des \u00e9trangers ayant aussit\u00f4t quitt\u00e9 le territoire. L&rsquo;incident rappelle de pr\u00e9c\u00e9dentes affaires attribu\u00e9es \u00e0 de possibles ing\u00e9rences \u00e9trang\u00e8res, dont les\u00a0tags d&rsquo;\u00e9toiles de David dans Paris \u00e0 l&rsquo;automne 2023 ou les mains rouges tagu\u00e9es sur le M\u00e9morial de la Shoah en mai 2024.<\/p>\n<p class=\"mb-4 text-lg md:leading-8 break-words\">Le parquet de Paris a indiqu\u00e9 mercredi 10 septembre que les\u00a0<a href=\"https:\/\/fr.news.yahoo.com\/indignation-apr%C3%A8s-d%C3%A9couverte-t%C3%AAtes-cochon-102308131.html\" data-ylk=\"slk:t\u00eates de cochon d\u00e9couvertes devant des mosqu\u00e9es;elm:context_link;itc:0;sec:content-canvas;outcm:mb_qualified_link;_E:mb_qualified_link;ct:story;\" class=\"link  yahoo-link\" target=\"_blank\" rel=\"noopener\">t\u00eates de cochon d\u00e9couvertes devant des mosqu\u00e9es<\/a>\u00a0la veille avaient \u00e9t\u00e9 d\u00e9pos\u00e9es par des \u00e9trangers ayant aussit\u00f4t quitt\u00e9 le territoire, une possible ing\u00e9rence rappelant des pr\u00e9c\u00e9dents dans la capitale.<\/p>\n<p class=\"mb-4 text-lg md:leading-8 break-words\">Neuf t\u00eates de porc, animal consid\u00e9r\u00e9 comme impur par l&rsquo;islam, ont \u00e9t\u00e9 d\u00e9couvertes mardi matin devant des mosqu\u00e9es de la capitale et de la r\u00e9gion parisienne, suscitant des r\u00e9actions indign\u00e9es.<\/p>\n<p class=\"mb-4 text-lg md:leading-8 break-words\">Les investigations de la brigade criminelle et de la police judiciaire ont rapidement permis d&rsquo;\u00e9tablir qu&rsquo;elles ont \u00e9t\u00e9 d\u00e9pos\u00e9es \u00ab\u00a0par des personnes de nationalit\u00e9 \u00e9trang\u00e8re qui ont aussit\u00f4t quitt\u00e9 le territoire\u00a0\u00bb, a indiqu\u00e9 le parquet, d\u00e9non\u00e7ant \u00ab\u00a0une volont\u00e9 manifeste de provoquer le trouble au sein de la nation\u00a0\u00bb.<\/p>\n<p>\u00ab\u00a0La plaque d&rsquo;immatriculation serait serbe\u00a0\u00bb<\/p>\n<p class=\"mb-4 text-lg md:leading-8 break-words\">Selon le parquet, sollicit\u00e9 par l&rsquo;AFP apr\u00e8s une information de BFMTV, \u00ab\u00a0un agriculteur normand s&rsquo;est manifest\u00e9 aupr\u00e8s des enqu\u00eateurs pour signaler que deux personnes \u00e9taient venues lui acheter une dizaine de t\u00eates de cochon\u00a0\u00bb, avec un v\u00e9hicule \u00ab\u00a0dont la plaque d&rsquo;immatriculation serait serbe\u00a0\u00bb.<\/p>\n<p class=\"mb-4 text-lg md:leading-8 break-words\">\u00ab\u00a0Les recherches en mati\u00e8re de vid\u00e9oprotection ont \u00e9tabli que c&rsquo;est avec ce m\u00eame v\u00e9hicule que ces personnes sont arriv\u00e9es \u00e0 Paris, pr\u00e8s (du quartier) Oberkampf, dans la nuit de lundi 8 \u00e0 mardi 9 septembre\u00a0\u00bb, a expliqu\u00e9 le minist\u00e8re public. Il a pr\u00e9cis\u00e9 que les images avaient \u00ab\u00a0\u00e9galement montr\u00e9 deux hommes d\u00e9poser les t\u00eates devant un certain nombre de mosqu\u00e9es\u00a0\u00bb.<\/p>\n<p class=\"mb-4 text-lg md:leading-8 break-words\">Ces individus \u00ab\u00a0sont susceptibles d&rsquo;avoir utilis\u00e9 une ligne de t\u00e9l\u00e9phone croate, dont le suivi atteste d&rsquo;un franchissement de la fronti\u00e8re franco-belge d\u00e8s le mardi matin, apr\u00e8s la commission des faits\u00a0\u00bb, a encore indiqu\u00e9 le parquet.<\/p>\n<p class=\"mb-4 text-lg md:leading-8 break-words\">Peu apr\u00e8s la d\u00e9couverte de ces t\u00eates de porc, le pr\u00e9fet de police, Laurent Nu\u00f1ez, avait \u00e9voqu\u00e9 de possibles \u00ab\u00a0actions d&rsquo;ing\u00e9rence \u00e9trang\u00e8re\u00a0\u00bb. Il faisait r\u00e9f\u00e9rence \u00e0 de pr\u00e9c\u00e9dentes affaires attribu\u00e9es \u00e0 de possibles ing\u00e9rences \u00e9trang\u00e8res, dont les\u00a0<a href=\"https:\/\/www.france24.com\/fr\/europe\/20231107-enqu\u00eate-sur-des-tags-d-\u00e9toiles-de-david-\u00e0-paris-la-piste-\u00e9trang\u00e8re-explor\u00e9e\" rel=\"nofollow noopener\" target=\"_blank\" data-ylk=\"slk:tags d&#039;\u00e9toiles de David dans Paris \u00e0 l&#039;automne 2023;elm:context_link;itc:0;sec:content-canvas\" class=\"link \">tags d&rsquo;\u00e9toiles de David dans Paris \u00e0 l&rsquo;automne 2023<\/a>\u00a0(dossier dans lequel deux Moldaves ont \u00e9t\u00e9 interpell\u00e9s) ou les <a href=\"https:\/\/www.france24.com\/fr\/\u00e9missions\/info-ou-intox\/20240522-mains-rouges-au-m\u00e9morial-de-la-shoah-\u00e0-paris-ce-que-l-on-sait-sur-une-possible-ing\u00e9rence-russe\" rel=\"nofollow noopener\" target=\"_blank\" data-ylk=\"slk:mains rouges tagu\u00e9es sur le M\u00e9morial de la Shoah;elm:context_link;itc:0;sec:content-canvas\" class=\"link \">mains rouges tagu\u00e9es sur le M\u00e9morial de la Shoah<\/a> en mai 2024.<\/p>\n<p class=\"mb-4 text-lg md:leading-8 break-words\">Quatre Bulgares seront jug\u00e9s \u00e0 l&rsquo;automne \u00e0 Paris dans l&rsquo;affaire des mains rouges, une affaire \u00ab\u00a0susceptible de correspondre \u00e0 une action de d\u00e9stabilisation de la France orchestr\u00e9e par les services de renseignement russe\u00a0\u00bb, a indiqu\u00e9 le parquet fin juillet.<\/p>\n<p class=\"mb-4 text-lg md:leading-8 break-words\">Dans l&rsquo;affaire des t\u00eates de cochon, le parquet a pr\u00e9cis\u00e9 que les investigations se poursuivaient sous deux qualifications. D&rsquo;un part\u00a0: violences volontaires sans incapacit\u00e9 \u00e0 raison de l&rsquo;appartenance ou de la non-appartenance, vraie ou suppos\u00e9e, de la victime \u00e0 une religion d\u00e9termin\u00e9e commis dans le but de servir les int\u00e9r\u00eats d&rsquo;une puissance \u00e9trang\u00e8re ou d&rsquo;une entreprise ou d&rsquo;une organisation \u00e9trang\u00e8re ou sous contr\u00f4le \u00e9tranger. Un d\u00e9lit qui fait encourir six ans d&#8217;emprisonnement.<\/p>\n<p class=\"mb-4 text-lg md:leading-8 break-words\">D&rsquo;autre part\u00a0: provocation publique \u00e0 la haine ou \u00e0 la violence en raison de la religion, un d\u00e9lit faisant encourir, lui, un an de prison.<\/p>\n<p>\u00ab\u00a0Triste \u00e9tape dans la mont\u00e9e de la haine antimusulmane\u00a0\u00bb<\/p>\n<p class=\"mb-4 text-lg md:leading-8 break-words\">Les t\u00eates de porc ont notamment \u00e9t\u00e9 d\u00e9couvertes \u00e0 Paris, devant des mosqu\u00e9es des 15e, 18e et 20e\u00a0arrondissements, ainsi que devant l&rsquo;entr\u00e9e de la mosqu\u00e9e Islah \u00e0 Montreuil (Seine-Saint-Denis), et \u00e0 Montrouge, Malakoff (Hauts-de-Seine) et Gentilly (Val-de-Marne).<\/p>\n<p class=\"mb-4 text-lg md:leading-8 break-words\">Plusieurs des t\u00eates de cochon \u00ab\u00a0supportaient une inscription &lsquo;MACRON&rsquo; \u00e9crite \u00e0 l&rsquo;encre bleue\u00a0\u00bb, selon le parquet.<\/p>\n<p class=\"mb-4 text-lg md:leading-8 break-words\">Cette d\u00e9couverte avait suscit\u00e9 une vague de condamnations, \u00e0 gauche comme \u00e0 droite de l&rsquo;\u00e9chiquier politique.<\/p>\n<p class=\"mb-4 text-lg md:leading-8 break-words\">\u00c0 lire aussi<a class=\"link \" href=\"https:\/\/www.france24.com\/fr\/france\/20250703-france-actes-antimusulmans-bondissent-75-actes-antis\u00e9mites-niveau-tr\u00e8s-\u00e9lev\u00e9\" rel=\"nofollow noopener\" target=\"_blank\" data-ylk=\"slk:France : les actes antimusulmans bondissent de 75 %, les actes antis\u00e9mites \u00e0 un niveau &quot;tr\u00e8s \u00e9lev\u00e9&quot;;elm:context_link;itc:0;sec:content-canvas\">France : les actes antimusulmans bondissent de 75 %, les actes antis\u00e9mites \u00e0 un niveau \u00ab\u00a0tr\u00e8s \u00e9lev\u00e9\u00a0\u00bb<\/a><\/p>\n<p class=\"mb-4 text-lg md:leading-8 break-words\">Le recteur de la Grande mosqu\u00e9e de Paris Chems-eddine Hafiz avait d\u00e9nonc\u00e9 \u00ab\u00a0une nouvelle et triste \u00e9tape dans la mont\u00e9e de la haine antimusulmane\u00a0\u00bb, appelant \u00ab\u00a0\u00e0 une prise de conscience et \u00e0 une solidarit\u00e9 nationale\u00a0\u00bb.<\/p>\n<p class=\"mb-4 text-lg md:leading-8 break-words\">Les actes antimusulmans enregistr\u00e9s en France sur la p\u00e9riode janvier-mai 2025 ont augment\u00e9 de 75\u00a0% par rapport \u00e0 2024, avec un triplement des atteintes aux personnes, selon des chiffres du minist\u00e8re de l&rsquo;Int\u00e9rieur de juillet.<\/p>\n<p class=\"mb-4 text-lg md:leading-8 break-words\">La France compte entre cinq et six millions de musulmans pratiquants et non pratiquants, ce qui fait de l&rsquo;islam la deuxi\u00e8me religion du pays et de la communaut\u00e9 musulmane fran\u00e7aise la premi\u00e8re en Europe.<\/p>\n<p class=\"mb-4 text-lg md:leading-8 break-words\">Avec AFP<\/p>\n","protected":false},"excerpt":{"rendered":"Le parquet de Paris a annonc\u00e9 mercredi que les neuf t\u00eates de porc d\u00e9couvertes devant des mosqu\u00e9es de&hellip;\n","protected":false},"author":2,"featured_media":381539,"comment_status":"","ping_status":"","sticky":false,"template":"","format":"standard","meta":{"footnotes":""},"categories":[1888],"tags":[1111,1928,11,1927,2883,1777,674,1011,27,4909,17056,21715,12,1926,626,1925,10857,25],"class_list":{"0":"post-381538","1":"post","2":"type-post","3":"status-publish","4":"format-standard","5":"has-post-thumbnail","7":"category-paris","8":"tag-actu","9":"tag-actu-paris","10":"tag-actualites","11":"tag-actualites-paris","12":"tag-ete","13":"tag-eu","14":"tag-europe","15":"tag-fr","16":"tag-france","17":"tag-la-capitale","18":"tag-memorial-de-la-shoah","19":"tag-mosquees","20":"tag-news","21":"tag-news-paris","22":"tag-paris","23":"tag-paris-news","24":"tag-parquet-de-paris","25":"tag-republique-francaise"},"share_on_mastodon":{"url":"https:\/\/pubeurope.com\/@fr\/115182926985506713","error":""},"_links":{"self":[{"href":"https:\/\/www.europesays.com\/fr\/wp-json\/wp\/v2\/posts\/381538","targetHints":{"allow":["GET"]}}],"collection":[{"href":"https:\/\/www.europesays.com\/fr\/wp-json\/wp\/v2\/posts"}],"about":[{"href":"https:\/\/www.europesays.com\/fr\/wp-json\/wp\/v2\/types\/post"}],"author":[{"embeddable":true,"href":"https:\/\/www.europesays.com\/fr\/wp-json\/wp\/v2\/users\/2"}],"replies":[{"embeddable":true,"href":"https:\/\/www.europesays.com\/fr\/wp-json\/wp\/v2\/comments?post=381538"}],"version-history":[{"count":0,"href":"https:\/\/www.europesays.com\/fr\/wp-json\/wp\/v2\/posts\/381538\/revisions"}],"wp:featuredmedia":[{"embeddable":true,"href":"https:\/\/www.europesays.com\/fr\/wp-json\/wp\/v2\/media\/381539"}],"wp:attachment":[{"href":"https:\/\/www.europesays.com\/fr\/wp-json\/wp\/v2\/media?parent=381538"}],"wp:term":[{"taxonomy":"category","embeddable":true,"href":"https:\/\/www.europesays.com\/fr\/wp-json\/wp\/v2\/categories?post=381538"},{"taxonomy":"post_tag","embeddable":true,"href":"https:\/\/www.europesays.com\/fr\/wp-json\/wp\/v2\/tags?post=381538"}],"curies":[{"name":"wp","href":"https:\/\/api.w.org\/{rel}","templated":true}]}}