{"id":381551,"date":"2025-09-11T00:58:17","date_gmt":"2025-09-11T00:58:17","guid":{"rendered":"https:\/\/www.europesays.com\/fr\/381551\/"},"modified":"2025-09-11T00:58:17","modified_gmt":"2025-09-11T00:58:17","slug":"euro-de-basket-luka-doncic-et-la-slovenie-craquent-dans-le-final-face-a-lallemagne-qui-passe-en-demi","status":"publish","type":"post","link":"https:\/\/www.europesays.com\/fr\/381551\/","title":{"rendered":"Euro de basket: Luka Doncic et la Slov\u00e9nie craquent dans le final face \u00e0 l&rsquo;Allemagne, qui passe en demi"},"content":{"rendered":"<p class=\"ap-StoryElement ap-StoryElement--mb ap-StoryText\">Men\u00e9s de 4 points \u00e0 l&rsquo;entame de la derni\u00e8re p\u00e9riode, les Allemands ont r\u00e9ussi \u00e0 renverser la situation et \u00e0 l&#8217;emporter malgr\u00e9 l&rsquo;omnipr\u00e9sence du meneur superstar adverse (39 points, 10 rebonds, 7 assists).<\/p>\n<p class=\"ap-StoryElement ap-StoryElement--mb ap-StoryText\">Doncic a tent\u00e9 de sauver les meubles et a inscrit 10 unit\u00e9s dans le dernier quart-temps, mais l&rsquo;adresse lui a manqu\u00e9 pour ramener son \u00e9quipe \u00e0 l&rsquo;\u00e9quilibre. Du c\u00f4t\u00e9 allemand, les efforts de Franz Wagner (23 points \u00e0 5\/17 au tir, 7 rebonds dont 4 offensifs), Dennis Schr\u00f6der (20 points, 7 assists) et Daniel Theis (15 points, 9 rebonds, 23 de +\/-) ont fait la diff\u00e9rence.<\/p>\n","protected":false},"excerpt":{"rendered":"Men\u00e9s de 4 points \u00e0 l&rsquo;entame de la derni\u00e8re p\u00e9riode, les Allemands ont r\u00e9ussi \u00e0 renverser la situation&hellip;\n","protected":false},"author":2,"featured_media":381552,"comment_status":"","ping_status":"","sticky":false,"template":"","format":"standard","meta":{"footnotes":""},"categories":[1587],"tags":[11,672,1465,1804,1805,1803,1777,674,1801,12,1802],"class_list":{"0":"post-381551","1":"post","2":"type-post","3":"status-publish","4":"format-standard","5":"has-post-thumbnail","7":"category-allemagne","8":"tag-actualites","9":"tag-allemagne","10":"tag-basket","11":"tag-bundesrepublik-deutschland","12":"tag-de","13":"tag-deutschland","14":"tag-eu","15":"tag-europe","16":"tag-germany","17":"tag-news","18":"tag-republique-federale-dallemagne"},"share_on_mastodon":{"url":"https:\/\/pubeurope.com\/@fr\/115182954632918641","error":""},"_links":{"self":[{"href":"https:\/\/www.europesays.com\/fr\/wp-json\/wp\/v2\/posts\/381551","targetHints":{"allow":["GET"]}}],"collection":[{"href":"https:\/\/www.europesays.com\/fr\/wp-json\/wp\/v2\/posts"}],"about":[{"href":"https:\/\/www.europesays.com\/fr\/wp-json\/wp\/v2\/types\/post"}],"author":[{"embeddable":true,"href":"https:\/\/www.europesays.com\/fr\/wp-json\/wp\/v2\/users\/2"}],"replies":[{"embeddable":true,"href":"https:\/\/www.europesays.com\/fr\/wp-json\/wp\/v2\/comments?post=381551"}],"version-history":[{"count":0,"href":"https:\/\/www.europesays.com\/fr\/wp-json\/wp\/v2\/posts\/381551\/revisions"}],"wp:featuredmedia":[{"embeddable":true,"href":"https:\/\/www.europesays.com\/fr\/wp-json\/wp\/v2\/media\/381552"}],"wp:attachment":[{"href":"https:\/\/www.europesays.com\/fr\/wp-json\/wp\/v2\/media?parent=381551"}],"wp:term":[{"taxonomy":"category","embeddable":true,"href":"https:\/\/www.europesays.com\/fr\/wp-json\/wp\/v2\/categories?post=381551"},{"taxonomy":"post_tag","embeddable":true,"href":"https:\/\/www.europesays.com\/fr\/wp-json\/wp\/v2\/tags?post=381551"}],"curies":[{"name":"wp","href":"https:\/\/api.w.org\/{rel}","templated":true}]}}