{"id":381559,"date":"2025-09-11T01:02:18","date_gmt":"2025-09-11T01:02:18","guid":{"rendered":"https:\/\/www.europesays.com\/fr\/381559\/"},"modified":"2025-09-11T01:02:18","modified_gmt":"2025-09-11T01:02:18","slug":"contestee-de-toutes-parts-ursula-von-der-leyen-toujours-dattaque-liberation","status":"publish","type":"post","link":"https:\/\/www.europesays.com\/fr\/381559\/","title":{"rendered":"contest\u00e9e de toutes parts, Ursula von der Leyen toujours d\u2019attaque \u2013 Lib\u00e9ration"},"content":{"rendered":"<p class=\"sc-cPiKLX AiZTS text-element\">En concluant, le 27 juillet en Ecosse, <a href=\"https:\/\/www.liberation.fr\/international\/europe\/guerre-commerciale-lunion-europeenne-prete-a-passer-sous-les-fourches-caudines-americaines-20250727_2ACJ4F67HRCFLILCEO3JLMQX5E\/?redirected=1\" target=\"_blank\" rel=\"noreferrer noopener\" title=\"https:\/\/www.liberation.fr\/international\/europe\/guerre-commerciale-lunion-europeenne-prete-a-passer-sous-les-fourches-caudines-americaines-20250727_2ACJ4F67HRCFLILCEO3JLMQX5E\/?redirected=1\">un accord commercial avec Donald Trump<\/a> qui n\u2019\u00e9tait rien d\u2019autre qu\u2019une capitulation en rase campagne, Ursula von der Leyen a dilapid\u00e9 une bonne partie de son capital politique tant aupr\u00e8s des opinions publiques que d\u2019une partie des Etats membres et des parlementaires europ\u00e9ens. Car, en acceptant ce \u00abtrait\u00e9 in\u00e9gal\u00bb, l\u2019ancienne ministre de la D\u00e9fense d\u2019Angela Merkel incarne d\u00e9sormais non pas \u00abl\u2019Europe puissance\u00bb qu\u2019aurait d\u00fb lui conf\u00e9rer son rang de premi\u00e8re puissance commerciale et \u00e9conomique, mais l\u2019Europe faible. De plus en plus contest\u00e9e, la pr\u00e9sidente de la Commission a tent\u00e9 de reprendre la main lors de son discours annuel sur \u00abl\u2019Etat de l\u2019Union\u00bb prononc\u00e9 ce mercredi 10 septembre \u00e0 Strasbourg devant le Parlement europ\u00e9en. Sans parvenir \u00e0 convaincre, les actes plaidant contre elle. <\/p>\n<p class=\"sc-cPiKLX AiZTS text-element\">Un sondage publi\u00e9 lundi par le site Le grand continent est accablant pour Von der Leyen et la Commission. R\u00e9alis\u00e9 dans cinq pays (Allemagne, France, Italie, Pologne, Espagne) repr\u00e9sentant 60 % de la population europ\u00e9enne, il montre qu <\/p>\n","protected":false},"excerpt":{"rendered":"En concluant, le 27 juillet en Ecosse, un accord commercial avec Donald Trump qui n\u2019\u00e9tait rien d\u2019autre qu\u2019une&hellip;\n","protected":false},"author":2,"featured_media":381560,"comment_status":"","ping_status":"","sticky":false,"template":"","format":"standard","meta":{"footnotes":""},"categories":[2],"tags":[11,75,73,1011,27,12,25,220,364,2544],"class_list":{"0":"post-381559","1":"post","2":"type-post","3":"status-publish","4":"format-standard","5":"has-post-thumbnail","7":"category-actualites","8":"tag-actualites","9":"tag-donald-trump","10":"tag-etats-unis","11":"tag-fr","12":"tag-france","13":"tag-news","14":"tag-republique-francaise","15":"tag-ukraine","16":"tag-union-europeenne","17":"tag-ursula-von-der-leyen"},"share_on_mastodon":{"url":"https:\/\/pubeurope.com\/@fr\/115182970059965461","error":""},"_links":{"self":[{"href":"https:\/\/www.europesays.com\/fr\/wp-json\/wp\/v2\/posts\/381559","targetHints":{"allow":["GET"]}}],"collection":[{"href":"https:\/\/www.europesays.com\/fr\/wp-json\/wp\/v2\/posts"}],"about":[{"href":"https:\/\/www.europesays.com\/fr\/wp-json\/wp\/v2\/types\/post"}],"author":[{"embeddable":true,"href":"https:\/\/www.europesays.com\/fr\/wp-json\/wp\/v2\/users\/2"}],"replies":[{"embeddable":true,"href":"https:\/\/www.europesays.com\/fr\/wp-json\/wp\/v2\/comments?post=381559"}],"version-history":[{"count":0,"href":"https:\/\/www.europesays.com\/fr\/wp-json\/wp\/v2\/posts\/381559\/revisions"}],"wp:featuredmedia":[{"embeddable":true,"href":"https:\/\/www.europesays.com\/fr\/wp-json\/wp\/v2\/media\/381560"}],"wp:attachment":[{"href":"https:\/\/www.europesays.com\/fr\/wp-json\/wp\/v2\/media?parent=381559"}],"wp:term":[{"taxonomy":"category","embeddable":true,"href":"https:\/\/www.europesays.com\/fr\/wp-json\/wp\/v2\/categories?post=381559"},{"taxonomy":"post_tag","embeddable":true,"href":"https:\/\/www.europesays.com\/fr\/wp-json\/wp\/v2\/tags?post=381559"}],"curies":[{"name":"wp","href":"https:\/\/api.w.org\/{rel}","templated":true}]}}