{"id":381567,"date":"2025-09-11T01:09:10","date_gmt":"2025-09-11T01:09:10","guid":{"rendered":"https:\/\/www.europesays.com\/fr\/381567\/"},"modified":"2025-09-11T01:09:10","modified_gmt":"2025-09-11T01:09:10","slug":"max-verstappen-va-t-il-racheter-une-ecurie-de-motogp-2","status":"publish","type":"post","link":"https:\/\/www.europesays.com\/fr\/381567\/","title":{"rendered":"Max Verstappen va-t-il racheter une \u00e9curie de MotoGP ?"},"content":{"rendered":"<p>\t\t\t<strong class=\"post-excerpt\"><\/p>\n<p itemprop=\"description\">Max Verstappen, futur propri\u00e9taire d&rsquo;une \u00e9curie du Championnat du monde de MotoGP ?<\/p>\n<p><\/strong>\t\t<\/p>\n<p class=\"p1\">Alors que le rachat de l\u2019\u00e9curie MotoGP Tech3 par G\u00fcnther Steiner fait d\u00e9j\u00e0 grand bruit, plusieurs m\u00e9dias rapportent que Max Verstappen aurait envisag\u00e9 de suivre le m\u00eame chemin. Mais l\u2019horizon d\u2019un tel projet reste pour l\u2019instant \u00e9loign\u00e9.<\/p>\n<p>   \t\t\t Tech3 en orbite, Max Verstappen en observation <\/p>\n<p class=\"p1\">Lors du Grand Prix de Catalogne, <a href=\"https:\/\/www.sportauto.fr\/actu\/sport-actu\/formule-1\/guenther-steiner-retour-f1-2024-411152.html\" target=\"_blank\" rel=\"noopener\">le transfert de Tech3 KTM<\/a> \u00e0 un consortium pilot\u00e9 par l\u2019ex-patron de Haas a bien confirm\u00e9 la porosit\u00e9 croissante entre Formule 1 et MotoGP. C\u2019est d\u2019ailleurs ce que rapportent nos confr\u00e8res de <a href=\"https:\/\/www.reuters.com\/sports\/former-f1-team-boss-steiner-leads-takeover-ktm-tech3-motogp-team-2025-09-05\/\" target=\"_blank\" rel=\"noopener\">Reuters<\/a>. <strong>Cette acquisition, rendue possible avant m\u00eame que Liberty Media, propri\u00e9taire de la F1<\/strong>, n\u2019ait repris les droits commerciaux du MotoGP, illustre l\u2019int\u00e9r\u00eat des acteurs de la F1 pour les deux-roues. <br class=\"yoast-text-mark\"\/>&gt;Chose nouvelle : dimanche, <strong>Sky Italia a d\u00e9voil\u00e9 que le champion du monde aurait mandat\u00e9 son p\u00e8re, Jos,<\/strong> pour sonder la possibilit\u00e9 de racheter une \u00e9quipe MotoGP. Notamment parmi les satellites LCR Honda et TrackHouse Aprilia. <br class=\"yoast-text-mark\"\/>&gt;Si son int\u00e9r\u00eat pour la discipline n\u2019est pas un secret \u2014 \u00ab Max est un grand fan du MotoGP \u00bb selon son manager Raymond Vermeulen \u2014 <strong>le rachat d\u2019une structure est jug\u00e9 irr\u00e9aliste dans l\u2019imm\u00e9diat.<\/strong> \u00ab Tout devrait \u00eatre parfait, et cela ne l\u2019est clairement pas pour l\u2019instant \u00bb, souligne-t-il.<br \/>Comme auparavant <strong>pour <a href=\"https:\/\/www.sportauto.fr\/actu\/sport-actu\/formule-1\/quand-lewis-hamilton-fait-360-avec-ferrari-zandvoort-video-437905.html\" target=\"_blank\" rel=\"noopener\">Lewis Hamilton<\/a>, ces intentions restent exploratoires.<\/strong> Elles sont \u00e0 suivre mais ne se traduisent pas encore en n\u00e9gociations concr\u00e8tes. C\u2019est ce que semblent indiquer plusieurs sources du paddock. Reste \u00e0 savoir si cela se confirme dans les mois \u00e0 venir. Peut-\u00eatre pendant la tr\u00eave d&rsquo;entre deux saisons.<\/p>\n<p> Un constructeur passionn\u00e9, mais pragmatique <\/p>\n<p class=\"p1\">Max Verstappen n\u2019est pas \u00e9tranger aux investissements sportifs. <strong>Il est d\u00e9j\u00e0 actif en GT via sa structure <a href=\"https:\/\/www.sportauto.fr\/gt\/max-verstappen-debuts-competition-gt-nurburging-438510.html\" target=\"_blank\" rel=\"noopener\">Verstappen.com Racing,<\/a> engag\u00e9 dans plusieurs disciplines comme GT World Challenge et DTM.<\/strong> <br class=\"yoast-text-mark\"\/>&gt;\u00c0 l\u2019image de <a href=\"https:\/\/www.sportauto.fr\/actu\/sport-actu\/formule-1\/f1-italie-monza-grand-prix-2025-nouveau-coup-dur-lewis-hamilton-ferrari-penalite-438078.html\" target=\"_blank\" rel=\"noopener\">Lewis Hamilton<\/a>, qui a d\u00e9j\u00e0 manifest\u00e9 son int\u00e9r\u00eat pour le MotoGP, Max Verstappen pourrait \u00eatre attir\u00e9 par l\u2019exposition internationale et le d\u00e9veloppement que promet la discipline.<strong> Notamment depuis que<a href=\"https:\/\/www.sportauto.fr\/motogp\/liberty-media-f1-moto-gp-rachat-434050.html\" target=\"_blank\" rel=\"noopener\"> Liberty Media a repris les droits<\/a> du MotoGP.<\/strong><br \/>Pour autant, les obstacles restent nombreux. Les \u00e9quipes sat\u00e9lites sont peu nombreuses, les constructeurs ne c\u00e8dent presque jamais leurs participations&#8230; <strong>Et les discussions n&rsquo;en sont encore \u00e0 un stade tr\u00e8s embryonnaire.<\/strong> <br class=\"yoast-text-mark\"\/>&gt;Alors que de plus en plus de ponts se tissent entre voitures et motos \u2014 <a href=\"https:\/\/www.sportauto.fr\/motogp\/motogp-lecurie-ktm-tech3-officiellement-vendue-438415.html\" target=\"_blank\" rel=\"noopener\">Tech3 en est l\u2019exemple<\/a> le plus marquant \u2014 la pr\u00e9sence (ou l\u2019int\u00e9r\u00eat) de figures embl\u00e9matiques comme Max Verstappen ou Hamilton pourrait annoncer une nouvelle \u00e8re.<br \/>Pas de changement imm\u00e9diat, donc, mais un signal fort. <strong>Le MotoGP acquiert une l\u00e9gitimit\u00e9 cross-sportive croissante\u2026<\/strong> Et attire ceux qui comptent dans le monde du sport m\u00e9canique. De belles promesses pour les passionn\u00e9s.<\/p>\n","protected":false},"excerpt":{"rendered":"Max Verstappen, futur propri\u00e9taire d&rsquo;une \u00e9curie du Championnat du monde de MotoGP ? Alors que le rachat de&hellip;\n","protected":false},"author":2,"featured_media":381568,"comment_status":"","ping_status":"","sticky":false,"template":"","format":"standard","meta":{"footnotes":""},"categories":[1413],"tags":[1011,27,1638,1457,1456,60],"class_list":{"0":"post-381567","1":"post","2":"type-post","3":"status-publish","4":"format-standard","5":"has-post-thumbnail","7":"category-moto","8":"tag-fr","9":"tag-france","10":"tag-has_diapo","11":"tag-moto","12":"tag-motocycle","13":"tag-sports"},"share_on_mastodon":{"url":"https:\/\/pubeurope.com\/@fr\/115182997673608746","error":""},"_links":{"self":[{"href":"https:\/\/www.europesays.com\/fr\/wp-json\/wp\/v2\/posts\/381567","targetHints":{"allow":["GET"]}}],"collection":[{"href":"https:\/\/www.europesays.com\/fr\/wp-json\/wp\/v2\/posts"}],"about":[{"href":"https:\/\/www.europesays.com\/fr\/wp-json\/wp\/v2\/types\/post"}],"author":[{"embeddable":true,"href":"https:\/\/www.europesays.com\/fr\/wp-json\/wp\/v2\/users\/2"}],"replies":[{"embeddable":true,"href":"https:\/\/www.europesays.com\/fr\/wp-json\/wp\/v2\/comments?post=381567"}],"version-history":[{"count":0,"href":"https:\/\/www.europesays.com\/fr\/wp-json\/wp\/v2\/posts\/381567\/revisions"}],"wp:featuredmedia":[{"embeddable":true,"href":"https:\/\/www.europesays.com\/fr\/wp-json\/wp\/v2\/media\/381568"}],"wp:attachment":[{"href":"https:\/\/www.europesays.com\/fr\/wp-json\/wp\/v2\/media?parent=381567"}],"wp:term":[{"taxonomy":"category","embeddable":true,"href":"https:\/\/www.europesays.com\/fr\/wp-json\/wp\/v2\/categories?post=381567"},{"taxonomy":"post_tag","embeddable":true,"href":"https:\/\/www.europesays.com\/fr\/wp-json\/wp\/v2\/tags?post=381567"}],"curies":[{"name":"wp","href":"https:\/\/api.w.org\/{rel}","templated":true}]}}