{"id":381569,"date":"2025-09-11T01:10:21","date_gmt":"2025-09-11T01:10:21","guid":{"rendered":"https:\/\/www.europesays.com\/fr\/381569\/"},"modified":"2025-09-11T01:10:21","modified_gmt":"2025-09-11T01:10:21","slug":"la-formule-2-avant-la-formule-1-pour-colton-herta","status":"publish","type":"post","link":"https:\/\/www.europesays.com\/fr\/381569\/","title":{"rendered":"La Formule 2 avant la Formule 1 pour Colton Herta"},"content":{"rendered":"<p data-start=\"243\" data-end=\"598\">Herta a \u00e9t\u00e9 officialis\u00e9 mercredi<br \/>\ncomme pilote d\u2019essai de l\u2019\u00e9curie am\u00e9ricaine qui fera ses d\u00e9buts en<br \/>\n2026, quittant l\u2019IndyCar pour se consacrer \u00e0 ce nouveau projet.<\/p>\n<p data-start=\"243\" data-end=\"598\">Son futur programme en<br \/>\ncomp\u00e9tition sera annonc\u00e9 ult\u00e9rieurement, mais plusieurs \u00e9quipes de<br \/>\nF2 ont d\u00e9j\u00e0 \u00e9t\u00e9 approch\u00e9es, laissant penser que la discipline sera<br \/>\nsa destination la plus probable.<\/p>\n<p>Norris appr\u00e9cie son<br \/>\npotentiel<\/p>\n<p data-start=\"667\" data-end=\"1531\">Lando <a href=\"https:\/\/f1i.autojournal.fr\/dossiers\/pilotes-de-f1\/lando-norris-pilote-f1-357102.html\" target=\"_blank\" rel=\"noopener\"><br \/>\nNorris<\/a>, qui a partag\u00e9 la piste avec Herta en 2015 en MSA<br \/>\nFormula 4 et en British F3 l\u2019ann\u00e9e suivante, est convaincu que le<br \/>\nCalifornien saura se mettre au niveau : \u00ab Ce ne sera probablement pas difficile pour lui,<br \/>\nparce qu\u2019il est dou\u00e9 pour sauter d\u2019une voiture \u00e0 une autre, et<br \/>\nc\u2019est quelque chose qu\u2019il a fait toute sa vie, \u00bb a expliqu\u00e9<br \/>\nNorris.<\/p>\n<p data-start=\"667\" data-end=\"1531\">\u00ab C\u2019est un pilote extr\u00eamement talentueux et j\u2019ai<br \/>\nbeaucoup appr\u00e9ci\u00e9 courir avec lui en 2015, se souvient Lando.<br \/>\nDisons que ce ne sera pas<br \/>\ndifficile pour lui d\u2019\u00eatre rapide imm\u00e9diatement, mais devenir l\u2019un<br \/>\ndes meilleurs en Formule 1, c\u2019est \u00e7a qui est compliqu\u00e9. Si son<br \/>\nobjectif est de ne pas seulement \u00eatre pilote d\u2019essai, mais de<br \/>\ndevenir pilote titulaire dans les prochaines ann\u00e9es, alors les<br \/>\nchoses se compliquent. Mais il a clairement le potentiel pour \u00eatre<br \/>\nen Formule 1 et j\u2019esp\u00e8re le revoir bient\u00f4t sur la grille.<br \/>\n\u00bb<\/p>\n<p>Le niveau plus \u00e9lev\u00e9 en<br \/>\nIndyCar qu&rsquo;en F2<\/p>\n<p data-start=\"1533\" data-end=\"2309\">Norris estime \u00e9galement que<br \/>\nl\u2019IndyCar devrait offrir plus de points pour la Super Licence, afin<br \/>\nde faciliter la transition de pilotes de ce niveau vers la F1.<\/p>\n<p data-start=\"1533\" data-end=\"2309\">\u00ab Ce n\u2019est pas ma d\u00e9cision, a-t-il nuanc\u00e9.<br \/>\n\u00a0Je pense qu\u2019il est<br \/>\ncapable de piloter une F1 et de le faire \u00e0 un tr\u00e8s haut niveau. Il<br \/>\nest probablement meilleur que beaucoup de pilotes qui montent<br \/>\nactuellement de la F3 \u00e0 la F2. Je ne crois pas qu\u2019il devrait<br \/>\nobligatoirement passer par la F2. \u00bb<\/p>\n<p data-start=\"1533\" data-end=\"2309\">\u00ab L&rsquo;IndyCar est l\u2019un des championnats les plus<br \/>\ndifficiles au monde. Les voitures y sont incroyablement dures \u00e0<br \/>\npiloter et le niveau est tr\u00e8s \u00e9lev\u00e9, estime le pilote <a href=\"https:\/\/f1i.autojournal.fr\/dossiers\/ecuries-de-f1\/mclaren-f1-team-357173.html\" target=\"_blank\" rel=\"noopener\"><br \/>\nMcLaren<\/a>. Je ne sais pas<br \/>\ncombien de points sont attribu\u00e9s en IndyCar, mais je placerais<br \/>\ncette discipline au-dessus de la F2 en termes de niveau. \u00bb<\/p>\n<p>Adaptation n\u00e9cessaire au<br \/>\nformat europ\u00e9en<\/p>\n<p data-start=\"2374\" data-end=\"3118\">Oliver <a href=\"https:\/\/f1i.autojournal.fr\/dossiers\/pilotes-de-f1\/oliver-bearman-haas-f1-624403.html\" target=\"_blank\" rel=\"noopener\"><br \/>\nBearman<\/a>, pass\u00e9 par la F2 avant de rejoindre la F1 cette ann\u00e9e,<br \/>\nestime que m\u00eame si les tests F1 sont la meilleure pr\u00e9paration, une<br \/>\nsaison en F2 pourrait \u00eatre b\u00e9n\u00e9fique pour Herta : \u00ab Ce sera int\u00e9ressant, je lui souhaite bonne<br \/>\nchance. Ce sera super de le voir \u00e9voluer ici.<br data-start=\"2658\" data-end=\"2661\"\/><br \/>\nLe niveau est tr\u00e8s \u00e9lev\u00e9 en IndyCar, mais voir comment il se<br \/>\nd\u00e9brouille en Europe sera int\u00e9ressant. \u00bb<\/p>\n<p data-start=\"2374\" data-end=\"3118\">\u00ab En IndyCar, \u00e7a a l\u2019air tr\u00e8s intense en<br \/>\nqualifications et en course, observe-t-il. Ici, c\u2019est diff\u00e9rent. Tu n\u2019as qu\u2019un tour<br \/>\nd\u2019attaque en qualifs avant de refroidir les pneus. Passer de<br \/>\nplusieurs tours rapides cons\u00e9cutifs \u00e0 un seul tour parfait est un<br \/>\nvrai d\u00e9fi. Mais c\u2019est un excellent pilote, donc je suis s\u00fbr qu\u2019il<br \/>\ns\u2019adaptera tr\u00e8s vite. \u00bb<\/p>\n<p>La limite des tests<br \/>\npriv\u00e9s<\/p>\n<p data-start=\"3166\" data-end=\"4028\">De son c\u00f4t\u00e9, <a href=\"https:\/\/f1i.autojournal.fr\/dossiers\/pilotes-de-f1\/oscar-piastri-f1-mclaren-624797.html\" target=\"_blank\" rel=\"noopener\"><br \/>\nOscar Piastri<\/a>, champion de F2 avant de devenir r\u00e9serviste<br \/>\n<a href=\"https:\/\/f1i.autojournal.fr\/dossiers\/ecuries-de-f1\/alpine-f1-team-357304.html\" target=\"_blank\" rel=\"noopener\"><br \/>\nAlpine<\/a> puis pilote McLaren, insiste sur l\u2019importance d\u2019\u00eatre<br \/>\npr\u00e9sent dans l\u2019environnement F1.<\/p>\n<p data-start=\"3166\" data-end=\"4028\">\u00ab Participer \u00e0 un week-end F1 est tr\u00e8s diff\u00e9rent des<br \/>\nautres cat\u00e9gories. \u00catre dans le paddock et courir aux c\u00f4t\u00e9s des F1<br \/>\nest important, a-t-il expliqu\u00e9. Pour Herta, c\u2019est un peu particulier car il est<br \/>\nd\u00e9j\u00e0 pilote d\u2019essai Cadillac, donc ce n\u2019est pas une question de se<br \/>\nmontrer, mais \u00e7a reste une exp\u00e9rience pr\u00e9cieuse. \u00bb\u00a0<\/p>\n<p data-start=\"3166\" data-end=\"4028\">\u00ab Les tests priv\u00e9s ont leurs limites : les pneus ne<br \/>\nsont pas repr\u00e9sentatifs, les conditions de piste sont diff\u00e9rentes,<br \/>\net tu es souvent seul en piste avec une voiture plus ancienne,<br \/>\nremarque encore Oscar. La F2,<br \/>\nelle, permet de se familiariser avec le rythme et la pression d\u2019un<br \/>\nweek-end F1. Pour moi, il y a des avantages dans les deux<br \/>\nprogrammes. \u00bb<\/p>\n<p data-start=\"4030\" data-end=\"4261\" data-is-last-node=\"\" data-is-only-node=\"\">Avec le soutien affich\u00e9 de ses pairs et la<br \/>\nperspective d\u2019un programme en F2, Colton Herta pourrait franchir<br \/>\nune \u00e9tape d\u00e9cisive vers son objectif ultime : devenir pilote<br \/>\ntitulaire en F1 avec Cadillac dans les ann\u00e9es \u00e0 venir.<\/p>\n","protected":false},"excerpt":{"rendered":"Herta a \u00e9t\u00e9 officialis\u00e9 mercredi comme pilote d\u2019essai de l\u2019\u00e9curie am\u00e9ricaine qui fera ses d\u00e9buts en 2026, quittant&hellip;\n","protected":false},"author":2,"featured_media":381570,"comment_status":"","ping_status":"","sticky":false,"template":"","format":"standard","meta":{"footnotes":""},"categories":[1412],"tags":[16036,1451,1452,1453,1454,1455,1011,27,51475,60],"class_list":{"0":"post-381569","1":"post","2":"type-post","3":"status-publish","4":"format-standard","5":"has-post-thumbnail","7":"category-f1","8":"tag-cadillac","9":"tag-f1","10":"tag-formula-1","11":"tag-formula1","12":"tag-formule-1","13":"tag-formule1","14":"tag-fr","15":"tag-france","16":"tag-herta","17":"tag-sports"},"share_on_mastodon":{"url":"https:\/\/pubeurope.com\/@fr\/115183001469736792","error":""},"_links":{"self":[{"href":"https:\/\/www.europesays.com\/fr\/wp-json\/wp\/v2\/posts\/381569","targetHints":{"allow":["GET"]}}],"collection":[{"href":"https:\/\/www.europesays.com\/fr\/wp-json\/wp\/v2\/posts"}],"about":[{"href":"https:\/\/www.europesays.com\/fr\/wp-json\/wp\/v2\/types\/post"}],"author":[{"embeddable":true,"href":"https:\/\/www.europesays.com\/fr\/wp-json\/wp\/v2\/users\/2"}],"replies":[{"embeddable":true,"href":"https:\/\/www.europesays.com\/fr\/wp-json\/wp\/v2\/comments?post=381569"}],"version-history":[{"count":0,"href":"https:\/\/www.europesays.com\/fr\/wp-json\/wp\/v2\/posts\/381569\/revisions"}],"wp:featuredmedia":[{"embeddable":true,"href":"https:\/\/www.europesays.com\/fr\/wp-json\/wp\/v2\/media\/381570"}],"wp:attachment":[{"href":"https:\/\/www.europesays.com\/fr\/wp-json\/wp\/v2\/media?parent=381569"}],"wp:term":[{"taxonomy":"category","embeddable":true,"href":"https:\/\/www.europesays.com\/fr\/wp-json\/wp\/v2\/categories?post=381569"},{"taxonomy":"post_tag","embeddable":true,"href":"https:\/\/www.europesays.com\/fr\/wp-json\/wp\/v2\/tags?post=381569"}],"curies":[{"name":"wp","href":"https:\/\/api.w.org\/{rel}","templated":true}]}}