{"id":381573,"date":"2025-09-11T01:12:12","date_gmt":"2025-09-11T01:12:12","guid":{"rendered":"https:\/\/www.europesays.com\/fr\/381573\/"},"modified":"2025-09-11T01:12:12","modified_gmt":"2025-09-11T01:12:12","slug":"leo-dubois-a-nantes-lidee-a-zero-euro","status":"publish","type":"post","link":"https:\/\/www.europesays.com\/fr\/381573\/","title":{"rendered":"L\u00e9o Dubois \u00e0 Nantes, l&rsquo;id\u00e9e \u00e0 z\u00e9ro euro"},"content":{"rendered":"<p><b>Apr\u00e8s le d\u00e9part de Jean-K\u00e9vin Duverne en pr\u00eat \u00e0 La Gantoise, le FC Nantes pourrait recruter un nouveau lat\u00e9ral droit libre. Les Canaris peuvent notamment se pencher sur le retour de L\u00e9o Dubois, disponible depuis la fin de son contrat \u00e0 Ey\u00fcpspor, et qui avait laiss\u00e9 de bons souvenirs au sein de son club formateur.<\/b><\/p>\n<p>Le recrutement du <a href=\"https:\/\/www.foot01.com\/equipe\/nantes\/\" target=\"_blank\" rel=\"nofollow noopener\">FC Nantes<\/a> n\u2019est peut-\u00eatre pas termin\u00e9. Ce mardi, le club dirig\u00e9 par Waldemar Kita a enregistr\u00e9 un nouveau d\u00e9part. Le d\u00e9fenseur polyvalent Jean-K\u00e9vin Duverne, absent des plans de l\u2019entra\u00eeneur Luis Castro, a pris la direction de La Gantoise dans le cadre d\u2019un pr\u00eat sans option s\u2019achat jusqu\u2019\u00e0 la fin de la saison. Reste \u00e0 savoir si la direction nantaise d\u00e9cidera de compenser la sortie de l\u2019international ha\u00eftien. Ce n\u2019est pas certain.<\/p>\n<p>Derri\u00e8re le solide titulaire Kelvin Amian, le coach portugais peut relancer Fabien Centonze ou compter sur la polyvalence du d\u00e9fenseur central Chidozie Awaziem. Le FC Nantes sera n\u00e9anmoins tent\u00e9 de jeter un \u0153il au march\u00e9 des joueurs libres. Comme le stipule le r\u00e8glement, les \u00e9curies de Ligue 1 sont autoris\u00e9es \u00e0 recruter un joker \u00e9voluant en France, et \u00e0 attirer des joueurs sans contrat. Et c\u2019est \u00e0 cette deuxi\u00e8me cat\u00e9gorie qu\u2019appartient L\u00e9o Dubois (30 ans). Aucun m\u00e9dia ne parle d\u2019un v\u00e9ritable int\u00e9r\u00eat des Canaris. Mais l\u2019id\u00e9e de r\u00e9cup\u00e9rer le lat\u00e9ral droit fran\u00e7ais para\u00eet all\u00e9chante comme le souligne Foot sur 7, qui soumet cette belle id\u00e9e aux dirigeants nantais.<\/p>\n<p>Dubois en difficult\u00e9<\/p>\n<p>Rappelons que le joueur form\u00e9 \u00e0 Nantes a \u00e9t\u00e9 laiss\u00e9 libre par Ey\u00fcpspor cet \u00e9t\u00e9. La saison derni\u00e8re, l\u2019international tricolore a pass\u00e9 la phase retour loin des terrains pour cause de blessure. Avant cette exp\u00e9rience mitig\u00e9e, L\u00e9o Dubois n\u2019avait pas non plus crev\u00e9 l\u2019\u00e9cran \u00e0 Galatasaray ni \u00e0 l\u2019Istanbul Basaksehir. Autant dire que le natif de Segr\u00e9 a besoin de relancer sa carri\u00e8re. Sa probable d\u00e9termination peut repr\u00e9senter un argument pour les d\u00e9cideurs nantais, tout comme son exp\u00e9rience et sa connaissance de la Ligue 1. Encore faudrait-il que Waldemar Kita ait dig\u00e9r\u00e9 son d\u00e9part libre vers l\u2019Olympique Lyonnais en 2018.<\/p>\n","protected":false},"excerpt":{"rendered":"Apr\u00e8s le d\u00e9part de Jean-K\u00e9vin Duverne en pr\u00eat \u00e0 La Gantoise, le FC Nantes pourrait recruter un nouveau&hellip;\n","protected":false},"author":2,"featured_media":381574,"comment_status":"","ping_status":"","sticky":false,"template":"","format":"standard","meta":{"footnotes":""},"categories":[1410],"tags":[63,1011,27,60],"class_list":{"0":"post-381573","1":"post","2":"type-post","3":"status-publish","4":"format-standard","5":"has-post-thumbnail","7":"category-football","8":"tag-football","9":"tag-fr","10":"tag-france","11":"tag-sports"},"share_on_mastodon":{"url":"https:\/\/pubeurope.com\/@fr\/115183009540223962","error":""},"_links":{"self":[{"href":"https:\/\/www.europesays.com\/fr\/wp-json\/wp\/v2\/posts\/381573","targetHints":{"allow":["GET"]}}],"collection":[{"href":"https:\/\/www.europesays.com\/fr\/wp-json\/wp\/v2\/posts"}],"about":[{"href":"https:\/\/www.europesays.com\/fr\/wp-json\/wp\/v2\/types\/post"}],"author":[{"embeddable":true,"href":"https:\/\/www.europesays.com\/fr\/wp-json\/wp\/v2\/users\/2"}],"replies":[{"embeddable":true,"href":"https:\/\/www.europesays.com\/fr\/wp-json\/wp\/v2\/comments?post=381573"}],"version-history":[{"count":0,"href":"https:\/\/www.europesays.com\/fr\/wp-json\/wp\/v2\/posts\/381573\/revisions"}],"wp:featuredmedia":[{"embeddable":true,"href":"https:\/\/www.europesays.com\/fr\/wp-json\/wp\/v2\/media\/381574"}],"wp:attachment":[{"href":"https:\/\/www.europesays.com\/fr\/wp-json\/wp\/v2\/media?parent=381573"}],"wp:term":[{"taxonomy":"category","embeddable":true,"href":"https:\/\/www.europesays.com\/fr\/wp-json\/wp\/v2\/categories?post=381573"},{"taxonomy":"post_tag","embeddable":true,"href":"https:\/\/www.europesays.com\/fr\/wp-json\/wp\/v2\/tags?post=381573"}],"curies":[{"name":"wp","href":"https:\/\/api.w.org\/{rel}","templated":true}]}}