{"id":381575,"date":"2025-09-11T01:13:11","date_gmt":"2025-09-11T01:13:11","guid":{"rendered":"https:\/\/www.europesays.com\/fr\/381575\/"},"modified":"2025-09-11T01:13:11","modified_gmt":"2025-09-11T01:13:11","slug":"chaque-samedi-cyril-hanouna-revele-pourquoi-nicolas-sarkozy-lappelle-tous-les-week-ends","status":"publish","type":"post","link":"https:\/\/www.europesays.com\/fr\/381575\/","title":{"rendered":"\u00ab\u00a0Chaque samedi\u00a0\u00bb : Cyril Hanouna r\u00e9v\u00e8le pourquoi Nicolas Sarkozy l\u2019appelle tous les week-ends"},"content":{"rendered":"<p>Entre <a href=\"https:\/\/www.public.fr\/tag\/giulia-sarkozy\" target=\"_blank\" rel=\"noopener\">Giulia Sarkozy<\/a> et Bianca, la fille de <a href=\"https:\/\/www.public.fr\/tag\/cyril-hanouna\" target=\"_blank\" rel=\"noopener\">Cyril Hanouna<\/a>, c\u2019est l\u2019amour fou. En effet, <a href=\"https:\/\/www.public.fr\/nicolas-sarkozy-et-cyril-hanouna-leurs-filles-giulia-et-bianca-tres-amies-nouvelle-video-tiktok-qui-fait-le-buzz\" target=\"_blank\" rel=\"noopener\">les deux jeunes filles sont amies<\/a> dans la vie de tous les jours et ne <strong>se l\u00e2chent pas d\u2019une semelle<\/strong>. R\u00e9guli\u00e8rement, elles postent du contenu sur les r\u00e9seaux sociaux et apparaissent complices dans les nombreuses publications. Cette amiti\u00e9 permet \u00e0 l\u2019animateur d\u2019\u00eatre tr\u00e8s proche de <a href=\"https:\/\/www.public.fr\/tag\/nicolas-sarkozy\" target=\"_blank\" rel=\"noopener\">Nicolas Sarkozy<\/a>.\u00a0<\/p>\n<p>C\u2019est en tout cas ce qu\u2019a r\u00e9v\u00e9l\u00e9 le principal int\u00e9ress\u00e9 en direct \u00e0 la radio ce mercredi 10 septembre 2025. En effet, en plus de pr\u00e9senter, chaque soir, sa nouvelle quotidienne sur W9 baptis\u00e9e <strong>Tout beau, tout n9uf (TBT9)<\/strong>, \u00ab\u00a0Baba\u00a0\u00bb a retrouv\u00e9 la radio.<\/p>\n<p>Les filles de Cyril Hanouna et Nicolas Sarkozy, amies dans la vie<\/p>\n<p>Apr\u00e8s <strong>On marche sur la t\u00eate<\/strong> sur Europe 1, c\u2019est sur Fun Radio, radio qui appartient au groupe M6 comme la cha\u00eene W9, qu\u2019il officie chaque jour. Aux c\u00f4t\u00e9s de <a href=\"https:\/\/www.public.fr\/tag\/capucine-anav\" target=\"_blank\" rel=\"noopener\">Capucine Anav<\/a>, Val\u00e9rie Bena\u00efm, ou encore Raymond Aabou, il d\u00e9crypte l\u2019actualit\u00e9 avec humour et second degr\u00e9.<\/p>\n<p>Ce travail lui permet \u00e9galement de raconter de nombreuses anecdotes. Dont une au sujet de sa fille Bianca et son amie Giulia Sarkozy. \u00ab\u00a0<strong>Vous savez que Giulia (Sarkozy ndlr), c&rsquo;est une des meilleures amies de ma fille (&#8230;) Elles dorment souvent l&rsquo;une chez l&rsquo;autre\u00a0\u00bb<\/strong>, a-t-il expliqu\u00e9 \u00e0 l\u2019antenne.<\/p>\n<p>Face \u00e0 la curiosit\u00e9 de ses chroniqueurs, Cyril Hanouna a apport\u00e9 quelques pr\u00e9cisions au sujet de cette amiti\u00e9, et de la relation que cette proximit\u00e9 entre les deux jeunes filles a permis de cr\u00e9er avec Nicolas Sarkozy. L\u2019ancien Pr\u00e9sident de la R\u00e9publique et le pr\u00e9sentateur s\u2019appelleraient tous les samedis soir, mais pas pour parler de politique.<\/p>\n<p>Pourquoi l&rsquo;ancien Chef de l&rsquo;\u00c9tat appelle l&rsquo;animateur tous les samedis ?<\/p>\n<p>\u00ab\u00a0<strong>Chaque samedi, j&rsquo;ai le droit \u00e0 l&rsquo;appel de Nicolas Sarkozy (&#8230;) Aux alentours de 23 heures\u00a0<\/strong>:\u00a0&lsquo;All\u00f4 Cyril, c&rsquo;est Nicolas, Giulia est bien chez toi ?\u2019\u00a0\u00bb, s\u2019est-il amus\u00e9 en tentant d\u2019imiter la voix de l\u2019ancien Chef de l\u2019\u00c9tat.<\/p>\n<p>Avant de poursuivre, toujours en imitant Nicolas Sarkozy : \u00ab\u00a0&lsquo;Elles ne vont pas sortir j&rsquo;esp\u00e8re ?&rsquo;, &lsquo;Non elles ne sortent pas, je veille&rsquo;.\u00a0\u00c0 chaque fois j&rsquo;ai l&rsquo;appel de Nicolas, c&rsquo;est un ami\u00a0\u00bb.\u00a0<\/p>\n<p>Apr\u00e8s avoir racont\u00e9 cette amusante anecdote, Cyril Hanouna a souhait\u00e9 complimenter la fille du compagnon de <a href=\"https:\/\/vsd.fr\/tag\/carla-bruni-sarkozy\/\" target=\"_blank\" rel=\"noopener\">Carla Bruni<\/a> : \u00ab\u00a0Giulia est tr\u00e8s dr\u00f4le et elle a du caract\u00e8re, on l\u2019adore\u00a0\u00bb. Des compliments qui vont faire plaisir \u00e0 la principale int\u00e9ress\u00e9e, qui a d\u00fb faire face \u00e0 de nombreuses critiques ces derniers mois \u00e0 cause du contenu publi\u00e9 sur ses r\u00e9seaux sociaux.\u00a0<\/p>\n<p>      Mentionn\u00e9s dans cet article<\/p>\n<p>      Sur le m\u00eame sujet<\/p>\n","protected":false},"excerpt":{"rendered":"Entre Giulia Sarkozy et Bianca, la fille de Cyril Hanouna, c\u2019est l\u2019amour fou. En effet, les deux jeunes&hellip;\n","protected":false},"author":2,"featured_media":381576,"comment_status":"","ping_status":"","sticky":false,"template":"","format":"standard","meta":{"footnotes":""},"categories":[1359],"tags":[1083,58,59,1011,27,14545,3091,973,45215],"class_list":{"0":"post-381575","1":"post","2":"type-post","3":"status-publish","4":"format-standard","5":"has-post-thumbnail","7":"category-people","8":"tag-cyril-hanouna","9":"tag-divertissement","10":"tag-entertainment","11":"tag-fr","12":"tag-france","13":"tag-giulia-sarkozy","14":"tag-nicolas-sarkozy","15":"tag-people","16":"tag-tout-beau-tout-fun"},"share_on_mastodon":{"url":"https:\/\/pubeurope.com\/@fr\/115183013494434325","error":""},"_links":{"self":[{"href":"https:\/\/www.europesays.com\/fr\/wp-json\/wp\/v2\/posts\/381575","targetHints":{"allow":["GET"]}}],"collection":[{"href":"https:\/\/www.europesays.com\/fr\/wp-json\/wp\/v2\/posts"}],"about":[{"href":"https:\/\/www.europesays.com\/fr\/wp-json\/wp\/v2\/types\/post"}],"author":[{"embeddable":true,"href":"https:\/\/www.europesays.com\/fr\/wp-json\/wp\/v2\/users\/2"}],"replies":[{"embeddable":true,"href":"https:\/\/www.europesays.com\/fr\/wp-json\/wp\/v2\/comments?post=381575"}],"version-history":[{"count":0,"href":"https:\/\/www.europesays.com\/fr\/wp-json\/wp\/v2\/posts\/381575\/revisions"}],"wp:featuredmedia":[{"embeddable":true,"href":"https:\/\/www.europesays.com\/fr\/wp-json\/wp\/v2\/media\/381576"}],"wp:attachment":[{"href":"https:\/\/www.europesays.com\/fr\/wp-json\/wp\/v2\/media?parent=381575"}],"wp:term":[{"taxonomy":"category","embeddable":true,"href":"https:\/\/www.europesays.com\/fr\/wp-json\/wp\/v2\/categories?post=381575"},{"taxonomy":"post_tag","embeddable":true,"href":"https:\/\/www.europesays.com\/fr\/wp-json\/wp\/v2\/tags?post=381575"}],"curies":[{"name":"wp","href":"https:\/\/api.w.org\/{rel}","templated":true}]}}