{"id":381577,"date":"2025-09-11T01:14:20","date_gmt":"2025-09-11T01:14:20","guid":{"rendered":"https:\/\/www.europesays.com\/fr\/381577\/"},"modified":"2025-09-11T01:14:20","modified_gmt":"2025-09-11T01:14:20","slug":"georges-de-la-tour-en-lumiere-au-musee-jacquemart-andre","status":"publish","type":"post","link":"https:\/\/www.europesays.com\/fr\/381577\/","title":{"rendered":"Georges de la Tour en Lumi\u00e8re au mus\u00e9e Jacquemart-Andr\u00e9"},"content":{"rendered":"<p>\u00ab\u00a0La Tour est le seul<strong> interpr\u00e8te de la part sereine des t\u00e9n\u00e8bres<\/strong> \u00bb, disait en 1951 <strong>Andr\u00e9 Malraux<\/strong> dans son essai<strong> Les Voies du silence.<\/strong> Plus de 70 ans plus tard, il semblerait que cet adage soit encore vrai. C\u2019est en tout cas ce que laisse penser la<strong> toute nouvelle exposition<\/strong> imagin\u00e9e par Gail Feigenbaum et Pierre Curie au <strong>mus\u00e9e Jacquemart-Andr\u00e9.<\/strong> Au d\u00e9tour d\u2019une <strong>dizaine de salles<\/strong>, \u00e0 travers <strong>une quarantaine d&rsquo;\u0153uvres<\/strong>, c\u2019est toute la <strong>ma\u00eetrise de la lumi\u00e8re et du clair-obscur<\/strong> de <strong>Georges de la Tour<\/strong> qui est expos\u00e9e, nous offrant un <strong>moment de pure gr\u00e2ce.<\/strong><\/p>\n<p>&#13;<\/p>\n<blockquote class=\"instagram-media\" data-instgrm-permalink=\"https:\/\/www.instagram.com\/p\/DNiZiWtN7bt\/?utm_source=ig_embed&amp;utm_campaign=loading\" data-instgrm-version=\"14\" style=\"background: #FFF; border: 0; border-radius: 3px; box-shadow: 0 0 1px 0 rgba(0,0,0,0.5),0 1px 10px 0 rgba(0,0,0,0.15); margin: 1px; max-width: 540px; min-width: 326px; padding: 0; width: calc(100% - 2px);\"><p>&#13;<br \/>\n&#13;\n<\/p><\/blockquote>\n<p>&#13;<br \/>\n&#13;<br \/>\nUne \u0153uvre po\u00e9tique et \u00e9pur\u00e9e&#13;<\/p>\n<p>D\u00e8s l\u2019entr\u00e9e dans l\u2019exposition, nous voici plong\u00e9s dans<strong> l\u2019univers si particulier de Georges de la Tour<\/strong>. Ambiance feutr\u00e9e et <strong>lumi\u00e8res tamis\u00e9es<\/strong> mettent l\u2019accent sur<strong> le myst\u00e8re qui entoure l&rsquo;\u0153uvre <\/strong>de cet <strong>artiste m\u00e9connu,<\/strong> dont seules quelques dizaines de toiles nous sont parvenues. Des toiles qui, au fil des murs, r\u00e9v\u00e8lent <strong>une peinture subtile<\/strong>, o\u00f9 la <strong>sobri\u00e9t\u00e9 apparente<\/strong> et l\u2019absence fr\u00e9quente de d\u00e9cors et d\u2019accessoires fastueux mettent en avant la <strong>puissance symbolique de ces images.<\/strong><\/p>\n<p>&#13;<\/p>\n<p><strong><img loading=\"lazy\" decoding=\"async\" src=\"https:\/\/www.europesays.com\/fr\/wp-content\/uploads\/2025\/09\/M0514_55-4-3-a_TC copie.jpg\" width=\"664\" height=\"900\" alt=\"femme-puce-georges-de-la-tour-mus\u00e9e-jacquemart-andre-le-bonbon-paris\"\/><br \/><\/strong>Georges de La Tour, La Femme \u00e0 la puce \u00a9 Palais des ducs de Lorraine &#8211; Mus\u00e9e Lorrain, Nancy \/ Thomas Clot<br \/><strong><br \/><\/strong><\/p>\n<p>&#13;<\/p>\n<p>Ici, l\u2019artiste, par son <strong>naturalisme subtil,<\/strong> d\u00e9peint une <strong>humanit\u00e9 discr\u00e8te,<\/strong> <strong>\u00e0 la fois digne et fragile<\/strong>, pour cr\u00e9er un langage d\u2019une <strong>grande puissance \u00e9motionnelle.<\/strong> Langage qui, s\u2019il s\u2019inspire de <strong>l\u2019\u00e9cole caravagesque,<\/strong> s\u2019en d\u00e9tache aussi gr\u00e2ce \u00e0 <strong>sa simplicit\u00e9 et \u00e0 son intensit\u00e9<\/strong>. De salle en salle, <strong>images bibliques<\/strong> et <strong>sc\u00e8nes quotidiennes<\/strong> se m\u00ealent dans une <strong>po\u00e9sie \u00e9pur\u00e9e.<\/strong> De <strong>La Femme \u00e0 la puce<\/strong> au <strong>Nouveau-N\u00e9,<\/strong> en passant par <strong>Job raill\u00e9 par sa femme<\/strong> ou <strong>Saint Jean-Baptiste dans le d\u00e9sert<\/strong>, chaque \u0153uvre \u00e9rige La Tour parmi<strong> les plus grands du XVIIe si\u00e8cle.<\/strong><\/p>\n<p>&#13;<br \/>\n<br \/>Et la lumi\u00e8re fut&#13;<\/p>\n<p>Mais le<strong> vrai point central <\/strong>de cette exposition n\u2019est pas le peintre, mais bien <strong>la lumi\u00e8re<\/strong>, qu\u2019il passe la plus grande partie de sa carri\u00e8re \u00e0 <strong>mettre \u00e0 l\u2019honneur<\/strong>. Que sa <strong>source soit dissimul\u00e9e<\/strong> ou en <strong>\u00e9vidence sur la toile,<\/strong> elle se fait tour \u00e0 tour <strong>simple accessoire<\/strong> ou <strong>\u00e9l\u00e9ment du r\u00e9cit<\/strong>, jusqu\u2019\u00e0 devenir le <strong>sujet m\u00eame de certains tableaux<\/strong>. Un <strong>luminisme virtuose,<\/strong> dont Georges de la Tour fera<strong> sa marque de fabrique<\/strong>, multipliant les toiles o\u00f9<strong> le velours de la nuit<\/strong> n\u2019est perc\u00e9 que par <strong>la lueur d\u2019une bougie ou d\u2019une lanterne<\/strong>.<\/p>\n<p>&#13;<\/p>\n<p><img loading=\"lazy\" decoding=\"async\" src=\"https:\/\/www.europesays.com\/fr\/wp-content\/uploads\/2025\/09\/Georges_de_La_Tour_LArgent_verse_Muse\u0301e_des_beaux-arts_de_Lviv.jpg\" width=\"1000\" height=\"642\" alt=\"argent-verse-georges-de-la-tour-musee-jacquemart-andre-le-bonbon-paris\"\/><br \/>Georges de La Tour, L\u2019Argent vers\u00e9 \u00a9 Borys Voznytskyi Lviv National Art Gallery<\/p>\n<p>&#13;<\/p>\n<p>\u00c0 travers ce proc\u00e9d\u00e9, le peintre<strong> mystifie les figures les plus humbles<\/strong>, et int\u00e8gre une <strong>notion de divinit\u00e9 m\u00eame dans les sc\u00e8nes les plus prosa\u00efques<\/strong>. En r\u00e9sulte une <strong>sensation de calme, de surnaturel <\/strong>qui nous suit tout au long de l&rsquo;exposition. Le temps d\u2019un instant, les heures se confondent, <strong>le jour et la nuit se m\u00ealent<\/strong>, pour illustrer <strong>toute la lumi\u00e8re des t\u00e9n\u00e8bres<\/strong>, et nous livrer une \u0153uvre d\u2019une <strong>puret\u00e9 sans \u00e9gal.<\/strong><\/p>\n<p>&#13;<br \/>\n<br \/>Une rentr\u00e9e haute en couleur&#13;<\/p>\n<p>Et pour c\u00e9l\u00e9brer la rentr\u00e9e, l\u2019exposition <strong>Georges de la <\/strong><strong>Tour<\/strong> n\u2019est pas le <strong>seul tr\u00e9sor<\/strong> que vous offre le<strong> mus\u00e9e Jacquemart-Andr\u00e9<\/strong>. En effet, pourquoi ne pas profiter d\u2019une visite pour<strong> d\u00e9couvrir plus largement cette institution<\/strong> qui fait sans h\u00e9sitation partie des <strong>plus belles de la capitale<\/strong>\u00a0? Pour cela, direction les <strong>collections permanentes<\/strong> du lieu, dispos\u00e9es dans des<strong> salles \u00e0 couper le souffle.<\/strong> Appartements priv\u00e9s, biblioth\u00e8que, salon de musique ou encore salon des Florentins, ici, chaque pi\u00e8ce est<strong> un \u00e9crin d\u2019exception<\/strong> pour accueillir des <strong>\u0153uvres d\u2019art pr\u00e9cieuses.<\/strong><\/p>\n<p>&#13;<\/p>\n<p><strong><img loading=\"lazy\" decoding=\"async\" src=\"https:\/\/www.europesays.com\/fr\/wp-content\/uploads\/2025\/09\/Restaurant_Le_Nelie--_Culturespaces___Nicolas_Heron-75807.jpg\" width=\"1000\" height=\"667\" alt=\" Restaurant_Le_Nelie--_Culturespaces___Nicolas_Heron-musee-jacquemart-andre-restaurant-le-bonbon-paris\"\/><br \/><\/strong>\u00a9 Nicolas Heron \/ Culturespace<\/p>\n<p>&#13;<\/p>\n<p>Pour les plus <strong>gourmands,<\/strong> on s\u2019attarde notamment dans <strong>la salle \u00e0 manger de chez N\u00e9lie<\/strong>, pour d\u00e9guster un <strong>th\u00e9,<\/strong> un <strong>brunch<\/strong> ou encore un <strong>d\u00e9jeuner<\/strong> r\u00e9alis\u00e9s par les<strong> cuisiniers les plus talentueux de<\/strong> <strong>la capitale.<\/strong> Cerise sur le g\u00e2teau, pour <strong>faciliter un peu le retour au travail<\/strong>, pourquoi ne pas s\u2019offrir un <strong>afterwork,<\/strong> organis\u00e9 <strong>chaque vendredi soir,<\/strong> pour d\u00e9couvrir le mus\u00e9e d\u2019une mani\u00e8re compl\u00e8tement diff\u00e9rente, au sein de<strong> la somptueuse cour<\/strong> ou du <strong>salon de th\u00e9<\/strong>\u00a0?<\/p>\n<p>&#13;<\/p>\n<p><strong>Georges de la Tour. Entre ombre et lumi\u00e8re <\/strong><br \/><strong>Mus\u00e9e Jacquemart-Andr\u00e9 <\/strong><br \/><strong>158, boulevard Haussmann \u2013 8e <\/strong><br \/><strong>Du 11 septembre 2025 au 25 janvier 2025 <\/strong><br \/><strong><a href=\"https:\/\/www.musee-jacquemart-andre.com\/fr?utm_source=lebonbon&amp;utm_medium=article&amp;utm_campaign=MJAdeLaTour2025\" rel=\"nofollow noopener noreferrer\" target=\"_blank\">Plus d\u2019infos<\/a><\/strong><\/p>\n<p><script async src=\"\/\/www.instagram.com\/embed.js\"><\/script><\/p>\n","protected":false},"excerpt":{"rendered":"\u00ab\u00a0La Tour est le seul interpr\u00e8te de la part sereine des t\u00e9n\u00e8bres \u00bb, disait en 1951 Andr\u00e9 Malraux&hellip;\n","protected":false},"author":2,"featured_media":381578,"comment_status":"","ping_status":"","sticky":false,"template":"","format":"standard","meta":{"footnotes":""},"categories":[1358],"tags":[1348,1384,1385,1386,58,59,1011,27],"class_list":{"0":"post-381577","1":"post","2":"type-post","3":"status-publish","4":"format-standard","5":"has-post-thumbnail","7":"category-arts-et-design","8":"tag-arts","9":"tag-arts-and-design","10":"tag-arts-et-design","11":"tag-design","12":"tag-divertissement","13":"tag-entertainment","14":"tag-fr","15":"tag-france"},"share_on_mastodon":{"url":"https:\/\/pubeurope.com\/@fr\/115183017477110545","error":""},"_links":{"self":[{"href":"https:\/\/www.europesays.com\/fr\/wp-json\/wp\/v2\/posts\/381577","targetHints":{"allow":["GET"]}}],"collection":[{"href":"https:\/\/www.europesays.com\/fr\/wp-json\/wp\/v2\/posts"}],"about":[{"href":"https:\/\/www.europesays.com\/fr\/wp-json\/wp\/v2\/types\/post"}],"author":[{"embeddable":true,"href":"https:\/\/www.europesays.com\/fr\/wp-json\/wp\/v2\/users\/2"}],"replies":[{"embeddable":true,"href":"https:\/\/www.europesays.com\/fr\/wp-json\/wp\/v2\/comments?post=381577"}],"version-history":[{"count":0,"href":"https:\/\/www.europesays.com\/fr\/wp-json\/wp\/v2\/posts\/381577\/revisions"}],"wp:featuredmedia":[{"embeddable":true,"href":"https:\/\/www.europesays.com\/fr\/wp-json\/wp\/v2\/media\/381578"}],"wp:attachment":[{"href":"https:\/\/www.europesays.com\/fr\/wp-json\/wp\/v2\/media?parent=381577"}],"wp:term":[{"taxonomy":"category","embeddable":true,"href":"https:\/\/www.europesays.com\/fr\/wp-json\/wp\/v2\/categories?post=381577"},{"taxonomy":"post_tag","embeddable":true,"href":"https:\/\/www.europesays.com\/fr\/wp-json\/wp\/v2\/tags?post=381577"}],"curies":[{"name":"wp","href":"https:\/\/api.w.org\/{rel}","templated":true}]}}