{"id":381579,"date":"2025-09-11T01:15:18","date_gmt":"2025-09-11T01:15:18","guid":{"rendered":"https:\/\/www.europesays.com\/fr\/381579\/"},"modified":"2025-09-11T01:15:18","modified_gmt":"2025-09-11T01:15:18","slug":"taverny-livres-dvd-grace-a-cette-borne-automatique-la-mediatheque-accessible-a-tous-moments","status":"publish","type":"post","link":"https:\/\/www.europesays.com\/fr\/381579\/","title":{"rendered":"Taverny\u00a0: livres, DVD\u2026 gr\u00e2ce \u00e0 cette borne automatique, la m\u00e9diath\u00e8que accessible \u00e0 tous moments"},"content":{"rendered":"<p class=\"paragraph text_align_left lp-f-body-02\">Un classique d\u2019Albert Camus, un polar de Niko Tackian, mais aussi un dessin anim\u00e9 de Michel Ocelot en DVD\u2026 Avec \u00ab l\u2019Attrape-livres \u00bb, il y en a pour tous les go\u00fbts. Cette borne automatis\u00e9e dont le nom est un clin d\u2019\u0153il \u00e0 \u00ab l\u2019Attrape-c\u0153urs \u00bb, roman de J.D. Salinger, est install\u00e9e depuis quelques semaines en face de l\u2019espace Marianne, \u00e0 la gare de Taverny (Val-d\u2019Oise). Elle permet d\u2019emprunter et de rendre des documents 7 jours sur 7 et 24 heures sur 24.<\/p>\n<p class=\"paragraph text_align_left lp-f-body-02\">Pr\u00e9sent\u00e9e comme une premi\u00e8re en Europe, cette borne permet de favoriser la lecture en prenant en compte les nouvelles pratiques et les nouveaux rythmes de vie. Et pas moins de 350 documents destin\u00e9s \u00e0 tous les publics sont disponibles \u00e0 tous moments.<\/p>\n","protected":false},"excerpt":{"rendered":"Un classique d\u2019Albert Camus, un polar de Niko Tackian, mais aussi un dessin anim\u00e9 de Michel Ocelot en&hellip;\n","protected":false},"author":2,"featured_media":381580,"comment_status":"","ping_status":"","sticky":false,"template":"","format":"standard","meta":{"footnotes":""},"categories":[1357],"tags":[1379,459,58,59,1011,27,1380,1944,6601],"class_list":{"0":"post-381579","1":"post","2":"type-post","3":"status-publish","4":"format-standard","5":"has-post-thumbnail","7":"category-livres","8":"tag-books","9":"tag-departements-horsidfo","10":"tag-divertissement","11":"tag-entertainment","12":"tag-fr","13":"tag-france","14":"tag-livres","15":"tag-ma-ville","16":"tag-val-d-oise"},"share_on_mastodon":{"url":"https:\/\/pubeurope.com\/@fr\/115183021180342637","error":""},"_links":{"self":[{"href":"https:\/\/www.europesays.com\/fr\/wp-json\/wp\/v2\/posts\/381579","targetHints":{"allow":["GET"]}}],"collection":[{"href":"https:\/\/www.europesays.com\/fr\/wp-json\/wp\/v2\/posts"}],"about":[{"href":"https:\/\/www.europesays.com\/fr\/wp-json\/wp\/v2\/types\/post"}],"author":[{"embeddable":true,"href":"https:\/\/www.europesays.com\/fr\/wp-json\/wp\/v2\/users\/2"}],"replies":[{"embeddable":true,"href":"https:\/\/www.europesays.com\/fr\/wp-json\/wp\/v2\/comments?post=381579"}],"version-history":[{"count":0,"href":"https:\/\/www.europesays.com\/fr\/wp-json\/wp\/v2\/posts\/381579\/revisions"}],"wp:featuredmedia":[{"embeddable":true,"href":"https:\/\/www.europesays.com\/fr\/wp-json\/wp\/v2\/media\/381580"}],"wp:attachment":[{"href":"https:\/\/www.europesays.com\/fr\/wp-json\/wp\/v2\/media?parent=381579"}],"wp:term":[{"taxonomy":"category","embeddable":true,"href":"https:\/\/www.europesays.com\/fr\/wp-json\/wp\/v2\/categories?post=381579"},{"taxonomy":"post_tag","embeddable":true,"href":"https:\/\/www.europesays.com\/fr\/wp-json\/wp\/v2\/tags?post=381579"}],"curies":[{"name":"wp","href":"https:\/\/api.w.org\/{rel}","templated":true}]}}