{"id":381589,"date":"2025-09-11T01:21:14","date_gmt":"2025-09-11T01:21:14","guid":{"rendered":"https:\/\/www.europesays.com\/fr\/381589\/"},"modified":"2025-09-11T01:21:14","modified_gmt":"2025-09-11T01:21:14","slug":"la-france-a-son-nouveau-lassana-diarra-il-hallucine","status":"publish","type":"post","link":"https:\/\/www.europesays.com\/fr\/381589\/","title":{"rendered":"La France a son nouveau Lassana Diarra, il hallucine"},"content":{"rendered":"<p><b>Manu Kon\u00e9 est la tr\u00e8s belle surprise des derniers mois en \u00e9quipe de France. Le milieu de terrain de l\u2019AS Roma a confirm\u00e9 son excellente forme avec deux matchs aboutis au mois de septembre contre l\u2019Ukraine et l\u2019Islande.<\/b><\/p>\n<p>Arriv\u00e9 en <a href=\"https:\/\/www.foot01.com\/equipe-de-france\" target=\"_self\" rel=\"nofollow noopener\">\u00e9quipe de France<\/a> sur la pointe des pieds apr\u00e8s d\u2019excellentes prestations lors des Jeux Olympiques avec les Espoirs, Manu Kon\u00e9 est en train de mettre tout le monde d\u2019accord. Au c\u00f4t\u00e9 d\u2019Aur\u00e9lien Tchouam\u00e9ni, le milieu de terrain de l\u2019AS Roma encha\u00eene les bonnes performances. Titulaire en Ukraine et contre l\u2019Islande ce mardi au Parc des Princes, l\u2019ancien Toulousain a brill\u00e9 par ses nombreuses r\u00e9cup\u00e9rations de balle mais \u00e9galement par la qualit\u00e9 de son jeu avec ballon. D\u00e9sormais install\u00e9 dans le onze de d\u00e9part de Didier Deschamps, il est bien parti pour faire partie du voyage aux Etats-Unis afin de disputer la Coupe du monde et sans doute comme titulaire.<\/p>\n<p>Cela n\u2019\u00e9tonne pas Ga\u00ebl Clichy, adjoint de Thierry Henry lors des JO et qui conna\u00eet bien le joueur. Sur l\u2019antenne de Canal+, l\u2019ancien lat\u00e9ral gauche d\u2019Arsenal a lou\u00e9 les qualit\u00e9s de Manu Kon\u00e9 et compare celui qui a port\u00e9 les couleurs du Borussia M\u00f6nchengladbach \u00e0 un certain Lassana Diarra. \u00ab\u00a0C\u2019est un joueur qui me fait penser \u00e0 Lassana Diarra. En possession, si on veut sortir de derri\u00e8re, il a la qualit\u00e9 pour faire ce pivot et trouver le d\u00e9calage \u00bb a d&rsquo;abord lanc\u00e9 l&rsquo;ancien d\u00e9fenseur de l&rsquo;\u00e9quipe de France avant de poursuivre au sujet de Manu Kon\u00e9.<\/p>\n<p> \u00ab Il a cette facult\u00e9 \u00e0 se projeter et il r\u00e9cup\u00e8re \u00e9norm\u00e9ment de ballons. La petite progression qu\u2019il doit avoir, c\u2019est d\u2019\u00eatre un peu plus d\u00e9cisif. On a vu que face \u00e0 l\u2019Islande, il a frapp\u00e9 deux ou trois fois. Mais c\u2019est un joueur sous-cot\u00e9 dans le sens o\u00f9 c\u2019est un joueur qui peut jouer partout au milieu de terrain. A ce niveau-l\u00e0, c\u2019est tr\u00e8s fort\u00a0\u00bb a analys\u00e9 Ga\u00ebl Clichy, fan du joueur et qui estime que Manu Kon\u00e9 a d\u00e9sormais une autoroute devant lui pour \u00eatre titulaire \u00e0 la Coupe du monde. Le joueur de la Roma a en tout cas une belle avance sur Adrien Rabiot, Khephren Thuram ou encore Eduardo Camavinga. Il ne tient qu\u2019\u00e0 lui de r\u00e9aliser une belle saison 2025-2026 avec le club de la Louve pour d\u00e9barquer aux USA en pleine forme avec les Bleus.<\/p>\n","protected":false},"excerpt":{"rendered":"Manu Kon\u00e9 est la tr\u00e8s belle surprise des derniers mois en \u00e9quipe de France. Le milieu de terrain&hellip;\n","protected":false},"author":2,"featured_media":381590,"comment_status":"","ping_status":"","sticky":false,"template":"","format":"standard","meta":{"footnotes":""},"categories":[9],"tags":[1011,27,60],"class_list":{"0":"post-381589","1":"post","2":"type-post","3":"status-publish","4":"format-standard","5":"has-post-thumbnail","7":"category-sports","8":"tag-fr","9":"tag-france","10":"tag-sports"},"share_on_mastodon":{"url":"https:\/\/pubeurope.com\/@fr\/115183044841804669","error":""},"_links":{"self":[{"href":"https:\/\/www.europesays.com\/fr\/wp-json\/wp\/v2\/posts\/381589","targetHints":{"allow":["GET"]}}],"collection":[{"href":"https:\/\/www.europesays.com\/fr\/wp-json\/wp\/v2\/posts"}],"about":[{"href":"https:\/\/www.europesays.com\/fr\/wp-json\/wp\/v2\/types\/post"}],"author":[{"embeddable":true,"href":"https:\/\/www.europesays.com\/fr\/wp-json\/wp\/v2\/users\/2"}],"replies":[{"embeddable":true,"href":"https:\/\/www.europesays.com\/fr\/wp-json\/wp\/v2\/comments?post=381589"}],"version-history":[{"count":0,"href":"https:\/\/www.europesays.com\/fr\/wp-json\/wp\/v2\/posts\/381589\/revisions"}],"wp:featuredmedia":[{"embeddable":true,"href":"https:\/\/www.europesays.com\/fr\/wp-json\/wp\/v2\/media\/381590"}],"wp:attachment":[{"href":"https:\/\/www.europesays.com\/fr\/wp-json\/wp\/v2\/media?parent=381589"}],"wp:term":[{"taxonomy":"category","embeddable":true,"href":"https:\/\/www.europesays.com\/fr\/wp-json\/wp\/v2\/categories?post=381589"},{"taxonomy":"post_tag","embeddable":true,"href":"https:\/\/www.europesays.com\/fr\/wp-json\/wp\/v2\/tags?post=381589"}],"curies":[{"name":"wp","href":"https:\/\/api.w.org\/{rel}","templated":true}]}}