{"id":381595,"date":"2025-09-11T01:24:17","date_gmt":"2025-09-11T01:24:17","guid":{"rendered":"https:\/\/www.europesays.com\/fr\/381595\/"},"modified":"2025-09-11T01:24:17","modified_gmt":"2025-09-11T01:24:17","slug":"automobile-les-constructeurs-europeens-veulent-envoyer-dans-le-decor-la-fin-des-moteurs-thermiques-en-2035-liberation","status":"publish","type":"post","link":"https:\/\/www.europesays.com\/fr\/381595\/","title":{"rendered":"Automobile : les constructeurs europ\u00e9ens veulent envoyer dans le d\u00e9cor la fin des moteurs thermiques en 2035 &#8211; Lib\u00e9ration"},"content":{"rendered":"<ol>\n<li><a href=\"https:\/\/news.google.com\/rss\/articles\/CBMimAJBVV95cUxPQ2l2Ym00UWNRX09RWkc4TGFQZ0tSNldsSTJqcy1VWEt6Q1FVRk5KWksxUzBWdjJSOVVEN0tIN2cwMnN2REtGX01oeVJsLWxSQ0FWenpmN0JJRmh0WG9POXRVZlpjUzVrS2ZpUThaeXZtZXNOSUFVSDhpVDJIOGNCSTRwZ2pRMDFSTGJMbGFTR2NjZFpBTkpSX2RyUDlGWkNOZEw2UU43NVhLaDdyVTdZRGdxQy01TUQtSHhxdDd2dUdqY1UtYm5SLXZuWm9yLV9kSGViOHBSVTJpRVFiNERGenhWNWtTdzY0UXA1Z2dlLUdsNTZ0bkpoa3BLSjNNSnp3N2ZYYk5RWDdjU295ZlFUZE43STBHUmZW?oc=5\" target=\"_blank\" rel=\"nofollow noopener\">Automobile : les constructeurs europ\u00e9ens veulent envoyer dans le d\u00e9cor la fin des moteurs thermiques en 2035<\/a>&nbsp;&nbsp;Lib\u00e9ration<\/li>\n<li><a href=\"https:\/\/news.google.com\/rss\/articles\/CBMi2gFBVV95cUxNY0lWZmdnVDU4QmdESmlnNFdtYk9IV1p2dXMzbk9RX3N1dmQ0S2g1SlRNT0FiZUtxdDdFeDNzNFIwYlFHN3Z1SVlSN1pEcS15T2x6ZS1SVHdlWGoyRXFqdVdENFduOUh3RjFxaUdfY3gxbXZHdjZyNk53ZExYWXhhS1NQZTlrbXd0OF9sMVhjYWNoYkh6cmFjVzMtWjkyWTdVVFRPWDlqRzNNdHdyQ3lmeUxaWFhGY0I2RUhBNW9hLTRNd0FxWTNpWF90Mi1hdTNTNzUxLS1lbGRiZw?oc=5\" target=\"_blank\" rel=\"nofollow noopener\">\u00ab Il ne faut pas sous-estimer le d\u00e9clin rapide de l&rsquo;industrie automobile europ\u00e9enne \u00bb<\/a>&nbsp;&nbsp;Les Echos<\/li>\n<li><a href=\"https:\/\/news.google.com\/rss\/articles\/CBMilwJBVV95cUxOWHNweXBIVlc0RWw2TF83dE1VSy03YjViWlhpOHhWQVM4VmlRbDBSYS1LMHp6dVozWTNxRmFQM0k2VDRKdFVXNjJUUTVhMEJNNVMzSkhyb2tWLTIzclVpWFdIYklqT0pOSzZrc0llWnB5eDVYY0dud2xlTmlDNUZvejZqRVlhbFVXRThkSjd3MlJUNWpRTUJBcHpnLTFDT0N1M05HT2M0ODJwS0s4d0pXSnRRWTVIY0dqMDNjdUJlWUVfNFVnZllGTERLMmpsX1pEbC0tZ0NTM0hvbHBRSGoyakZHU3NPeXM5NU9VWVBSTXFGS2xneWRzclZxclI2MEJGcm90UWw5MUx6MHVvMVdQX1FRck1kdEk?oc=5\" target=\"_blank\" rel=\"nofollow noopener\">L&rsquo;interdiction de vente de voitures neuves \u00e0 moteurs thermiques en 2035 critiqu\u00e9e en Europe<\/a>&nbsp;&nbsp;BFMTV<\/li>\n<li><a href=\"https:\/\/news.google.com\/rss\/articles\/CBMi0AFBVV95cUxNSGhTeFQ1N2J6Rl9pRWdFT2JCYjVuS2Jra05uZ1kzd3pjZWpaTEROdkg4VzZhSmhjVVFKS3pUdWxvSlNwbU5JZmllTmg4LTAtSlY3QzROWWROUTVMMG5WbXdPMHZTQmltSEloQ3paUkNhZTB6Nm5xN2hFdl8tWlgyMVdDSV9yTjZqNVRjYUtmaEx1WFpXUXlCa19IdU9fZjA3enhpemRBeENDSFhMWU1qMC1tbE5DYTVEajFYNnJFamROVl9OT3MtSVZ0VlE0RXpT0gHWAUFVX3lxTE1fZVBvc3diOGdlM2RZSFVWZFNnc1NLcmhGR19xMTVvUU5NZUhqQ0ExV0x3YmNJNy1sSlF5MlFxMHd2RGkwRnJvcWlDTkR6WTB2dkotbXd1VUtXUnQyZDBVblFiaEpWc2RZNk9qMENRTkhIbnNVRVRXVUp5MTdWaEdJRVpoTkNoR1h2NjZrWnpuUFZiZVZmcWZkU1ZSbmNEYkpRZzljNEVlZDBqWHgxOGw5TGJWa1hQTW1sQlJjNWhDTDZ2OWhfVUItMFRqX1lweG9fLUd1eHc?oc=5\" target=\"_blank\" rel=\"nofollow noopener\">L&rsquo;Allemagne presse l&rsquo;UE d&rsquo;assouplir l&rsquo;interdiction de vente des voitures thermiques en 2035&#8230;<\/a>&nbsp;&nbsp;Fortuneo<\/li>\n<li><a href=\"https:\/\/news.google.com\/rss\/articles\/CBMi6gFBVV95cUxQQVJnRE9xQ2llemZ5MExNNmdaNVBiNU5VLUdYU1A2bWNjWTVsNUVFQ1FOTExaV3Q4bHdhV0U3d19ROEtiMnZZWHpUeGxsdURRRlhabFRFbHM1TmYtWmhiTlZOeGlfSFlKb0ZVZ044R2hJOXgyMk9EeWFIblJjSnBLSnJvdDFNd195WElNY3BySVhEZFB4dXFpZGZualRwWFROTTR3eGJPVEYtb2dBeVl6Ry1kOURYWmt0RVgwZVpHTTZuSnlxcmdhUU4zdnRIWk9zWTZWUy1JVmN4TWFhNk40MDJldEl3WWhsVFE?oc=5\" target=\"_blank\" rel=\"nofollow noopener\">\u00ab L\u2019industrie automobile subit un choc d\u2019incertitude technologique, \u00e9conomique et politique \u00bb<\/a>&nbsp;&nbsp;Le Monde.fr<\/li>\n<\/ol>\n","protected":false},"excerpt":{"rendered":"Automobile : les constructeurs europ\u00e9ens veulent envoyer dans le d\u00e9cor la fin des moteurs thermiques en 2035&nbsp;&nbsp;Lib\u00e9ration \u00ab&hellip;\n","protected":false},"author":2,"featured_media":381596,"comment_status":"","ping_status":"","sticky":false,"template":"","format":"standard","meta":{"footnotes":""},"categories":[6],"tags":[646,35,33,34,1011,27,51477,364],"class_list":{"0":"post-381595","1":"post","2":"type-post","3":"status-publish","4":"format-standard","5":"has-post-thumbnail","7":"category-economie","8":"tag-automobile","9":"tag-business","10":"tag-economie","11":"tag-economy","12":"tag-fr","13":"tag-france","14":"tag-mondial-auto","15":"tag-union-europeenne"},"share_on_mastodon":{"url":"https:\/\/pubeurope.com\/@fr\/115183056584230996","error":""},"_links":{"self":[{"href":"https:\/\/www.europesays.com\/fr\/wp-json\/wp\/v2\/posts\/381595","targetHints":{"allow":["GET"]}}],"collection":[{"href":"https:\/\/www.europesays.com\/fr\/wp-json\/wp\/v2\/posts"}],"about":[{"href":"https:\/\/www.europesays.com\/fr\/wp-json\/wp\/v2\/types\/post"}],"author":[{"embeddable":true,"href":"https:\/\/www.europesays.com\/fr\/wp-json\/wp\/v2\/users\/2"}],"replies":[{"embeddable":true,"href":"https:\/\/www.europesays.com\/fr\/wp-json\/wp\/v2\/comments?post=381595"}],"version-history":[{"count":0,"href":"https:\/\/www.europesays.com\/fr\/wp-json\/wp\/v2\/posts\/381595\/revisions"}],"wp:featuredmedia":[{"embeddable":true,"href":"https:\/\/www.europesays.com\/fr\/wp-json\/wp\/v2\/media\/381596"}],"wp:attachment":[{"href":"https:\/\/www.europesays.com\/fr\/wp-json\/wp\/v2\/media?parent=381595"}],"wp:term":[{"taxonomy":"category","embeddable":true,"href":"https:\/\/www.europesays.com\/fr\/wp-json\/wp\/v2\/categories?post=381595"},{"taxonomy":"post_tag","embeddable":true,"href":"https:\/\/www.europesays.com\/fr\/wp-json\/wp\/v2\/tags?post=381595"}],"curies":[{"name":"wp","href":"https:\/\/api.w.org\/{rel}","templated":true}]}}