{"id":381601,"date":"2025-09-11T01:29:00","date_gmt":"2025-09-11T01:29:00","guid":{"rendered":"https:\/\/www.europesays.com\/fr\/381601\/"},"modified":"2025-09-11T01:29:00","modified_gmt":"2025-09-11T01:29:00","slug":"villars-le-benevolat-est-necessaire-pour-faire-vivre-le-centre-social","status":"publish","type":"post","link":"https:\/\/www.europesays.com\/fr\/381601\/","title":{"rendered":"Villars. \u00ab\u00a0Le b\u00e9n\u00e9volat est n\u00e9cessaire pour faire vivre le centre social\u00a0\u00bb"},"content":{"rendered":"<blockquote class=\"question\"><p>Quel est le programme de la rentr\u00e9e au centre social\u00a0?<\/p><\/blockquote>\n<p>\u00ab\u00a0Il y a quelques nouveaut\u00e9s cette ann\u00e9e, notamment avec la f\u00eate de la rentr\u00e9e, qui sera un gros temps fort programm\u00e9 le vendredi 19\u00a0septembre en fin de journ\u00e9e. C\u2019est un moment plut\u00f4t convivial, ouvert \u00e0 nos adh\u00e9rents et sympathisants. On a m\u00eame pr\u00e9vu un concert. L\u2019objectif, c\u2019est de faire se rencontrer les gens, de d\u00e9couvrir le centre social d\u2019une mani\u00e8re diff\u00e9rente et de f\u00eater la rentr\u00e9e.\u00a0\u00bb<\/p>\n<blockquote class=\"question\"><p>Y a-t-il d\u2019autres nouveaut\u00e9s\u00a0?<\/p><\/blockquote>\n<p>\u00ab\u00a0L\u2019autre nouveaut\u00e9 qui est importante pour nous&#8230;<\/p>\n","protected":false},"excerpt":{"rendered":"Quel est le programme de la rentr\u00e9e au centre social\u00a0? \u00ab\u00a0Il y a quelques nouveaut\u00e9s cette ann\u00e9e, notamment&hellip;\n","protected":false},"author":2,"featured_media":381602,"comment_status":"","ping_status":"","sticky":false,"template":"","format":"standard","meta":{"footnotes":""},"categories":[9653],"tags":[1111,11,2430,7539,1777,674,1011,27,12,25,4001,9664,104,1631,10246],"class_list":{"0":"post-381601","1":"post","2":"type-post","3":"status-publish","4":"format-standard","5":"has-post-thumbnail","7":"category-saint-etienne","8":"tag-actu","9":"tag-actualites","10":"tag-auvergne-rhone-alpes","11":"tag-edition-loire-sud","12":"tag-eu","13":"tag-europe","14":"tag-fr","15":"tag-france","16":"tag-news","17":"tag-republique-francaise","18":"tag-saint-etienne","19":"tag-saint-etienne-bassin","20":"tag-societe","21":"tag-vie-associative","22":"tag-villars"},"share_on_mastodon":{"url":"https:\/\/pubeurope.com\/@fr\/115183076063040946","error":""},"_links":{"self":[{"href":"https:\/\/www.europesays.com\/fr\/wp-json\/wp\/v2\/posts\/381601","targetHints":{"allow":["GET"]}}],"collection":[{"href":"https:\/\/www.europesays.com\/fr\/wp-json\/wp\/v2\/posts"}],"about":[{"href":"https:\/\/www.europesays.com\/fr\/wp-json\/wp\/v2\/types\/post"}],"author":[{"embeddable":true,"href":"https:\/\/www.europesays.com\/fr\/wp-json\/wp\/v2\/users\/2"}],"replies":[{"embeddable":true,"href":"https:\/\/www.europesays.com\/fr\/wp-json\/wp\/v2\/comments?post=381601"}],"version-history":[{"count":0,"href":"https:\/\/www.europesays.com\/fr\/wp-json\/wp\/v2\/posts\/381601\/revisions"}],"wp:featuredmedia":[{"embeddable":true,"href":"https:\/\/www.europesays.com\/fr\/wp-json\/wp\/v2\/media\/381602"}],"wp:attachment":[{"href":"https:\/\/www.europesays.com\/fr\/wp-json\/wp\/v2\/media?parent=381601"}],"wp:term":[{"taxonomy":"category","embeddable":true,"href":"https:\/\/www.europesays.com\/fr\/wp-json\/wp\/v2\/categories?post=381601"},{"taxonomy":"post_tag","embeddable":true,"href":"https:\/\/www.europesays.com\/fr\/wp-json\/wp\/v2\/tags?post=381601"}],"curies":[{"name":"wp","href":"https:\/\/api.w.org\/{rel}","templated":true}]}}