{"id":381603,"date":"2025-09-11T01:30:54","date_gmt":"2025-09-11T01:30:54","guid":{"rendered":"https:\/\/www.europesays.com\/fr\/381603\/"},"modified":"2025-09-11T01:30:54","modified_gmt":"2025-09-11T01:30:54","slug":"bloquons-tout-dans-la-loire-le-rejet-demmanuel-macron-comme-seul-fil-rouge","status":"publish","type":"post","link":"https:\/\/www.europesays.com\/fr\/381603\/","title":{"rendered":"Bloquons tout dans la Loire\u00a0: le rejet d\u2019Emmanuel Macron comme seul fil rouge ?"},"content":{"rendered":"<p class=\"is-style-chapo\">Dans la Loire comme partout dans le pays, le mouvement \u00ab\u00a0Bloquons tout\u00a0\u00bb, de ce mercredi 10 septembre, a commenc\u00e9 d\u00e8s 6 heures devant la gare de Ch\u00e2teaucreux \u00e0 Saint-Etienne. Jeunes, moins jeunes, \u00e0 gauche, \u00e0 droite, militants ou non, ils ont en commun un rejet total du pr\u00e9sident de la R\u00e9publique, Emmanuel Macron. Mais quoi d\u2019autre\u00a0? Au lendemain de la chute de Fran\u00e7ois Bayrou, et de la nomination de S\u00e9bastien Lecornu comme son 7e Premier ministre \u2013 le 5e de ce second quinquennat \u2013 ils ont envie de faire entendre leur(s) voix\u2026<\/p>\n<p><img loading=\"lazy\" decoding=\"async\" width=\"1024\" height=\"576\" src=\"https:\/\/www.europesays.com\/fr\/wp-content\/uploads\/2025\/09\/IMG_0223-1-1024x576.jpg\" alt=\"\" class=\"wp-image-80410\"  \/>\u00a9JT\/ If Saint-Etienne.<\/p>\n<p>Ils s\u2019\u00e9taient donn\u00e9 rendez-vous t\u00f4t ce matin, d\u00e8s 6 heures devant la gare de Ch\u00e2teaucreux, pour participer au mouvement \u00ab\u00a0<a href=\"https:\/\/www.if-saint-etienne.fr\/breves\/bloquons-tout-dans-la-loire-le-prevu-et-limprevu\" target=\"_blank\" rel=\"noreferrer noopener\">Bloquons tout<\/a>\u00a0\u00bb n\u00e9 il y a trois mois sur les <a href=\"https:\/\/www.franceinfo.fr\/societe\/bloquons-tout-mouvement-du-10-septembre\/d-un-appel-au-boycott-a-bloquons-tout-comment-le-mouvement-du-10-septembre-a-change-de-mot-d-ordre_7461475.html?utm_source=firefox-newtab-fr-fr\" target=\"_blank\" rel=\"noreferrer noopener\">r\u00e9seaux<\/a> sociaux. D\u00e8s mi-juillet, une vid\u00e9o appelait les Fran\u00e7ais \u00e0 se confiner le mercredi 10 septembre, en signe de r\u00e9sistance pacifique \u00e0 la politique men\u00e9e par le gouvernement Bayrou.<\/p>\n<p>D\u2019abord relay\u00e9 par des sph\u00e8res li\u00e9es \u00e0 l\u2019extr\u00eame droite, l\u2019appel s\u2019est ensuite t\u00e9lescop\u00e9 avec un compte intitul\u00e9 \u00ab\u00a0Bloquons tout\u00a0\u00bb, sur <a href=\"https:\/\/x.com\/SarahHRakM4\/status\/1946316109541442024\" target=\"_blank\" rel=\"noreferrer noopener\">X<\/a>, puis \u00ab\u00a0Indignons-nous\u00a0\u00bb, avec des revendications qui se sont \u00e9largies, amenant la gauche \u00e0 s\u2019inviter dans le mouvement qui, lui, se dit apolitique.<\/p>\n<p>Ensemble surtout<\/p>\n<p>C\u2019est peut-\u00eatre l\u00e0 que le b\u00e2t blesse\u2026 Ainsi, \u00e0 Saint-Etienne, apr\u00e8s avoir bloqu\u00e9 la circulation du tram sur le parvis de la gare, les pr\u00e8s de 200 personnes r\u00e9unies ce matin ont organis\u00e9 des agoras, pour partager leurs id\u00e9es, leurs revendications, et d\u00e9cider, ensemble, de la suite \u00e0 donner au mouvement. N\u00e9anmoins, apr\u00e8s un constat de ras-le-bol, ce flou politique n\u2019a pas tard\u00e9 \u00e0 s\u2019inviter dans le d\u00e9bat. Faut-il s\u2019associer \u00e0 des sympathisants du RN dans cette lutte, ou non\u00a0? Tous n\u2019\u00e9taient pas d\u2019accord \u00e0 ce sujet ce matin. Inimaginable pour certains, quand d\u2019autres y voient l\u2019occasion d\u2019avoir davantage de poids\u2026<\/p>\n<p>Difficile alors de porter des revendications communes, ce que l\u2019on le ressent rapidement au travers des diff\u00e9rentes pancartes f\u00e9ministes, des drapeaux palestiniens, des slogans anticapitalistes, ou encore de l\u2019appel \u00e0 la d\u00e9mission\u2026 du maire de Saint-Etienne. Venez comme vous \u00eates, et avec vos revendications. <\/p>\n<p><img loading=\"lazy\" decoding=\"async\" width=\"1024\" height=\"576\" data-id=\"80409\" src=\"https:\/\/www.europesays.com\/fr\/wp-content\/uploads\/2025\/09\/IMG_0225-1-1024x576.jpg\" alt=\"\" class=\"wp-image-80409\"  \/>\u00a9JT\/ If Saint-Etienne.<\/p>\n<p><img loading=\"lazy\" decoding=\"async\" width=\"1024\" height=\"576\" data-id=\"80408\" src=\"https:\/\/www.europesays.com\/fr\/wp-content\/uploads\/2025\/09\/IMG_0212-1-1024x576.jpg\" alt=\"\" class=\"wp-image-80408\"  \/>\u00a9JT\/ If Saint-Etienne.<\/p>\n<p><img loading=\"lazy\" decoding=\"async\" width=\"1024\" height=\"576\" data-id=\"80407\" src=\"https:\/\/www.europesays.com\/fr\/wp-content\/uploads\/2025\/09\/IMG_0210-1-1024x576.jpg\" alt=\"\" class=\"wp-image-80407\"  \/>\u00a9JT\/ If Saint-Etienne.<\/p>\n<p><img loading=\"lazy\" decoding=\"async\" width=\"1024\" height=\"576\" data-id=\"80406\" src=\"https:\/\/www.europesays.com\/fr\/wp-content\/uploads\/2025\/09\/IMG_0195-1-1024x576.jpg\" alt=\"\" class=\"wp-image-80406\"  \/>\u00a9JT\/ If Saint-Etienne.<\/p>\n<p>De la m\u00eame mani\u00e8re, certains se montrent hostiles envers les m\u00e9dias qu\u2019ils qualifient de \u00ab\u00a0mainstream\u00a0\u00bb \u2013 nos confr\u00e8res de France 3 Saint-Etienne ont \u00e9t\u00e9 somm\u00e9s de poser leur cam\u00e9ra \u00e0 terre et de cesser de filmer l\u2019une des agoras \u2013 quand d\u2019autres donnent des interviews sans hostilit\u00e9 pour faire porter leurs revendications. Un rassemblement \u00e0 l\u2019image de la France, fractur\u00e9. N\u00e9anmoins, aucun casseur ne s\u2019\u00e9tait invit\u00e9 \u00e0 la f\u00eate, tant qu\u2019elle \u00e9tait statique. Car peu apr\u00e8s 10 heures, le rassemblement s\u2019est mu\u00e9 en cort\u00e8ge.\u00a0<\/p>\n<p>Le mouvement se tend <\/p>\n<p>Apr\u00e8s quoi de premi\u00e8res d\u00e9gradations, tr\u00e8s loin d\u2019\u00eatre cautionn\u00e9es par l\u2019ensemble des participants au mouvement, \u00e9taient signal\u00e9es en fin de matin\u00e9e dans le centre ville de Saint-Etienne : incendies de d\u00e9tritus et de poubelles, des abribus et cass\u00e9s et aussi une enseigne de la soci\u00e9t\u00e9 d\u2019assurance Axa ainsi que le Carrefour de la place Badouilli\u00e8re attaqu\u00e9s. Dans les deux cas, en rapport \u2013 vraisemblablement \u2013 non avec l\u2019aust\u00e9rit\u00e9 mais avec leur maintien de liens \u00e9conomiques avec Isra\u00ebl, la colonisation en terres palestiniennes, sinon l\u2019armement au sein de ce pays. En tout cas <a href=\"https:\/\/www.ldh-france.org\/liens-du-groupe-carrefour-avec-la-colonisation-israelienne\/\" target=\"_blank\" rel=\"noreferrer noopener\">expos\u00e9s<\/a> ici par Ligue des Droits de l\u2019Homme pour Carrefour, expliqu\u00e9s <a href=\"https:\/\/www.liberation.fr\/economie\/social\/a-lassemblee-generale-daxa-des-militants-pro-palestiniens-accusent-lassureur-detre-complice-de-la-colonisation-et-du-genocide-a-gaza-20250424_BSEVZO2FGFBM5IOC24Z2BLOERU\/\" target=\"_blank\" rel=\"noreferrer noopener\">ici<\/a> par nos confr\u00e8res de Lib\u00e9ration pour l\u2019assureur. <\/p>\n<p><img loading=\"lazy\" decoding=\"async\" width=\"1024\" height=\"768\" data-id=\"80430\" src=\"https:\/\/www.europesays.com\/fr\/wp-content\/uploads\/2025\/09\/b-1024x768.jpg\" alt=\"\" class=\"wp-image-80430\"  \/><\/p>\n<p><img loading=\"lazy\" decoding=\"async\" width=\"1024\" height=\"768\" data-id=\"80428\" src=\"https:\/\/www.europesays.com\/fr\/wp-content\/uploads\/2025\/09\/a-1024x768.jpg\" alt=\"\" class=\"wp-image-80428\"  \/>\u00a9If Saint-Etienne \/ JT<\/p>\n<p><img loading=\"lazy\" decoding=\"async\" width=\"1024\" height=\"768\" data-id=\"80431\" src=\"https:\/\/www.europesays.com\/fr\/wp-content\/uploads\/2025\/09\/e-1024x768.jpg\" alt=\"\" class=\"wp-image-80431\"  \/>\u00a9If Saint-Etienne \/ JT<\/p>\n<p><img loading=\"lazy\" decoding=\"async\" width=\"1024\" height=\"768\" data-id=\"80432\" src=\"https:\/\/www.europesays.com\/fr\/wp-content\/uploads\/2025\/09\/c-1024x768.jpg\" alt=\"\" class=\"wp-image-80432\"  \/>\u00a9If Saint-Etienne \/ JT<\/p>\n<p><img loading=\"lazy\" decoding=\"async\" width=\"1024\" height=\"768\" data-id=\"80433\" src=\"https:\/\/www.europesays.com\/fr\/wp-content\/uploads\/2025\/09\/v-1024x768.jpg\" alt=\"\" class=\"wp-image-80433\"  \/>\u00a9If Saint-Etienne \/ JT<\/p>\n<p>Du c\u00f4t\u00e9 du campus Tr\u00e9filerie et de Centre 2 qui a ferm\u00e9 ses portes, d\u2019autres regroupements avaient lieu avec originellement, un blocage de l\u2019acc\u00e8s \u00e0 l\u2019universit\u00e9 finalement. \u00ab\u00a0Apr\u00e8s m\u00e9diation avec les chefs d\u2019\u00e9tablissement et les forces de l\u2019ordre, les \u00e9tudiants le souhaitant ont pu acc\u00e9der aux \u00e9tablissements et assister \u00e0 l\u2019ensemble des cours\u00a0\u00bb, indiquait la pr\u00e9fecture. Idem devant les lyc\u00e9es \u00c9tienne-Mimard, Claude-Fauriel et Honor\u00e9-d\u2019Urf\u00e9. Depuis, toujours autour du campus, un jeu du \u00ab\u00a0chat et de la souris\u00a0\u00bb a suivi entre certains manifestants et les forces de l\u2019ordre. <\/p>\n<p>A Saint-Etienne encore un cort\u00e8ge intersyndical doit d\u00e9filer cet apr\u00e8s-midi dans Saint-Etienne, comme d\u2019ailleurs \u00e0 Roanne ce matin. De nombreuses stations de V\u00e9liverts ont \u00e9t\u00e9 ferm\u00e9es par anticipation. Les commer\u00e7ants ont \u00e9t\u00e9 \u00e0 nouveau invit\u00e9s \u00e0 prot\u00e9ger leurs biens, comme hier. <\/p>\n<p>Hors de Saint-Etienne, t\u00f4t ce matin, dans le Gier, une tentative de blocage de l\u2019A47 au niveau de l\u2019\u00e9changeur de Grand-Croix avait d\u2019abord fonctionn\u00e9 via un incendie sur les voies. Mais circulation avait \u00e9t\u00e9 r\u00e9tablie peu avant 8 h. C\u00f4t\u00e9 transports encore, des voies ferroviaires entre Roanne et Lyon ont \u00e9t\u00e9 aussi rapidement d\u00e9bloqu\u00e9es t\u00f4t ce matin, les deux sous-pr\u00e9fectures de la Loire ayant aussi vu des rassemblements d\u00e8s 6 h. A Montbrison, un rassemblement a eu lieu devant la sous-pr\u00e9fecture. \u00ab\u00a0Une tentative d\u2019intrusion \u00e0 la mairie a \u00e9t\u00e9 d\u00e9jou\u00e9e. Un individu a \u00e9t\u00e9 interpell\u00e9. A Roanne, un rassemblement se tient devant la sous-pr\u00e9fecture, sans incident\u00a0\u00bb, pr\u00e9cisait la pr\u00e9fecture dans un point communiqu\u00e9 \u00e0 la presse vers 12 h.<\/p>\n<p>Le cort\u00e8ge st\u00e9phanois r\u00e9unit des milliers de personnes<\/p>\n<p>Dans le cadre des mobilisations, la <a href=\"https:\/\/www.if-saint-etienne.fr\/politique-societe\/muriel-nguyen-devrait-remplacer-alexandre-rochatte-comme-prefete-de-la-loire\" target=\"_blank\" rel=\"noreferrer noopener\">pr\u00e9f\u00e8te<\/a> de la Loire a d\u00e9cid\u00e9 l\u2019activation du Centre Op\u00e9rationnel D\u00e9partemental (COD) afin de coordonner les op\u00e9rations de s\u00e9curit\u00e9 et de secours. Les forces de l\u2019ordre sont d\u00e9ploy\u00e9es sur le terrain, tout au long de la journ\u00e9e : 7\u00a0000 policiers et gendarmes sont mobilis\u00e9s en Aura, a annonc\u00e9 la pr\u00e9fecture de R\u00e9gion sans le pr\u00e9ciser pour la Loire. <\/p>\n<p><video controls=\"\" src=\"https:\/\/www.if-saint-etienne.fr\/wp-content\/uploads\/2025\/09\/VID-20250910-WA0011.mp4\"\/><\/p>\n<p>Le cort\u00e8ge st\u00e9phanois de l\u2019intersyndicale est parti de la Bourse du travail vers 15 h comme pr\u00e9vu. A vue de nez, et en attendant les traditionnels comptages grand \u00e9cart entre police et syndicat, il semble avoir v\u00e9hicul\u00e9 plusieurs milliers de personnes. Cours Victor-Hugo, un d\u00e9but d\u2019incendie sur une des pentes enherb\u00e9es du parking des Ursules a \u00e9t\u00e9 allum\u00e9. Il a \u00e9t\u00e9 rapidement \u00e9teint par des manifestants avec des extincteurs. Les manifestants sont ensuite pass\u00e9s par la place du Peuple puis avenue de la Lib\u00e9ration jusqu\u2019au square Violette avant de devoir s\u2019orienter vers la place H\u00f4tel-de-Ville.     <\/p>\n<p><img loading=\"lazy\" decoding=\"async\" width=\"1024\" height=\"768\" data-id=\"80439\" src=\"https:\/\/www.europesays.com\/fr\/wp-content\/uploads\/2025\/09\/op-1024x768.jpg\" alt=\"\" class=\"wp-image-80439\"  \/>\u00a9JT \/ If Saint-Etienne<\/p>\n<p><img loading=\"lazy\" decoding=\"async\" width=\"1024\" height=\"768\" data-id=\"80436\" src=\"https:\/\/www.europesays.com\/fr\/wp-content\/uploads\/2025\/09\/f-1024x768.jpg\" alt=\"\" class=\"wp-image-80436\"  \/><\/p>\n<p><img loading=\"lazy\" decoding=\"async\" width=\"1024\" height=\"768\" data-id=\"80440\" src=\"https:\/\/www.europesays.com\/fr\/wp-content\/uploads\/2025\/09\/k-1-1024x768.jpg\" alt=\"\" class=\"wp-image-80440\"  \/>\u00a9JT \/ If Saint-Etienne<\/p>\n<p><img loading=\"lazy\" decoding=\"async\" width=\"1024\" height=\"768\" data-id=\"80438\" src=\"https:\/\/www.europesays.com\/fr\/wp-content\/uploads\/2025\/09\/l-1024x768.jpg\" alt=\"\" class=\"wp-image-80438\"  \/><\/p>\n<p><img loading=\"lazy\" decoding=\"async\" width=\"1024\" height=\"768\" data-id=\"80443\" src=\"https:\/\/www.europesays.com\/fr\/wp-content\/uploads\/2025\/09\/ss-1024x768.jpg\" alt=\"\" class=\"wp-image-80443\"  \/><\/p>\n<p>Selon nos confr\u00e8res du Progr\u00e8s, un motard de la police nationale a re\u00e7u un projectile au visage alors qu\u2019il circulait place du Peuple. Il a \u00e9t\u00e9 \u00e9vacu\u00e9 par une ambulance des pompiers. Un suspect aurait \u00e9t\u00e9 interpell\u00e9 rapidement apr\u00e8s. <\/p>\n<p>Arriv\u00e9 place H\u00f4tel-de-Ville, des \u00ab\u00a0Perdriau d\u00e9mission\u00a0\u00bb ont \u00e9t\u00e9 ajout\u00e9s aux \u00ab\u00a0Macron d\u00e9mission\u00a0\u00bb. Bayrou et d\u00e9j\u00e0, son rempla\u00e7ant Lecornu sont secou\u00e9s dans les discours de l\u2019intersyndicale\u2026 Ceux ci effectu\u00e9s, certains de ses repr\u00e9sentants invitent la foule \u00e0 se rendre \u00e0 la gare de Ch\u00e2teaucreux pour une \u00ab\u00a0AG\u00a0\u00bb sur la suite du mouvement. Une gare dont l\u2019entr\u00e9e est prot\u00e9g\u00e9e par un cordon policier. Certains entendent poursuivre les actions demain d\u00e8s 8 heures place de l\u2019H\u00f4tel-de-Ville, et la fac devrait \u00eatre occup\u00e9e par des \u00e9tudiants. Dans le m\u00eame temps, la Ville de Saint-Etienne annonce vouloir porter plainte concernant les d\u00e9gradations du bien public, \u00ab\u00a0pour que les responsables soient les payeurs\u00a0\u00bb pr\u00e9cise-t-elle dans un communiqu\u00e9. <\/p>\n<p><img loading=\"lazy\" decoding=\"async\" width=\"1024\" height=\"768\" data-id=\"80451\" src=\"https:\/\/www.europesays.com\/fr\/wp-content\/uploads\/2025\/09\/s-1024x768.jpg\" alt=\"\" class=\"wp-image-80451\"  \/><\/p>\n<p><img loading=\"lazy\" decoding=\"async\" width=\"1024\" height=\"768\" data-id=\"80450\" src=\"https:\/\/www.europesays.com\/fr\/wp-content\/uploads\/2025\/09\/a-1-1024x768.jpg\" alt=\"\" class=\"wp-image-80450\"  \/>\u00a9JT  \/ if Saint-Etienne<\/p>\n<p><img loading=\"lazy\" decoding=\"async\" width=\"1024\" height=\"768\" data-id=\"80452\" src=\"https:\/\/www.europesays.com\/fr\/wp-content\/uploads\/2025\/09\/q-1024x768.jpg\" alt=\"\" class=\"wp-image-80452\"  \/>\u00a9JT  \/ if Saint-Etienne<\/p>\n<p><video controls=\"\" src=\"https:\/\/www.if-saint-etienne.fr\/wp-content\/uploads\/2025\/09\/VID-20250910-WA0025.mp4\"\/><\/p>\n","protected":false},"excerpt":{"rendered":"Dans la Loire comme partout dans le pays, le mouvement \u00ab\u00a0Bloquons tout\u00a0\u00bb, de ce mercredi 10 septembre, a&hellip;\n","protected":false},"author":2,"featured_media":381604,"comment_status":"","ping_status":"","sticky":false,"template":"","format":"standard","meta":{"footnotes":""},"categories":[9653],"tags":[1111,11,2430,47212,1777,674,1011,27,6151,51478,51479,11639,12,25,51480,4001],"class_list":{"0":"post-381603","1":"post","2":"type-post","3":"status-publish","4":"format-standard","5":"has-post-thumbnail","7":"category-saint-etienne","8":"tag-actu","9":"tag-actualites","10":"tag-auvergne-rhone-alpes","11":"tag-bloquons-tout","12":"tag-eu","13":"tag-europe","14":"tag-fr","15":"tag-france","16":"tag-greve","17":"tag-manifestation-loire","18":"tag-manifestation-saint-etienne","19":"tag-mouvement-social","20":"tag-news","21":"tag-republique-francaise","22":"tag-revendicatif","23":"tag-saint-etienne"},"share_on_mastodon":{"url":"https:\/\/pubeurope.com\/@fr\/115183085650384480","error":""},"_links":{"self":[{"href":"https:\/\/www.europesays.com\/fr\/wp-json\/wp\/v2\/posts\/381603","targetHints":{"allow":["GET"]}}],"collection":[{"href":"https:\/\/www.europesays.com\/fr\/wp-json\/wp\/v2\/posts"}],"about":[{"href":"https:\/\/www.europesays.com\/fr\/wp-json\/wp\/v2\/types\/post"}],"author":[{"embeddable":true,"href":"https:\/\/www.europesays.com\/fr\/wp-json\/wp\/v2\/users\/2"}],"replies":[{"embeddable":true,"href":"https:\/\/www.europesays.com\/fr\/wp-json\/wp\/v2\/comments?post=381603"}],"version-history":[{"count":0,"href":"https:\/\/www.europesays.com\/fr\/wp-json\/wp\/v2\/posts\/381603\/revisions"}],"wp:featuredmedia":[{"embeddable":true,"href":"https:\/\/www.europesays.com\/fr\/wp-json\/wp\/v2\/media\/381604"}],"wp:attachment":[{"href":"https:\/\/www.europesays.com\/fr\/wp-json\/wp\/v2\/media?parent=381603"}],"wp:term":[{"taxonomy":"category","embeddable":true,"href":"https:\/\/www.europesays.com\/fr\/wp-json\/wp\/v2\/categories?post=381603"},{"taxonomy":"post_tag","embeddable":true,"href":"https:\/\/www.europesays.com\/fr\/wp-json\/wp\/v2\/tags?post=381603"}],"curies":[{"name":"wp","href":"https:\/\/api.w.org\/{rel}","templated":true}]}}