{"id":381605,"date":"2025-09-11T01:34:27","date_gmt":"2025-09-11T01:34:27","guid":{"rendered":"https:\/\/www.europesays.com\/fr\/381605\/"},"modified":"2025-09-11T01:34:27","modified_gmt":"2025-09-11T01:34:27","slug":"pronostic-estac-troyes-nancy-ligue-2","status":"publish","type":"post","link":"https:\/\/www.europesays.com\/fr\/381605\/","title":{"rendered":"Pronostic ESTAC Troyes Nancy &#8211; Ligue 2"},"content":{"rendered":"<p class=\"text-xs leading-5 text-gray-400 mb-2\">\n                        Publi\u00e9 le 10\/09\/2025 14:00<br \/>\n                        \u00a0par<br \/>\n                                                            <a href=\"https:\/\/www.sportytrader.com\/auteur\/steeven-occhipinti-1\/\" target=\"_blank\" rel=\"noopener\">Steeven Occhipinti<\/a><\/p>\n<p>                                                                                                            dans<br \/>\n                                <a data-trans=\"tips.published.competition %competition%\" href=\"https:\/\/www.sportytrader.com\/pronostics\/football\/france\/ligue-2-124\/\" target=\"_blank\" rel=\"noopener\"><br \/>\n                                    Pronostic Ligue 2<br \/>\n                                <\/a><\/p>\n<p style=\"text-align: justify;\">La Ligue 2 fait son retour apr\u00e8s la fin de la tr\u00eave internationale. Pour le multiplex de la 5e journ\u00e9e, l&rsquo;ES Troyes AC va d\u00e9fier l&rsquo;AS Nancy-Lorraine ce vendredi \u00e0 20h00 au Stade de l&rsquo;Aube. Le club troyen ne s&rsquo;est pas trop mal lanc\u00e9 dans cette nouvelle \u00e9dition de la deuxi\u00e8me division tricolore. S&rsquo;il n&rsquo;a pris qu&rsquo;un seul point en 2 d\u00e9placements, il n&rsquo;a pas connu le moindre accroc \u00e0 domicile, en l&#8217;emportant contre le GF38 (2-1) et le Montpellier HSC (1-0). L&rsquo;\u00e9quipe entra\u00een\u00e9e par St\u00e9phane Dumont se trouve \u00e0 la 6e place du classement, avec ses 7 points au compteur. Sa prochaine affiche ne s&rsquo;annonce cependant pas simple&#8230;<\/p>\n<p style=\"text-align: justify;\">Gr\u00e2ce \u00e0 son sacre en National 1 lors du dernier exercice, l&rsquo;AS Nancy-Lorraine est remont\u00e9e en Ligue 2. Jusqu&rsquo;\u00e0 maintenant, le promu se montre particuli\u00e8rement convaincant. Il n&rsquo;a toujours pas connu le moindre revers apr\u00e8s ses 4 premi\u00e8res journ\u00e9es. Juste avant la tr\u00eave internationale, les hommes de Pablo Correa n&rsquo;\u00e9taient d&rsquo;ailleurs pas loin d&rsquo;encha\u00eener un troisi\u00e8me succ\u00e8s de suite en championnat, alors qu&rsquo;ils ont longtemps men\u00e9 face au Pau FC. Ils ont n\u00e9anmoins \u00e9t\u00e9 repris dans les derniers instants (2-2). Le club nanc\u00e9ien aura bien l&rsquo;intention de poursuivre sa s\u00e9rie d&rsquo;invincibilit\u00e9 dans cette saison.<\/p>\n","protected":false},"excerpt":{"rendered":"Publi\u00e9 le 10\/09\/2025 14:00 \u00a0par Steeven Occhipinti dans Pronostic Ligue 2 La Ligue 2 fait son retour apr\u00e8s&hellip;\n","protected":false},"author":2,"featured_media":381606,"comment_status":"","ping_status":"","sticky":false,"template":"","format":"standard","meta":{"footnotes":""},"categories":[9635],"tags":[1111,11,16475,1777,674,1011,27,775,446,1702,12,1817,1821,25],"class_list":{"0":"post-381605","1":"post","2":"type-post","3":"status-publish","4":"format-standard","5":"has-post-thumbnail","7":"category-nancy","8":"tag-actu","9":"tag-actualites","10":"tag-estac-troyes","11":"tag-eu","12":"tag-europe","13":"tag-fr","14":"tag-france","15":"tag-grand-est","16":"tag-ligue-2","17":"tag-nancy","18":"tag-news","19":"tag-pronostic","20":"tag-pronostics","21":"tag-republique-francaise"},"share_on_mastodon":{"url":"https:\/\/pubeurope.com\/@fr\/115183096107193666","error":""},"_links":{"self":[{"href":"https:\/\/www.europesays.com\/fr\/wp-json\/wp\/v2\/posts\/381605","targetHints":{"allow":["GET"]}}],"collection":[{"href":"https:\/\/www.europesays.com\/fr\/wp-json\/wp\/v2\/posts"}],"about":[{"href":"https:\/\/www.europesays.com\/fr\/wp-json\/wp\/v2\/types\/post"}],"author":[{"embeddable":true,"href":"https:\/\/www.europesays.com\/fr\/wp-json\/wp\/v2\/users\/2"}],"replies":[{"embeddable":true,"href":"https:\/\/www.europesays.com\/fr\/wp-json\/wp\/v2\/comments?post=381605"}],"version-history":[{"count":0,"href":"https:\/\/www.europesays.com\/fr\/wp-json\/wp\/v2\/posts\/381605\/revisions"}],"wp:featuredmedia":[{"embeddable":true,"href":"https:\/\/www.europesays.com\/fr\/wp-json\/wp\/v2\/media\/381606"}],"wp:attachment":[{"href":"https:\/\/www.europesays.com\/fr\/wp-json\/wp\/v2\/media?parent=381605"}],"wp:term":[{"taxonomy":"category","embeddable":true,"href":"https:\/\/www.europesays.com\/fr\/wp-json\/wp\/v2\/categories?post=381605"},{"taxonomy":"post_tag","embeddable":true,"href":"https:\/\/www.europesays.com\/fr\/wp-json\/wp\/v2\/tags?post=381605"}],"curies":[{"name":"wp","href":"https:\/\/api.w.org\/{rel}","templated":true}]}}