{"id":381607,"date":"2025-09-11T01:35:18","date_gmt":"2025-09-11T01:35:18","guid":{"rendered":"https:\/\/www.europesays.com\/fr\/381607\/"},"modified":"2025-09-11T01:35:18","modified_gmt":"2025-09-11T01:35:18","slug":"malgre-une-mobilisation-qui-arrive-un-peu-tot-les-etudiants-repondent-present","status":"publish","type":"post","link":"https:\/\/www.europesays.com\/fr\/381607\/","title":{"rendered":"Malgr\u00e9 une mobilisation qui arrive \u00ab\u00a0un peu t\u00f4t\u00a0\u00bb, les \u00e9tudiants r\u00e9pondent pr\u00e9sent"},"content":{"rendered":"<p>P\u00e9riph\u00e9rique bloqu\u00e9, portes de <a href=\"https:\/\/www.20minutes.fr\/paris\/\" class=\"c-link c-link--is-underlined\" target=\"_blank\" rel=\"noopener\">Paris<\/a> occup\u00e9es, <a href=\"https:\/\/www.20minutes.fr\/dossier\/transports_en_commun\" class=\"c-link c-link--is-underlined\" target=\"_blank\" rel=\"noopener\">transports<\/a> perturb\u00e9s\u2026 Comme pr\u00e9vu, <a href=\"https:\/\/www.20minutes.fr\/politique\/4172201-20250910-direct-sebastien-lecornu-premier-ministre-ps-tres-remonte-contre-choix-macron-previent-collaborera\" class=\"c-link c-link--is-underlined\" target=\"_blank\" rel=\"noopener\">le mouvement \u00ab\u00a0Bloquons tout\u00a0\u00bb de ce 10\u00a0septembre<\/a> s\u2019active ce mercredi. \u00c0 une exception pr\u00e8s, dans la matin\u00e9e une entit\u00e9 semble \u00e9trangement absente du mouvement\u00a0: l\u2019<a href=\"https:\/\/www.20minutes.fr\/dossier\/universite\" class=\"c-link c-link--is-underlined\" target=\"_blank\" rel=\"noopener\">universit\u00e9<\/a>.<\/p>\n<p>Pourtant les images de lyc\u00e9es parisiens bloqu\u00e9s fleurissent d\u00e9j\u00e0 sur les r\u00e9seaux sociaux\u00a0: Lavoisier (5e\u00a0arrondissement), Montaigne (6e) Claude-Monet (13e) et H\u00e9l\u00e8ne-Boucher (20e). Certaines montrant m\u00eame des heurts avec les forces de l\u2019ordre, notamment devant le dernier. Mais les abords des universit\u00e9s, et malgr\u00e9 les sir\u00e8nes de <a href=\"https:\/\/www.20minutes.fr\/dossier\/police\" class=\"c-link c-link--is-underlined\" target=\"_blank\" rel=\"noopener\">police<\/a> qui animent les rues de la capitale ou les camions de CRS qui s\u2019alignent sur les boulevards, restent calmes et clairsem\u00e9s.<\/p>\n<p>\u00ab\u00a0Les premiers jours de cours sont tr\u00e8s importants\u2026\u00a0\u00bb<\/p>\n<p>Seuls des policiers en civil post\u00e9s devant les entr\u00e9es rappellent l\u2019\u00e9v\u00e9nement de la journ\u00e9e.<\/p>\n<\/p>\n<p>Assise en face de <a href=\"https:\/\/www.20minutes.fr\/paris\/4002960-20221003-paris-rentree-cauchemar-nouveau-campus-sorbonne-nouvelle\" class=\"c-link c-link--is-underlined\" target=\"_blank\" rel=\"noopener\">l\u2019universit\u00e9 de La Sorbonne<\/a>, Lina, 20 ans, semble loin de toute l\u2019agitation qui pars\u00e8me la capitale. \u00ab\u00a0Je fais ma pr\u00e9-rentr\u00e9e en master de Litt\u00e9rature compar\u00e9e aujourd\u2019hui. Donc j\u2019avoue que je ne suis pas trop dans la mobilisation\u00a0\u00bb, sourit-elle, presque d\u00e9sol\u00e9e.<\/p>\n<p>Si elle suit l\u2019actualit\u00e9, elle avoue n\u2019avoir pas encore pens\u00e9 \u00e0 participer aux mouvements\u00a0: \u00ab\u00a0Les premiers jours de cours sont tr\u00e8s importants. Et si tout le monde va en cours, ils auront lieu et je risquerais de louper des informations importantes.\u00a0\u00bb<\/p>\n<p>\u00ab\u00a0On suit le mouvement\u00a0\u00bb mais\u2026<\/p>\n<p>Comme l\u2019\u00e9tudiante, la plupart de ceux qui sont \u00e0 la fac ce mercredi sont davantage tourn\u00e9s sur la nouvelle ann\u00e9e qui commence. Myriam, Lily et Rapha\u00eblle, toutes les trois assises devant la biblioth\u00e8que Sainte-Genevi\u00e8ve confirme\u00a0: \u00ab\u00a0On vient d\u2019entrer en premi\u00e8re ann\u00e9e de m\u00e9decine. Donc on est \u00e0 100\u00a0% focalis\u00e9es sur la rentr\u00e9e et tout ce qu\u2019on a d\u00e9j\u00e0 \u00e0 enregistrer.\u00a0\u00bb<\/p>\n<p>Etudiants en master de <a href=\"https:\/\/www.20minutes.fr\/sciences\/mathematiques\/\" class=\"c-link c-link--is-underlined\" target=\"_blank\" rel=\"noopener\">math\u00e9matiques<\/a> \u00e0 Jussieu, Salom\u00e9e et Romain, assis quelques m\u00e8tres plus loin confirment\u00a0: \u00ab\u00a0On suit le mouvement, on n\u2019y est pas insensibles parce qu\u2019il est sens\u00e9 et l\u00e9gitime. On a eu pas mal d\u2019infos par les syndicats \u00e0 la fac hier. Il y a eu une \u201cAG\u201d hier. Mais c\u2019est une ann\u00e9e tr\u00e8s importante et compliqu\u00e9e pour nous donc pour le moment on se concentre uniquement dessus et sur les premiers cours. Du coup, on n\u2019a pas assez d\u2019\u00e9l\u00e9ments encore pour se forger une opinion suffisante pour savoir si on veut s\u2019engager ou pas.\u00a0\u00bb<\/p>\n<p>Un engagement qui tenterait davantage Alexis qui entre en master de droit public approfondi \u00e0 <a href=\"https:\/\/www.20minutes.fr\/politique\/3312971-20220621-education-integration-eventuelle-blanquer-universite-pantheon-assas-passe-mal\" class=\"c-link c-link--is-underlined\" target=\"_blank\" rel=\"noopener\">l\u2019Universit\u00e9 Panth\u00e9on Assas<\/a>\u00a0: \u00ab\u00a0On en discute beaucoup. Nous avons m\u00eame regard\u00e9 le vote de confiance de lundi ensemble et en direct.\u00a0\u00bb Mais le contexte n\u2019est pas favorable pour lui, \u00e0 double titre\u00a0: \u00ab\u00a0D\u2019abord, les premiers cours sont tr\u00e8s importants. Il y a des notions et des informations primordiales pour le reste de l\u2019ann\u00e9e qu\u2019il ne vaut mieux pas manquer. Ensuite, Paris-2 est une fac tr\u00e8s conservatrice. Qui participe peu ou rarement aux mouvements donc je ne veux pas me mettre en porte-\u00e0-faux en y allant seul. S\u2019il y avait un gros mouvement de mes camarades, je participerais. Mais mes parents ont beaucoup investi, et moi aussi, pour pouvoir \u00eatre l\u00e0. Je ne veux pas prendre le risque de tout g\u00e2cher. Mais si le mouvement se poursuit\u2026 pourquoi pas.\u00a0\u00bb<\/p>\n<p>La mobilisation \u00e9tudiante est bien l\u00e0, pour le reste, ce n\u2019est que partie remise<\/p>\n<p>Difficile pour le moment de conna\u00eetre l\u2019\u00e9volution du mouvement, m\u00eame si au regard de la nomination de S\u00e9bastien Lecornu ce mardi soir, les \u00e9tudiants pr\u00e9disent d\u00e9j\u00e0 d\u2019autres mobilisations \u00e0 venir.<\/p>\n<p><a href=\"https:\/\/www.20minutes.fr\/politique\/4172201-20250910-direct-sebastien-lecornu-premier-ministre-ps-tres-remonte-contre-choix-macron-previent-collaborera\" class=\"c-link c-btn c-btn--primary\" target=\"_blank\" rel=\"noopener\">Retrouvez ici la journ\u00e9e de mobilisation en direct<\/a><\/p>\n<p>Alors peut-\u00eatre seront-ils tr\u00e8s nombreux \u00e0 rejoindre ceux qui, malgr\u00e9 la rentr\u00e9e sont d\u00e9j\u00e0 dans les rues. Parmi les plus engag\u00e9s certains qui avaient d\u00e9j\u00e0 organis\u00e9 un piquet au milieu de l\u2019Universit\u00e9 de Jussieu ont donn\u00e9 rendez-vous \u00e0 tous les \u00e9tudiants devant la Sorbonne \u00e0 midi. Une centaine d\u2019entre eux \u00e9tait pr\u00e9sente pour entonner les slogans contre le pr\u00e9sident de la R\u00e9publique, Emmanuel Macron et sa politique, globale et d\u2019\u00e9ducation. \u00ab\u00a0Aujourd\u2019hui, il n\u2019y a pas de blocage de fac parce que la mobilisation ne fait que na\u00eetre. Mais nous sommes d\u00e9j\u00e0 pr\u00eats \u00e0 aller plus loin, ce n\u2019est qu\u2019une question de timing et d\u2019organisation\u00a0\u00bb, explique Marvin en regardant des groupes d\u2019\u00e9tudiants affluer.<\/p>\n","protected":false},"excerpt":{"rendered":"P\u00e9riph\u00e9rique bloqu\u00e9, portes de Paris occup\u00e9es, transports perturb\u00e9s\u2026 Comme pr\u00e9vu, le mouvement \u00ab\u00a0Bloquons tout\u00a0\u00bb de ce 10\u00a0septembre s\u2019active&hellip;\n","protected":false},"author":2,"featured_media":381608,"comment_status":"","ping_status":"","sticky":false,"template":"","format":"standard","meta":{"footnotes":""},"categories":[9619],"tags":[1111,11,1073,1777,674,1011,27,418,662,10234,12771,12,626,882,1306,25,11067,2310],"class_list":{"0":"post-381607","1":"post","2":"type-post","3":"status-publish","4":"format-standard","5":"has-post-thumbnail","7":"category-toulon","8":"tag-actu","9":"tag-actualites","10":"tag-emmanuel-macron","11":"tag-eu","12":"tag-europe","13":"tag-fr","14":"tag-france","15":"tag-gouvernement","16":"tag-ile-de-france","17":"tag-mobilisation","18":"tag-mouvements-sociaux","19":"tag-news","20":"tag-paris","21":"tag-provence-alpes-cote-dazur","22":"tag-regions","23":"tag-republique-francaise","24":"tag-sebastien-lecornu","25":"tag-toulon"},"share_on_mastodon":{"url":"https:\/\/pubeurope.com\/@fr\/115183099859198312","error":""},"_links":{"self":[{"href":"https:\/\/www.europesays.com\/fr\/wp-json\/wp\/v2\/posts\/381607","targetHints":{"allow":["GET"]}}],"collection":[{"href":"https:\/\/www.europesays.com\/fr\/wp-json\/wp\/v2\/posts"}],"about":[{"href":"https:\/\/www.europesays.com\/fr\/wp-json\/wp\/v2\/types\/post"}],"author":[{"embeddable":true,"href":"https:\/\/www.europesays.com\/fr\/wp-json\/wp\/v2\/users\/2"}],"replies":[{"embeddable":true,"href":"https:\/\/www.europesays.com\/fr\/wp-json\/wp\/v2\/comments?post=381607"}],"version-history":[{"count":0,"href":"https:\/\/www.europesays.com\/fr\/wp-json\/wp\/v2\/posts\/381607\/revisions"}],"wp:featuredmedia":[{"embeddable":true,"href":"https:\/\/www.europesays.com\/fr\/wp-json\/wp\/v2\/media\/381608"}],"wp:attachment":[{"href":"https:\/\/www.europesays.com\/fr\/wp-json\/wp\/v2\/media?parent=381607"}],"wp:term":[{"taxonomy":"category","embeddable":true,"href":"https:\/\/www.europesays.com\/fr\/wp-json\/wp\/v2\/categories?post=381607"},{"taxonomy":"post_tag","embeddable":true,"href":"https:\/\/www.europesays.com\/fr\/wp-json\/wp\/v2\/tags?post=381607"}],"curies":[{"name":"wp","href":"https:\/\/api.w.org\/{rel}","templated":true}]}}