{"id":381609,"date":"2025-09-11T01:36:51","date_gmt":"2025-09-11T01:36:51","guid":{"rendered":"https:\/\/www.europesays.com\/fr\/381609\/"},"modified":"2025-09-11T01:36:51","modified_gmt":"2025-09-11T01:36:51","slug":"bloquons-tout-le-10-septembre-manifestations-dans-laire-toulonnaise-2","status":"publish","type":"post","link":"https:\/\/www.europesays.com\/fr\/381609\/","title":{"rendered":"\u00ab\u00a0Bloquons tout\u00a0\u00bb le 10 septembre : manifestations dans l\u2019aire toulonnaise"},"content":{"rendered":"<p><img loading=\"lazy\" decoding=\"async\" alt=\"\u00a9 S.F. - Ce 10 septembre 2025, entre 180 et 200 personnes bloquaient l'entr\u00e9e du lyc\u00e9e Dumont d'Urville, \u00e0 Toulon.\" data-zoom-src=\"https:\/\/www.europesays.com\/fr\/wp-content\/uploads\/2025\/09\/initial-manif-lyceens-dumont-d-urville.jpg\" data-zoomable=\"\" height=\"702\" src=\"https:\/\/www.europesays.com\/fr\/wp-content\/uploads\/2025\/09\/initial-manif-lyceens-dumont-d-urville.jpg\" width=\"1248\"\/>  <\/p>\n<p class=\"article-desc\">\u00a9 S.F. &#8211; Ce 10 septembre 2025, entre 180 et 200 personnes bloquaient l&rsquo;entr\u00e9e du lyc\u00e9e Dumont d&rsquo;Urville, \u00e0 Toulon. <\/p>\n<p>Ce mercredi <a href=\"https:\/\/mesinfos.fr\/tag\/10-septembre\" rel=\"noopener nofollow\" target=\"_blank\">10 septembre<\/a>, 8 h 30, devant le lyc\u00e9e Dumont d\u2019Urville, \u00e0 Toulon, des jeunes bloquent l\u2019entr\u00e9e avec des poubelles. Dans leurs mains, des pancartes appellent les citoyens fran\u00e7ais \u00ab\u00a0\u00e0 ne pas \u00eatre des moutons\u00a0\u00bb. \u00c0 leurs c\u00f4t\u00e9s, des professeurs syndiqu\u00e9s et quelques parents. Au total, les forces de l\u2019ordre avan\u00e7ent un <strong>rassemblement <\/strong>de 180 et 200 personnes. <\/p>\n<p> Manque de budget dans l&rsquo;\u00e9ducation <\/p>\n<blockquote>\n<p>\u00ab\u00a0Macron et son gouvernement mettent plus d\u2019argent dans la guerre ou leur vaisselle que dans l\u2019\u00e9ducation \u00bb, d\u00e9nonce Thomas, 19 ans, en premi\u00e8re ann\u00e9e de licence de math\u00e9matiques.\u00a0 <\/p>\n<\/blockquote>\n<p>Un <strong>manque budg\u00e9taire<\/strong> qui conduit, selon cet \u00e9tudiant et ses amis, \u00e0 des <strong>classes surcharg\u00e9es<\/strong>, allant jusqu\u2019\u00e0 36 \u00e9l\u00e8ves, du <strong>mat\u00e9riel d\u00e9faillant<\/strong>\u00a0et des <strong>professeurs accabl\u00e9s de travail.<\/strong> <\/p>\n<p>\u00c9galement pr\u00e9sent ce matin, dans la manif&rsquo;, Romain Negiel, professeur de fran\u00e7ais et syndiqu\u00e9 <a href=\"https:\/\/mesinfos.fr\/rapport-sur-la-reforme-des-retraites-les-partenaires-sociaux-reagissent-216908.html\" rel=\"noopener nofollow\" target=\"_blank\">Force ouvri\u00e8re<\/a>, qui soutient cette action : \u00ab Les jeunes n\u2019ont pas le droit de vote donc c\u2019est leur moyen de participer \u00e0 la vie d\u00e9mocratique\u00a0\u00bb. <\/p>\n<p>Puis vers 10 heures, un groupe de lyc\u00e9ens, davantage vindicatif, prend position devant la porte avec une pancarte \u00ab\u00a0Bloquons tout\u00a0\u00bb.<\/p>\n<p> <img decoding=\"async\" alt=\"\" class=\"img-align-center\" data-zoomable=\"\" loading=\"lazy\" src=\"https:\/\/www.europesays.com\/fr\/wp-content\/uploads\/2025\/09\/manif-dumont-d-urville.jpg\" title=\"Manifestation Dumont d'urville Toulon\"\/> \u00a9 S.F.- D&rsquo;autres lyc\u00e9ens arrivent vers 10 heures devant le lyc\u00e9e Dumont d\u2019Urville, \u00e0 Toulon, en scandant des slogans antisociaux. Comme ici : \u00ab\u00a0Classes surcharg\u00e9es, \u00e9l\u00e8ves sacrifi\u00e9s\u00a0\u00bb ou encore \u00ab\u00a0L&rsquo;\u00e9conomie s&rsquo;effondre et c&rsquo;est \u00e0 nous d&rsquo;en r\u00e9pondre\u00a0\u00bb. <\/p>\n<p>Si la police cherche dans un premier temps \u00e0 leur retirer le panneau, la dizaine de jeunes se revendiquant du mouvement antifa parvient \u00e0 asseoir sa position. Des <strong>chants et des musiques antisociales <\/strong>se font \u00e9galement entendre.<\/p>\n<p>Un homme qui passe pr\u00e8s d&rsquo;eux et lance : \u00ab Bon courage les jeunes, c\u2019est super, et regardez \u00bb, tout en sortant un gilet jaune de son sac. <\/p>\n<p>Malgr\u00e9 ces encouragements, le mouvement prend fin \u00e0 midi, alors que le soleil est au z\u00e9nith. <\/p>\n<p> La Valette-du-Var : une op\u00e9ration de filtrage \u00e0 l&rsquo;Avenue 83 <img decoding=\"async\" alt=\"\" class=\"img-align-center\" data-zoomable=\"\" loading=\"lazy\" src=\"https:\/\/www.europesays.com\/fr\/wp-content\/uploads\/2025\/09\/operation-de-filtrage-avenue-83.jpg\" title=\"Avenue 83, La Valette\"\/> \u00a9 S.F. &#8211; Des syndiqu\u00e9s CGT filtrent les entr\u00e9es de l&rsquo;Avenue 83, \u00e0 La Valette, pour une op\u00e9ration de tractage. <\/p>\n<p>\u00c0 quelques kilom\u00e8tres du lyc\u00e9e Dumont d\u2019Urville,\u00a0environ <strong>200 manifestants<\/strong>, pour la plupart arborant des dossards CGT, filtrent les entr\u00e9es du centre commercial <strong>Avenue 83, <\/strong>situ\u00e9 \u00e0 La Valette-du-Var. Des <strong>tracts sont distribu\u00e9s<\/strong> aux conducteurs pour \u00ab informer la population sur toutes les probl\u00e9matiques qu&rsquo;il y a \u00e0 l&rsquo;heure actuelle. Par exemple, ce sont les travailleurs en premi\u00e8re ligne qui doivent payer alors que les patrons, et il y en a beaucoup \u00e0 l&rsquo;Avenue 83, ont \u00e9norm\u00e9ment de CICE, de cr\u00e9dit d&rsquo;imp\u00f4t, qui co\u00fbtent des milliards \u00e0 la France \u00bb, regrette Olivier, syndiqu\u00e9 CGT pour France Travail.<\/p>\n<p>  Le 10 septembre\u00a0: un pr\u00e9ambule au 18 septembre\u00a0? <\/p>\n<p>Cette participation \u00e0 l\u2019op\u00e9ration de tractage appara\u00eet, aux yeux des syndiqu\u00e9s, comme un <strong>pr\u00e9ambule \u00e0 l\u2019op\u00e9ration du 18 septembre<\/strong> prochain qui r\u00e9unira davantage de citoyens. \u00ab\u00a0On se pr\u00e9pare au 18 septembre qui sera un mouvement intersyndical \u00bb, professe Olivier. <\/p>\n<p>Selon la pr\u00e9fecture du Var, d\u2019<strong>autres points de rassemblement<\/strong> ont eu lieu dans la matin\u00e9e <strong>aux Arcs<\/strong>, \u00e0 l\u2019entr\u00e9e de la ZAC les Br\u00e9gui\u00e8res, <strong>au Muy,<\/strong> en sortie d\u2019autoroute, ainsi qu\u2019\u00e0 <strong>Montauroux\u00a0<\/strong>ou encore \u00e0 <strong>Bandol <\/strong>avec des manifestants positionn\u00e9s sur les ronds-points. Mais avec une circulation toutefois rest\u00e9e fluide.<\/p>\n","protected":false},"excerpt":{"rendered":"\u00a9 S.F. &#8211; Ce 10 septembre 2025, entre 180 et 200 personnes bloquaient l&rsquo;entr\u00e9e du lyc\u00e9e Dumont d&rsquo;Urville,&hellip;\n","protected":false},"author":2,"featured_media":380995,"comment_status":"","ping_status":"","sticky":false,"template":"","format":"standard","meta":{"footnotes":""},"categories":[9619],"tags":[48300,1111,11,1777,674,1011,27,418,11611,14341,1272,12,882,25,2310],"class_list":{"0":"post-381609","1":"post","2":"type-post","3":"status-publish","4":"format-standard","5":"has-post-thumbnail","7":"category-toulon","8":"tag-10-septembre","9":"tag-actu","10":"tag-actualites","11":"tag-eu","12":"tag-europe","13":"tag-fr","14":"tag-france","15":"tag-gouvernement","16":"tag-gru00e8ves","17":"tag-lycu00e9e","18":"tag-manifestations","19":"tag-news","20":"tag-provence-alpes-cote-dazur","21":"tag-republique-francaise","22":"tag-toulon"},"share_on_mastodon":{"url":"https:\/\/pubeurope.com\/@fr\/115183108055815236","error":""},"_links":{"self":[{"href":"https:\/\/www.europesays.com\/fr\/wp-json\/wp\/v2\/posts\/381609","targetHints":{"allow":["GET"]}}],"collection":[{"href":"https:\/\/www.europesays.com\/fr\/wp-json\/wp\/v2\/posts"}],"about":[{"href":"https:\/\/www.europesays.com\/fr\/wp-json\/wp\/v2\/types\/post"}],"author":[{"embeddable":true,"href":"https:\/\/www.europesays.com\/fr\/wp-json\/wp\/v2\/users\/2"}],"replies":[{"embeddable":true,"href":"https:\/\/www.europesays.com\/fr\/wp-json\/wp\/v2\/comments?post=381609"}],"version-history":[{"count":0,"href":"https:\/\/www.europesays.com\/fr\/wp-json\/wp\/v2\/posts\/381609\/revisions"}],"wp:featuredmedia":[{"embeddable":true,"href":"https:\/\/www.europesays.com\/fr\/wp-json\/wp\/v2\/media\/380995"}],"wp:attachment":[{"href":"https:\/\/www.europesays.com\/fr\/wp-json\/wp\/v2\/media?parent=381609"}],"wp:term":[{"taxonomy":"category","embeddable":true,"href":"https:\/\/www.europesays.com\/fr\/wp-json\/wp\/v2\/categories?post=381609"},{"taxonomy":"post_tag","embeddable":true,"href":"https:\/\/www.europesays.com\/fr\/wp-json\/wp\/v2\/tags?post=381609"}],"curies":[{"name":"wp","href":"https:\/\/api.w.org\/{rel}","templated":true}]}}