{"id":381612,"date":"2025-09-11T01:38:16","date_gmt":"2025-09-11T01:38:16","guid":{"rendered":"https:\/\/www.europesays.com\/fr\/381612\/"},"modified":"2025-09-11T01:38:16","modified_gmt":"2025-09-11T01:38:16","slug":"plusieurs-blesses-et-interpellations-lors-de-ce-mouvement-du-10-septembre","status":"publish","type":"post","link":"https:\/\/www.europesays.com\/fr\/381612\/","title":{"rendered":"plusieurs bless\u00e9s et interpellations lors de ce mouvement du 10 septembre"},"content":{"rendered":"<p>\nLa manifestation du 10 septembre \u00e0 Montpellier a d\u00e9g\u00e9n\u00e9r\u00e9 au niveau de la place de la Com\u00e9die o\u00f9 des affrontements ont \u00e9clat\u00e9 entre les forces de l&rsquo;ordre et les manifestants.<\/p>\n<p>\n\u00a9 InfOccitanie \u2013 A.F \/ Des affrontements ont \u00e9clat\u00e9 entre les manifestants et les forces de l\u2019ordre.<\/p>\n<p><a data-no-instant=\"1\" href=\"https:\/\/www.nimes-metropole.fr\/index.php?id=1885\" rel=\"noopener\" class=\"a2t-link\" aria-label=\"686-image\" target=\"_blank\"><img decoding=\"async\" src=\"https:\/\/www.europesays.com\/fr\/wp-content\/uploads\/2025\/09\/686-image.jpeg\" alt=\"\"  \/><\/a><\/p>\n<p>A l\u2019arriv\u00e9e des pr\u00e8s de <strong>6 000 manifestants<\/strong> sur la place de la <strong>Com\u00e9die, <\/strong>apr\u00e8s avoir d\u00e9ambul\u00e9s dans les rues de Montpellier, ces derniers ont souhait\u00e9 se rendre rue de la Loge en direction de la pr\u00e9fecture. Les CRS, pr\u00e9sents sur place, n\u2019ont pas laiss\u00e9 passer la foule dont une partie \u00ab\u00a0scandait des propos hostiles \u00e0 la police et lan\u00e7ait des projectiles (bouteilles en verre notamment)\u00a0\u00bb, pr\u00e9cise le pr\u00e9fet. Les forces de l\u2019ordre ont <a href=\"https:\/\/infoccitanie.fr\/10-septembre-gaz-lacrymogenes-et-lance-a-eau-utilises-a-montpellier-le-prefet-fait-le-point\/\" target=\"_blank\" rel=\"noopener\"><strong>alors fait usage de gaz lacrymog\u00e8nes<\/strong><\/a> ainsi que d\u2019un engin lanceur d\u2019eau afin de disperser la foule. A <strong>17h15<\/strong>, pr\u00e8s de<strong> 500 manifestants<\/strong> (chiffres de la <a href=\"https:\/\/www.herault.gouv.fr\/\" target=\"_blank\" rel=\"nofollow noopener\"><strong>Pr\u00e9fecture<\/strong><\/a>) sont encore pr\u00e9sents dans le centre de la ville, l\u00e0 o\u00f9 des face-\u00e0-face, parfois violents, se tiennent avec les CRS.<\/p>\n<p>Des bless\u00e9s et interpellations<\/p>\n<p>Durant ces affrontements, <strong>trois manifestants et deux CRS<\/strong> ont \u00e9t\u00e9 bless\u00e9s et pris en charge par les sapeurs-pompiers. Au total, <strong>22 individus ont \u00e9t\u00e9 interpell\u00e9s<\/strong> par les forces de l\u2019ordre depuis le d\u00e9but du rassemblement pour divers motifs, tels que <strong>port de masques, entrave \u00e0 la circulation, r\u00e9bellion ou encore jets de projectiles contre les policiers<\/strong>. Plusieurs d\u00e9gradations mat\u00e9rielles sont \u00e9galement survenues lors de cette mobilisation : \u00ab\u00a0essuie-glaces arrach\u00e9s sur deux rames de tram, d\u00e9but d\u2019incendie sur une tractopelle, tag sur la vitrine d\u2019une agence bancaire BNP, endommagement d\u2019un abris bus \u00e0 Rondelet, d\u00e9gradations des voies de trams, un radar fixe endommag\u00e9\u00a0sur l\u2019A750.\u00a0\u00bb Quatre<strong> feux de poubelles<\/strong> ont \u00e9t\u00e9 signal\u00e9s au centre-ville. Ils ont \u00e9t\u00e9 ma\u00eetris\u00e9s par les sapeurs-pompiers.<\/p>\n","protected":false},"excerpt":{"rendered":"La manifestation du 10 septembre \u00e0 Montpellier a d\u00e9g\u00e9n\u00e9r\u00e9 au niveau de la place de la Com\u00e9die o\u00f9&hellip;\n","protected":false},"author":2,"featured_media":381613,"comment_status":"","ping_status":"","sticky":false,"template":"","format":"standard","meta":{"footnotes":""},"categories":[9599],"tags":[48300,1111,11,1777,674,1011,27,2208,12,2680,25],"class_list":{"0":"post-381612","1":"post","2":"type-post","3":"status-publish","4":"format-standard","5":"has-post-thumbnail","7":"category-montpellier","8":"tag-10-septembre","9":"tag-actu","10":"tag-actualites","11":"tag-eu","12":"tag-europe","13":"tag-fr","14":"tag-france","15":"tag-montpellier","16":"tag-news","17":"tag-occitanie","18":"tag-republique-francaise"},"share_on_mastodon":{"url":"https:\/\/pubeurope.com\/@fr\/115183112116985351","error":""},"_links":{"self":[{"href":"https:\/\/www.europesays.com\/fr\/wp-json\/wp\/v2\/posts\/381612","targetHints":{"allow":["GET"]}}],"collection":[{"href":"https:\/\/www.europesays.com\/fr\/wp-json\/wp\/v2\/posts"}],"about":[{"href":"https:\/\/www.europesays.com\/fr\/wp-json\/wp\/v2\/types\/post"}],"author":[{"embeddable":true,"href":"https:\/\/www.europesays.com\/fr\/wp-json\/wp\/v2\/users\/2"}],"replies":[{"embeddable":true,"href":"https:\/\/www.europesays.com\/fr\/wp-json\/wp\/v2\/comments?post=381612"}],"version-history":[{"count":0,"href":"https:\/\/www.europesays.com\/fr\/wp-json\/wp\/v2\/posts\/381612\/revisions"}],"wp:featuredmedia":[{"embeddable":true,"href":"https:\/\/www.europesays.com\/fr\/wp-json\/wp\/v2\/media\/381613"}],"wp:attachment":[{"href":"https:\/\/www.europesays.com\/fr\/wp-json\/wp\/v2\/media?parent=381612"}],"wp:term":[{"taxonomy":"category","embeddable":true,"href":"https:\/\/www.europesays.com\/fr\/wp-json\/wp\/v2\/categories?post=381612"},{"taxonomy":"post_tag","embeddable":true,"href":"https:\/\/www.europesays.com\/fr\/wp-json\/wp\/v2\/tags?post=381612"}],"curies":[{"name":"wp","href":"https:\/\/api.w.org\/{rel}","templated":true}]}}