{"id":381614,"date":"2025-09-11T01:39:29","date_gmt":"2025-09-11T01:39:29","guid":{"rendered":"https:\/\/www.europesays.com\/fr\/381614\/"},"modified":"2025-09-11T01:39:29","modified_gmt":"2025-09-11T01:39:29","slug":"solitaire-du-figaro-le-depart-de-la-56e-edition-a-ete-donne-a-rouen-sport","status":"publish","type":"post","link":"https:\/\/www.europesays.com\/fr\/381614\/","title":{"rendered":"Solitaire du Figaro. Le d\u00e9part de la 56e \u00e9dition a \u00e9t\u00e9 donn\u00e9 \u00e0 Rouen . Sport"},"content":{"rendered":"<p>Les 35 concurrents de la 56e \u00e9dition de la Solitaire du Figaro ont pris le d\u00e9part de la course dimanche au large du Havre (Seine-Maritime) pour une premi\u00e8re \u00e9tape chamboul\u00e9e par la m\u00e9t\u00e9o. C\u2019est un parcours d\u2019un peu plus de 600 milles qui attend en Manche les skippers, attendus de retour jeudi en baie de Morlaix. Le d\u00e9part a \u00e9t\u00e9 donn\u00e9 \u00e0 13h00 dans des conditions d\u00e9gag\u00e9es et un vent l\u00e9ger (10 n\u0153uds). Trente minutes apr\u00e8s le coup de canon, toute la flotte naviguait encore au contact, Jules Delpech (P\u2019tit Duc) menant la course d\u2019une courte distance devant Tom Goron (Groupe Dubreuil) et Jules Ducelier (R\u00e9gion Normandie).<\/p>\n<p>Un parcours modifi\u00e9<\/p>\n<p>Initialement pens\u00e9 pour aller enrouler le c\u00e9l\u00e8bre rocher du Fastnet en Irlande, <a href=\"https:\/\/caen.maville.com\/sport\/detail_-solitaire-du-figaro.-le-parcours-de-la-premiere-etape-a-bien-ete-modifie-_6-6962009_actu.Htm\" target=\"_self\" rel=\"nofollow noopener\">le trac\u00e9 a \u00e9t\u00e9 modifi\u00e9 samedi<\/a> en derni\u00e8re minute en raison d\u2019une temp\u00eate pr\u00e9vue dans la zone avec des vagues de 5 m\u00e8tres. Les marins resteront finalement en Manche. <strong>\u00ab La flotte prendra la direction de Skerries Bank en Cornouailles avant de rebrousser chemin vers Daffodils, une cardinale situ\u00e9e au large de Dieppe \u00bb<\/strong>, a pr\u00e9cis\u00e9 la direction de course dans un communiqu\u00e9.<\/p>\n<p>Lire aussi : <a href=\"https:\/\/cherbourg.maville.com\/sport\/detail_-solitaire-du-figaro-paprec.-dolan-loison-dhallenne...-qui-sont-les-favoris-de-la-56e-edition-_10-6964205_actu.Htm\" target=\"_self\" rel=\"nofollow noopener\">Solitaire du Figaro Paprec. Dolan, Loison, Dhallenne\u2026 Qui sont les favoris de la 56e \u00e9dition ?<\/a> <\/p>\n<p>Les navigateurs devront parcourir trois \u00e9tapes jusqu\u2019au 25 septembre avec notamment des passages dans le golfe de Gascogne, le long des c\u00f4tes espagnoles et un retour en Normandie, \u00e0 Saint-Vaast-La-Hougue.. L\u2019intensit\u00e9 des\u00a0trois \u00e9tapes, pr\u00e9vues pour durer quatre \u00e0 cinq jours, la monotypie impos\u00e9e \u2013 les participants sont tous \u00e0 bord d\u2019un Figaro Beneteau 3 \u2013 et la m\u00e9t\u00e9o difficile \u00e0 cette p\u00e9riode, tout est r\u00e9uni pour que les bons marins tirent leur \u00e9pingle du jeu.<a href=\"https:\/\/cherbourg.maville.com\/sport\/detail_-solitaire-du-figaro-paprec-2025.-etapes-diffusion-engages...-tout-savoir-sur-la-56e-edition-_10-6959950_actu.Htm\" target=\"_self\" rel=\"nofollow noopener\"> Ils seront 35\u00a0sur la ligne de d\u00e9part ce dimanche.<\/a><\/p>\n<p>Le vainqueur de la derni\u00e8re \u00e9dition, l\u2019Irlandais Tom Dolan, remet son titre en jeu et le trac\u00e9 le fait saliver. <strong>\u00ab\u00a0Cette ann\u00e9e, le parcours est tr\u00e8s oc\u00e9anique, avec beaucoup de large. C\u2019est ce que j\u2019aime\u00a0\u00bb<\/strong>, explique-t-il. Treize \u00ab bizuths \u00bb s\u2019\u00e9lanceront cette ann\u00e9e pour la premi\u00e8re fois sur la Solitaire du Figaro, un rite de passage souvent aussi intimidant qu\u2019excitant.<\/p>\n<p><strong>Voir aussi\u00a0:<\/strong>\u00a0<a href=\"https:\/\/cherbourg.maville.com\/sport\/detail_-solitaire-du-figaro-paprec.-le-grand-depart-donne-ce-dimanche-classement-et-positions-en-temps-reel-_52662-6963719_actu.Htm\" target=\"_self\" rel=\"nofollow noopener\">la cartographie, les positons et les classements en temps r\u00e9els<\/a><\/p>\n<p>Le programme de la course\u00a0:<\/p>\n<p>1re \u00e9tape\u00a0: Rouen \u2013 Baie de Morlaix (673\u00a0milles)<\/p>\n<p>2e \u00e9tape\u00a0: Baie de Morlaix \u2013 Vigo (565\u00a0mn)<\/p>\n<p>3e \u00e9tape\u00a0: Vigo \u2013 Saint-Vaast-La-Hougue (612\u00a0mn)<\/p>\n<p>\u00a0<\/p>\n","protected":false},"excerpt":{"rendered":"Les 35 concurrents de la 56e \u00e9dition de la Solitaire du Figaro ont pris le d\u00e9part de la&hellip;\n","protected":false},"author":2,"featured_media":381615,"comment_status":"","ping_status":"","sticky":false,"template":"","format":"standard","meta":{"footnotes":""},"categories":[9587],"tags":[1111,11,3809,1465,1777,674,63,1011,27,1792,1922,12,5161,3319,25,9590,479,517,1470],"class_list":{"0":"post-381614","1":"post","2":"type-post","3":"status-publish","4":"format-standard","5":"has-post-thumbnail","7":"category-rouen","8":"tag-actu","9":"tag-actualites","10":"tag-ball","11":"tag-basket","12":"tag-eu","13":"tag-europe","14":"tag-football","15":"tag-fr","16":"tag-france","17":"tag-handball","18":"tag-info","19":"tag-news","20":"tag-normandie","21":"tag-quimper","22":"tag-republique-francaise","23":"tag-rouen","24":"tag-rugby","25":"tag-sport","26":"tag-volley"},"share_on_mastodon":{"url":"https:\/\/pubeurope.com\/@fr\/115183115461808295","error":""},"_links":{"self":[{"href":"https:\/\/www.europesays.com\/fr\/wp-json\/wp\/v2\/posts\/381614","targetHints":{"allow":["GET"]}}],"collection":[{"href":"https:\/\/www.europesays.com\/fr\/wp-json\/wp\/v2\/posts"}],"about":[{"href":"https:\/\/www.europesays.com\/fr\/wp-json\/wp\/v2\/types\/post"}],"author":[{"embeddable":true,"href":"https:\/\/www.europesays.com\/fr\/wp-json\/wp\/v2\/users\/2"}],"replies":[{"embeddable":true,"href":"https:\/\/www.europesays.com\/fr\/wp-json\/wp\/v2\/comments?post=381614"}],"version-history":[{"count":0,"href":"https:\/\/www.europesays.com\/fr\/wp-json\/wp\/v2\/posts\/381614\/revisions"}],"wp:featuredmedia":[{"embeddable":true,"href":"https:\/\/www.europesays.com\/fr\/wp-json\/wp\/v2\/media\/381615"}],"wp:attachment":[{"href":"https:\/\/www.europesays.com\/fr\/wp-json\/wp\/v2\/media?parent=381614"}],"wp:term":[{"taxonomy":"category","embeddable":true,"href":"https:\/\/www.europesays.com\/fr\/wp-json\/wp\/v2\/categories?post=381614"},{"taxonomy":"post_tag","embeddable":true,"href":"https:\/\/www.europesays.com\/fr\/wp-json\/wp\/v2\/tags?post=381614"}],"curies":[{"name":"wp","href":"https:\/\/api.w.org\/{rel}","templated":true}]}}