{"id":381622,"date":"2025-09-11T01:44:23","date_gmt":"2025-09-11T01:44:23","guid":{"rendered":"https:\/\/www.europesays.com\/fr\/381622\/"},"modified":"2025-09-11T01:44:23","modified_gmt":"2025-09-11T01:44:23","slug":"journees-destimations-gratuites-et-portes-ouvertes-chez-rennes-encheres-bretagne-2","status":"publish","type":"post","link":"https:\/\/www.europesays.com\/fr\/381622\/","title":{"rendered":"Journ\u00e9es d&rsquo;estimations gratuites et portes ouvertes chez Rennes Ench\u00e8res Bretagne"},"content":{"rendered":"<p>Venez d\u00e9couvrir Rennes Ench\u00e8res Bretagne pendant leurs portes ouvertes le 20 septembre et les 25 et 26 septembre 2025, profitez d&rsquo;une estimation gratuite de vos objets, sp\u00e9cialiste de la valorisation du patrimoine.<\/p>\n<p>Rennes Ench\u00e8res Bretagne, r\u00e9put\u00e9e pour son expertise dans de nombreux domaines tels que les bijoux, montres, arts contemporains, et bien plus encore, vous ouvre ses portes pour deux \u00e9v\u00e9nements exceptionnels.<\/p>\n<p><strong>Le 20 septembre 2025 de 10h \u00e0 13h<\/strong>, venez assister \u00e0 des <strong>portes ouvertes avec des ventes aux ench\u00e8res factices<\/strong>. Une occasion unique de d\u00e9couvrir le d\u00e9roulement d\u2019une vente aux ench\u00e8res et de vous familiariser avec ce processus passionnant.<\/p>\n<p><strong>Les 25 et 26 septembre 2025<\/strong>, profitez de <strong>journ\u00e9es d&rsquo;estimations gratuites<\/strong>. C&rsquo;est l&rsquo;occasion id\u00e9ale d&rsquo;obtenir une \u00e9valuation professionnelle de vos biens pr\u00e9cieux, qu&rsquo;ils soient anciens ou modernes, et d&rsquo;en savoir plus sur leur histoire et leur valeur potentielle.<\/p>\n<p>Avec l&rsquo;accompagnement d&rsquo;un commissaire-priseur ou d&rsquo;un expert, <strong>l&rsquo;estimation se veut pr\u00e9cise et adapt\u00e9e \u00e0 chaque objet<\/strong>, qu&rsquo;il s&rsquo;agisse de mobilier ancien, de dessins ou de spiritueux.<\/p>\n<p><strong>Lors de ces trois journ\u00e9es sp\u00e9ciales, vous aurez l&rsquo;opportunit\u00e9 de rencontrer directement les experts pour des estimations en direct<\/strong>. Un moment privil\u00e9gi\u00e9 pour prendre conseils et envisager la vente de vos objets dans un cadre s\u00e9curis\u00e9 et professionnel.<\/p>\n<p>Rennes Ench\u00e8res Bretagne assure \u00e9galement un large \u00e9ventail de services pour ceux qui souhaitent c\u00e9der leurs biens, incluant la contractualisation sur mesure et une visibilit\u00e9 maximale lors de la vente aux ench\u00e8res. Faire estimer ses objets, c&rsquo;est <strong>valoriser votre patrimoine et d\u00e9couvrir peut-\u00eatre des tr\u00e9sors insoup\u00e7onn\u00e9s<\/strong>.<\/p>\n<p>Infos pratiques<\/p>\n<p><strong>RENNES ENCH\u00c8RES BRETAGNE<\/strong>\u00a0<\/p>\n<p>\u2022 32, place des Lices &#8211; 35000 Rennes<br \/>\u2022 T\u00e9l\u00e9phone : <a href=\"https:\/\/brest.maville.com\/actu\/tel:0299315800\" class=\"trackingClickNumero\" rel=\"nofollow noopener\" target=\"_blank\">02 99 31 58 00<\/a><br \/>\u2022 Contact : <a rel=\"nofollow noopener\" target=\"_blank\" href=\"https:\/\/brest.maville.com\/actu\/mailto:art@rennesencheres.com\">art@rennesencheres.com<\/a><br \/>\u2022 <a rel=\"nofollow noopener\" target=\"_blank\" href=\"https:\/\/www.rennesencheres.com\" class=\"trackingClickSiteWeb\">Site web<\/a> <br \/>\u2022 <a rel=\"nofollow noopener\" target=\"_blank\" href=\"https:\/\/www.facebook.com\/rennesencheres35\/\" class=\"trackingClickFacebook\">Page Facebook<\/a><\/p>\n<p>\u00a0<\/p>\n","protected":false},"excerpt":{"rendered":"Venez d\u00e9couvrir Rennes Ench\u00e8res Bretagne pendant leurs portes ouvertes le 20 septembre et les 25 et 26 septembre&hellip;\n","protected":false},"author":2,"featured_media":380882,"comment_status":"","ping_status":"","sticky":false,"template":"","format":"standard","meta":{"footnotes":""},"categories":[2821],"tags":[1111,11,829,11895,1777,674,1011,27,23216,12,584,25],"class_list":{"0":"post-381622","1":"post","2":"type-post","3":"status-publish","4":"format-standard","5":"has-post-thumbnail","7":"category-rennes","8":"tag-actu","9":"tag-actualites","10":"tag-bretagne","11":"tag-d","12":"tag-eu","13":"tag-europe","14":"tag-fr","15":"tag-france","16":"tag-journees","17":"tag-news","18":"tag-rennes","19":"tag-republique-francaise"},"share_on_mastodon":{"url":"https:\/\/pubeurope.com\/@fr\/115183135378644643","error":""},"_links":{"self":[{"href":"https:\/\/www.europesays.com\/fr\/wp-json\/wp\/v2\/posts\/381622","targetHints":{"allow":["GET"]}}],"collection":[{"href":"https:\/\/www.europesays.com\/fr\/wp-json\/wp\/v2\/posts"}],"about":[{"href":"https:\/\/www.europesays.com\/fr\/wp-json\/wp\/v2\/types\/post"}],"author":[{"embeddable":true,"href":"https:\/\/www.europesays.com\/fr\/wp-json\/wp\/v2\/users\/2"}],"replies":[{"embeddable":true,"href":"https:\/\/www.europesays.com\/fr\/wp-json\/wp\/v2\/comments?post=381622"}],"version-history":[{"count":0,"href":"https:\/\/www.europesays.com\/fr\/wp-json\/wp\/v2\/posts\/381622\/revisions"}],"wp:featuredmedia":[{"embeddable":true,"href":"https:\/\/www.europesays.com\/fr\/wp-json\/wp\/v2\/media\/380882"}],"wp:attachment":[{"href":"https:\/\/www.europesays.com\/fr\/wp-json\/wp\/v2\/media?parent=381622"}],"wp:term":[{"taxonomy":"category","embeddable":true,"href":"https:\/\/www.europesays.com\/fr\/wp-json\/wp\/v2\/categories?post=381622"},{"taxonomy":"post_tag","embeddable":true,"href":"https:\/\/www.europesays.com\/fr\/wp-json\/wp\/v2\/tags?post=381622"}],"curies":[{"name":"wp","href":"https:\/\/api.w.org\/{rel}","templated":true}]}}