{"id":381625,"date":"2025-09-11T01:46:22","date_gmt":"2025-09-11T01:46:22","guid":{"rendered":"https:\/\/www.europesays.com\/fr\/381625\/"},"modified":"2025-09-11T01:46:22","modified_gmt":"2025-09-11T01:46:22","slug":"la-papotheque-un-lieu-de-partage-ouvert-a-tous","status":"publish","type":"post","link":"https:\/\/www.europesays.com\/fr\/381625\/","title":{"rendered":"la papoth\u00e8que, un lieu de partage ouvert \u00e0 tous"},"content":{"rendered":"<p>Dans le cadre des animations propos\u00e9es par l\u2019association cantonale Familles rurales, l\u2019atelier \u00ab\u00a0papoth\u00e8que\u00a0\u00bb (lieu de rencontre o\u00f9 l\u2019on papote) propose diverses activit\u00e9s, telles que loisirs cr\u00e9atifs, couture, balade, relaxation et cuisine.<\/p>\n<p>  \u00c9changer des savoir-faire<\/p>\n<p>L\u2019occasion d\u2019\u00e9changer des savoir-faire, des recettes et quelques astuces. On y cr\u00e9e aussi en recyclant des mat\u00e9riaux. Mais, surtout, on vient partager un moment de franche convivialit\u00e9 autour d\u2019un caf\u00e9 et d\u2019une p\u00e2tisserie confectionn\u00e9e par les participantes. Chacune r\u00e9alise ce qu\u2019elle veut, au gr\u00e9 de ses envies et de ses besoins, tout en participant \u00e0 des projets collectifs.<\/p>\n<p>  S\u00e9ance d\u00e9couverte<\/p>\n<p>Le lundi 8\u00a0septembre, la papoth\u00e8que a repris ses activit\u00e9s, dans son tout nouveau local r\u00e9cemment inaugur\u00e9. Au menu du jour\u00a0: s\u00e9ance de d\u00e9couverte pour les nouveaux, l\u2019occasion de faire connaissance. Parmi les projets, la confection d\u2019un tapis avec de vieux t-shirts. Le second projet portera sur la r\u00e9alisation d\u2019un mobile avec des coquillages et du bois flott\u00e9.<\/p>\n<p>  Un atelier sport et bien-\u00eatre<\/p>\n<p>\u00c0 noter la cr\u00e9ation d\u2019un atelier \u00ab\u00a0sport et bien-\u00eatre\u00a0\u00bb intitul\u00e9 \u00ab\u00a0Le Rendez-vous entre nous\u00a0\u00bb, anim\u00e9 par Lili Diemoz et port\u00e9 par la commune. Deux s\u00e9ances sont pr\u00e9vues\u00a0: les 23 et 30\u00a0septembre. Sport doux de 16\u00a0h \u00e0 17\u00a0h, et remise en forme de 18\u00a0h \u00e0 19\u00a0h (apporter tapis et bouteille d\u2019eau).<\/p>\n<p>Inscription au 06\u00a033\u00a040\u00a079\u00a087.<\/p>\n<p>  Un march\u00e9 des cr\u00e9ateurs et des projets recycl\u00e9s<\/p>\n<p>La papoth\u00e8que reconduit le march\u00e9 des cr\u00e9ateurs. Pour la r\u00e9alisation du tapis, l\u2019atelier r\u00e9cup\u00e8re des vieux t-shirts, m\u00eame usag\u00e9s, imp\u00e9rativement en coton, \u00e0 d\u00e9poser au Relais des familles \u00e0 Gondrecourt ou le lundi apr\u00e8s-midi au local de Bonnet.<\/p>\n<p>  Un lieu de partage ouvert \u00e0 tous<\/p>\n<p>Lieu de rencontre et de d\u00e9tente, l\u2019atelier, qui compte d\u00e9j\u00e0 une dizaine d\u2019adh\u00e9rentes, est ouvert \u00e0 tous (il reste deux places). Il a lieu tous les lundis, de 13\u00a0h\u00a045 \u00e0 17\u00a0h\u00a015, au 13, Grande Rue, \u00e0 Bonnet.<\/p>\n<p class=\"note\">Contact et inscriptions (2\u00a0euros)\u00a0: familles-rurales-rc@wanadoo.frfr ou au 03\u00a029\u00a089\u00a062\u00a090.<\/p>\n","protected":false},"excerpt":{"rendered":"Dans le cadre des animations propos\u00e9es par l\u2019association cantonale Familles rurales, l\u2019atelier \u00ab\u00a0papoth\u00e8que\u00a0\u00bb (lieu de rencontre o\u00f9 l\u2019on&hellip;\n","protected":false},"author":2,"featured_media":381626,"comment_status":"","ping_status":"","sticky":false,"template":"","format":"standard","meta":{"footnotes":""},"categories":[2820],"tags":[1111,11,35096,35097,1687,3602,1777,674,1011,27,775,12,25,640],"class_list":{"0":"post-381625","1":"post","2":"type-post","3":"status-publish","4":"format-standard","5":"has-post-thumbnail","7":"category-strasbourg","8":"tag-actu","9":"tag-actualites","10":"tag-bonnet","11":"tag-cc-des-portes-de-meuse-55a","12":"tag-culture-loisirs","13":"tag-edition-bar-le-duc","14":"tag-eu","15":"tag-europe","16":"tag-fr","17":"tag-france","18":"tag-grand-est","19":"tag-news","20":"tag-republique-francaise","21":"tag-strasbourg"},"share_on_mastodon":{"url":"https:\/\/pubeurope.com\/@fr\/115183143128342889","error":""},"_links":{"self":[{"href":"https:\/\/www.europesays.com\/fr\/wp-json\/wp\/v2\/posts\/381625","targetHints":{"allow":["GET"]}}],"collection":[{"href":"https:\/\/www.europesays.com\/fr\/wp-json\/wp\/v2\/posts"}],"about":[{"href":"https:\/\/www.europesays.com\/fr\/wp-json\/wp\/v2\/types\/post"}],"author":[{"embeddable":true,"href":"https:\/\/www.europesays.com\/fr\/wp-json\/wp\/v2\/users\/2"}],"replies":[{"embeddable":true,"href":"https:\/\/www.europesays.com\/fr\/wp-json\/wp\/v2\/comments?post=381625"}],"version-history":[{"count":0,"href":"https:\/\/www.europesays.com\/fr\/wp-json\/wp\/v2\/posts\/381625\/revisions"}],"wp:featuredmedia":[{"embeddable":true,"href":"https:\/\/www.europesays.com\/fr\/wp-json\/wp\/v2\/media\/381626"}],"wp:attachment":[{"href":"https:\/\/www.europesays.com\/fr\/wp-json\/wp\/v2\/media?parent=381625"}],"wp:term":[{"taxonomy":"category","embeddable":true,"href":"https:\/\/www.europesays.com\/fr\/wp-json\/wp\/v2\/categories?post=381625"},{"taxonomy":"post_tag","embeddable":true,"href":"https:\/\/www.europesays.com\/fr\/wp-json\/wp\/v2\/tags?post=381625"}],"curies":[{"name":"wp","href":"https:\/\/api.w.org\/{rel}","templated":true}]}}