{"id":381631,"date":"2025-09-11T01:49:17","date_gmt":"2025-09-11T01:49:17","guid":{"rendered":"https:\/\/www.europesays.com\/fr\/381631\/"},"modified":"2025-09-11T01:49:17","modified_gmt":"2025-09-11T01:49:17","slug":"mouvement-bloquons-tout-du-10-septembre-a-antibes-on-prepare-deja-la-suite","status":"publish","type":"post","link":"https:\/\/www.europesays.com\/fr\/381631\/","title":{"rendered":"Mouvement \u00ab\u00a0Bloquons tout\u00a0\u00bb du 10-Septembre: \u00e0 Antibes, on pr\u00e9pare d\u00e9j\u00e0 la suite"},"content":{"rendered":"<p>Et maintenant, on fait quoi?<\/p>\n<p>Depuis 19h, ce mercredi, pr\u00e8s de 80 personnes sont rassembl\u00e9es \u00e0 Antibes, place De-Gaulle, \u00e0 l\u2019occasion d\u2019une assembl\u00e9e citoyenne. Des prises de parole libre, dans une ambiance bon enfant \u2013 les forces de l\u2019ordre suivant les \u00e9v\u00e8nements \u00e0 bonne distance \u2013 pour, d\u00e9j\u00e0, dresser un bilan de la mobilisation locale, dans le cadre du mouvement \u00ab\u00a0Bloquons tout\u00a0\u00bb.<\/p>\n<p>\u00ab\u00a0Nous \u00e9tions plus d\u2019une centaine sur le rond-point de Provence, et pr\u00e8s de 500 \u00e0 Nice, glisse un participant. C\u2019\u00e9tait un premier jour, mais la mobilisation doit continuer. On est tous impact\u00e9s par la situation du pays\u2005: jeunes, vieux, travailleurs, retrait\u00e9s, etc. Et il y en a marre&#8230;\u00a0\u00bb<\/p>\n<p>Des actions \u00e0 venir avant la mobilisation du 18 septembre?<\/p>\n<p>D\u00e9\u00e7u par la mobilisation \u00e0 Cannes, un homme encha\u00eene, r\u00e9sumant la pens\u00e9e g\u00e9n\u00e9rale: \u00ab\u00a0Je suis heureux de voir du monde, \u00e0 Antibes. Mais il faut poursuivre; et ne pas forc\u00e9ment attendre le 18 septembre.\u00a0\u00bb<\/p>\n<p>Avant la journ\u00e9e de gr\u00e8ve et manifestation appel\u00e9e par l\u2019intersyndicale, on s\u2019interroge donc sur les actions \u00e0 mener d\u2019ici l\u00e0, et ce, d\u00e8s jeudi.<\/p>\n<p>Comme il est compliqu\u00e9 de faire consensus, l\u2019assembl\u00e9e prend quelques minutes pour \u00e9changer, par petits groupes. Le fruit de leur r\u00e9flexion? Distributions de tracts, devant les grandes enseignes, les march\u00e9s, les zones pi\u00e9tonnes et, plus largement, tous les lieux qui drainent du public; boycott des grandes marques; communication massive sur les r\u00e9seaux sociaux; manifestation devant la mairie, etc.<\/p>\n<p>Si rien n\u2019est, pour l\u2019heure, v\u00e9ritablement act\u00e9, \u00e7a risque encore de bouger d\u2019ici au 18 septembre&#8230;<\/p>\n","protected":false},"excerpt":{"rendered":"Et maintenant, on fait quoi? Depuis 19h, ce mercredi, pr\u00e8s de 80 personnes sont rassembl\u00e9es \u00e0 Antibes, place&hellip;\n","protected":false},"author":2,"featured_media":381632,"comment_status":"","ping_status":"","sticky":false,"template":"","format":"standard","meta":{"footnotes":""},"categories":[2819],"tags":[1111,11,10411,1777,674,1011,27,802,12,2401,882,25,801],"class_list":{"0":"post-381631","1":"post","2":"type-post","3":"status-publish","4":"format-standard","5":"has-post-thumbnail","7":"category-nice","8":"tag-actu","9":"tag-actualites","10":"tag-conflits","11":"tag-eu","12":"tag-europe","13":"tag-fr","14":"tag-france","15":"tag-greves-et-mouvements-sociaux","16":"tag-news","17":"tag-nice","18":"tag-provence-alpes-cote-dazur","19":"tag-republique-francaise","20":"tag-social"},"share_on_mastodon":{"url":"https:\/\/pubeurope.com\/@fr\/115183154839741550","error":""},"_links":{"self":[{"href":"https:\/\/www.europesays.com\/fr\/wp-json\/wp\/v2\/posts\/381631","targetHints":{"allow":["GET"]}}],"collection":[{"href":"https:\/\/www.europesays.com\/fr\/wp-json\/wp\/v2\/posts"}],"about":[{"href":"https:\/\/www.europesays.com\/fr\/wp-json\/wp\/v2\/types\/post"}],"author":[{"embeddable":true,"href":"https:\/\/www.europesays.com\/fr\/wp-json\/wp\/v2\/users\/2"}],"replies":[{"embeddable":true,"href":"https:\/\/www.europesays.com\/fr\/wp-json\/wp\/v2\/comments?post=381631"}],"version-history":[{"count":0,"href":"https:\/\/www.europesays.com\/fr\/wp-json\/wp\/v2\/posts\/381631\/revisions"}],"wp:featuredmedia":[{"embeddable":true,"href":"https:\/\/www.europesays.com\/fr\/wp-json\/wp\/v2\/media\/381632"}],"wp:attachment":[{"href":"https:\/\/www.europesays.com\/fr\/wp-json\/wp\/v2\/media?parent=381631"}],"wp:term":[{"taxonomy":"category","embeddable":true,"href":"https:\/\/www.europesays.com\/fr\/wp-json\/wp\/v2\/categories?post=381631"},{"taxonomy":"post_tag","embeddable":true,"href":"https:\/\/www.europesays.com\/fr\/wp-json\/wp\/v2\/tags?post=381631"}],"curies":[{"name":"wp","href":"https:\/\/api.w.org\/{rel}","templated":true}]}}