{"id":381641,"date":"2025-09-11T01:54:16","date_gmt":"2025-09-11T01:54:16","guid":{"rendered":"https:\/\/www.europesays.com\/fr\/381641\/"},"modified":"2025-09-11T01:54:16","modified_gmt":"2025-09-11T01:54:16","slug":"apres-le-10-septembre-le-mouvement-va-t-il-se-prolonger-a-toulouse","status":"publish","type":"post","link":"https:\/\/www.europesays.com\/fr\/381641\/","title":{"rendered":"apr\u00e8s le 10 septembre, le mouvement va-t-il se prolonger \u00e0 Toulouse\u00a0?"},"content":{"rendered":"<p>            Par<br \/>\n        <strong><br \/>\n            <a href=\"https:\/\/actu.fr\/auteur\/enzo-legros\" title=\"Consulter tous les articles de Enzo Legros\" target=\"_blank\" rel=\"noopener\">Enzo Legros<\/a><br \/>\n        <\/strong><\/p>\n<p>        Publi\u00e9 le<\/p>\n<p>            10 sept. 2025 \u00e0 19h26        <\/p>\n<p><a href=\"https:\/\/actu.fr\/tag\/mouvement-du-10-septembre\" target=\"_blank\" rel=\"noopener\">La journ\u00e9e du 10 septembre 2025<\/a> a connu un int\u00e9r\u00eat m\u00e9diatique tr\u00e8s important partout en France. Des milliers de manifestants se sont mobilis\u00e9s dans les rues des grandes villes, dont <a href=\"https:\/\/actu.fr\/toulouse\/\" target=\"_blank\" rel=\"noopener\"><strong>Toulouse<\/strong><\/a>. Ce sont <a href=\"https:\/\/actu.fr\/occitanie\/toulouse_31555\/bloquons-tout-13-000-a-30-000-manifestants-dans-les-rues-de-toulouse-des-incidents-eclatent_63144187.html\" target=\"_blank\" rel=\"noopener\">au moins 13\u2009000 personnes qui ont d\u00e9fil\u00e9 dans la Ville rose<\/a> entre Jean-Jaur\u00e8s et Saint-Cyprien dans l\u2019apr\u00e8s-midi. La question qui se pose maintenant est la suivante\u2009: <strong>\u00ab\u2009Bloquons tout\u2009\u00bb va-t-il se poursuivre dans les prochains jours\u2009? <\/strong>\u00c9l\u00e9ments de r\u00e9ponse.<\/p>\n<p>Pas de mobilisation d\u2019ampleur annonc\u00e9e<\/p>\n<p class=\" wall-content\">Toute la communication de la journ\u00e9e de mobilisation a \u00e9t\u00e9 construite autour du \u00ab\u200910 septembre\u2009\u00bb. Plusieurs syndicats se sont joints \u00e0 la partie ce mercredi, amplifiant le rassemblement.\u00a0 Un cort\u00e8ge qui a r\u00e9uni <a href=\"https:\/\/actu.fr\/occitanie\/toulouse_31555\/bloquons-tout-13-000-a-30-000-manifestants-dans-les-rues-de-toulouse-des-incidents-eclatent_63144187.html\" target=\"_blank\" rel=\"noopener\"><strong>entre 13 000 et 30 000 personnes<\/strong> selon les sources.<\/a> Mais pour les jours suivants, <strong>aucune organisation syndicale n\u2019a annonc\u00e9 de regroupement.<\/strong><\/p>\n<p class=\" wall-content\">Parmi les salari\u00e9s ou agents qui \u00e9taient en gr\u00e8ve, \u00e0 la pr\u00e9fecture par exemple, d\u2019autres mouvements peuvent survenir dans le mois de septembre. C\u2019est le cas au syndicat FSU-SNUipp 31, qui a d\u00e9j\u00e0 annonc\u00e9 une nouvelle journ\u00e9e de <strong>gr\u00e8ve le 18 septembre<\/strong> pour protester contre la <a href=\"https:\/\/actu.fr\/occitanie\/toulouse_31555\/haute-garonne-voici-les-ecoles-menacees-par-une-fermeture-ou-ouverture-de-classe-en-plein-mois-de-septembre_63121659.html\" target=\"_blank\" rel=\"noopener\">fermeture des classes en plein mois de septembre.<\/a><\/p>\n<p>Gr\u00e8ve intersyndicale le 18 septembre<\/p>\n<p class=\" wall-content\">En r\u00e9alit\u00e9,ce 18 septembre, il s\u2019agira d\u2019une nouvelle gr\u00e8ve intersyndicale sur diff\u00e9rents th\u00e8mes, \u00ab\u2009dont les h\u00f4pitaux, l\u2019\u00e9nergie, les industries, les transports, l\u2019audiovisuel public et la culture\u2009\u00bb, indique la branche d\u00e9partementale de <a href=\"https:\/\/actu.fr\/occitanie\/haute-garonne_31\" target=\"_blank\" rel=\"noopener\">Haute-Garonne<\/a> de la CGT, aussi pr\u00e9sente ce 10\u00a0septembre dans le cort\u00e8ge.<\/p>\n<p class=\" wall-content\">De son c\u00f4t\u00e9, le syndicat SUD indique dans un communiqu\u00e9 vouloir<strong> \u00ab\u2009construire la suite de cette mobilisation<\/strong> par la gr\u00e8ve\u2009\u00bb, le <strong>18\u00a0septembre<\/strong>. Cette date semble donc \u00eatre la prochaine manifestation qui pourra viser un suivi d\u2019ampleur.<\/p>\n<p>Des actions d\u00e8s le 11 septembre ?<\/p>\n<p class=\" wall-content\">Sur les r\u00e9seaux sociaux, certains posts invitent pourtant <strong>\u00e0 poursuivre le mouvement d\u00e8s le 11\u00a0septembre.<\/strong><\/p>\n<p>Votre r\u00e9gion, votre actu !<\/p>\n<p>Recevez chaque jour les infos qui comptent pour vous.<\/p>\n<p>\t<a href=\"https:\/\/actu.fr\/newsletter\" class=\"ac-btn ac-btn--corner ac-btn--medium ac-btn--blue800\" target=\"_blank\" rel=\"noopener\">S&rsquo;incrire<\/a><\/p>\n<p>    <a href=\"https:\/\/www.facebook.com\/plugins\/post.php?href=https%3A%2F%2Fwww.facebook.com%2FToulouseEnLuttes%2Fposts%2F1081293410847151&amp;show_text=true&amp;width=350\" title=\"Ouvrie le lien\" target=\"_blank\" rel=\"noopener\">Cliquez ici pour visualiser le contenu<\/a><\/p>\n<p class=\" wall-content\">Pour l\u2019heure, peu d\u2019internautes ont r\u00e9agi \u00e0 ses appels, et l\u2019\u00e9v\u00e8nement officiel \u00ab\u2009Bloquons tout\u2009\u00bb ne pr\u00e9voyait pas mercredi soir \u00e0 18 heures de nouvelle mobilisation pour la journ\u00e9e de jeudi. Mais \u00e0 la lumi\u00e8re des actions sporadiques de ces derni\u00e8res heures, en ce 11 septembre, de nouveaux coups d\u2019\u00e9clat ne peuvent \u00eatre \u00e9cart\u00e9s.<\/p>\n<p class=\" wall-content\">Personnalisez votre actualit\u00e9 en ajoutant vos villes et m\u00e9dias en favori avec <a href=\"https:\/\/moncompte.actu.fr\" title=\"D\u00e9couvez Mon Actu\" rel=\"nofollow noopener\" data-trk=\"{&quot;cta&quot;:{&quot;action&quot;:&quot;https:\\\/\\\/moncompte.actu.fr&quot;,&quot;category&quot;:&quot;mon compte&quot;,&quot;from&quot;:&quot;article footer&quot;,&quot;name&quot;:&quot;Mon actu&quot;,&quot;type&quot;:&quot;cta&quot;}}\" target=\"_blank\">Mon Actu<\/a>.<\/p>\n","protected":false},"excerpt":{"rendered":"Par Enzo Legros Publi\u00e9 le 10 sept. 2025 \u00e0 19h26 La journ\u00e9e du 10 septembre 2025 a connu&hellip;\n","protected":false},"author":2,"featured_media":381642,"comment_status":"","ping_status":"","sticky":false,"template":"","format":"standard","meta":{"footnotes":""},"categories":[2816],"tags":[1111,11,47212,1777,674,1011,27,1272,50957,12,2680,25,104,2312],"class_list":{"0":"post-381641","1":"post","2":"type-post","3":"status-publish","4":"format-standard","5":"has-post-thumbnail","7":"category-toulouse","8":"tag-actu","9":"tag-actualites","10":"tag-bloquons-tout","11":"tag-eu","12":"tag-europe","13":"tag-fr","14":"tag-france","15":"tag-manifestations","16":"tag-mouvement-du-10-septembre","17":"tag-news","18":"tag-occitanie","19":"tag-republique-francaise","20":"tag-societe","21":"tag-toulouse"},"share_on_mastodon":{"url":"https:\/\/pubeurope.com\/@fr\/115183174552416050","error":""},"_links":{"self":[{"href":"https:\/\/www.europesays.com\/fr\/wp-json\/wp\/v2\/posts\/381641","targetHints":{"allow":["GET"]}}],"collection":[{"href":"https:\/\/www.europesays.com\/fr\/wp-json\/wp\/v2\/posts"}],"about":[{"href":"https:\/\/www.europesays.com\/fr\/wp-json\/wp\/v2\/types\/post"}],"author":[{"embeddable":true,"href":"https:\/\/www.europesays.com\/fr\/wp-json\/wp\/v2\/users\/2"}],"replies":[{"embeddable":true,"href":"https:\/\/www.europesays.com\/fr\/wp-json\/wp\/v2\/comments?post=381641"}],"version-history":[{"count":0,"href":"https:\/\/www.europesays.com\/fr\/wp-json\/wp\/v2\/posts\/381641\/revisions"}],"wp:featuredmedia":[{"embeddable":true,"href":"https:\/\/www.europesays.com\/fr\/wp-json\/wp\/v2\/media\/381642"}],"wp:attachment":[{"href":"https:\/\/www.europesays.com\/fr\/wp-json\/wp\/v2\/media?parent=381641"}],"wp:term":[{"taxonomy":"category","embeddable":true,"href":"https:\/\/www.europesays.com\/fr\/wp-json\/wp\/v2\/categories?post=381641"},{"taxonomy":"post_tag","embeddable":true,"href":"https:\/\/www.europesays.com\/fr\/wp-json\/wp\/v2\/tags?post=381641"}],"curies":[{"name":"wp","href":"https:\/\/api.w.org\/{rel}","templated":true}]}}