{"id":381647,"date":"2025-09-11T01:58:16","date_gmt":"2025-09-11T01:58:16","guid":{"rendered":"https:\/\/www.europesays.com\/fr\/381647\/"},"modified":"2025-09-11T01:58:16","modified_gmt":"2025-09-11T01:58:16","slug":"un-blocus-dans-le-calme-au-lycee-montgrand-a-marseille-une-cinquantaine-de-lyceens-mobilises","status":"publish","type":"post","link":"https:\/\/www.europesays.com\/fr\/381647\/","title":{"rendered":"Un blocus dans le calme au lyc\u00e9e Montgrand \u00e0 Marseille, une cinquantaine de lyc\u00e9ens mobilis\u00e9s"},"content":{"rendered":"<p>Habitu\u00e9 des mobilisations, le lyc\u00e9e Montgrand, dans le 6e arrondissement de Marseille, est rest\u00e9 fid\u00e8le \u00e0 sa r\u00e9putation. Ce mercredi matin, d\u00e8s 6h30, des \u00e9l\u00e8ves de cet \u00e9tablissement dont l&rsquo;entr\u00e9e principale se situe sur la place F\u00e9lix-Baret et celle des personnels dans la rue Montgrand, ont <a href=\"https:\/\/www.laprovence.com\/article\/economie\/2021323485822814\/10-septembre-des-manifestants-de-bloquons-tout-devant-le-centre-des-finances-publiques-a-marseille\" target=\"_blank\" rel=\"noopener\">bloqu\u00e9 les deux acc\u00e8s<\/a>.<\/p>\n<p>Avec des poubelles, des barri\u00e8res et divers objets r\u00e9cup\u00e9r\u00e9s dans les rues adjacentes, ils ont constitu\u00e9 deux barricades qui ont tenu jusqu&rsquo;\u00e0 la fin de leur blocus, d\u00e9cid\u00e9 entre 10h30 et 11h.<\/p>\n<p>Il faut dire qu&rsquo;ils n&rsquo;ont pratiquement jamais \u00e9t\u00e9 d\u00e9rang\u00e9s : les policiers pr\u00e9sents en petits effectifs ont observ\u00e9 sans inqui\u00e9tude les va-et-vient des lyc\u00e9ens, lesquels, bien que camouflant leur visage derri\u00e8re un masque ou un foulard, ne sont pas entr\u00e9s dans le jeu de la provocation avec les forces de l&rsquo;ordre.<\/p>\n<p>\u00ab\u00a0Nous sommes mobilis\u00e9s pour d\u00e9fendre nos droits de lyc\u00e9ens apr\u00e8s les r\u00e9formes du bac et de Parcoursup dont personne ne conna\u00eet l&rsquo;algorithme, expliquait Malo, 16 ans, du syndicat lyc\u00e9en MNL. Notre avenir est d\u00e9fini par une base de donn\u00e9es qu&rsquo;on ne comprend pas.\u00a0\u00bb<\/p>\n<p>\u00ab\u00a0On ne respecte pas le vote des Fran\u00e7ais\u00a0\u00bb<\/p>\n<p>Et le pensionnaire du lyc\u00e9e Montgrand, qui se disait \u00ab\u00a0encore plus \u00e9nerv\u00e9\u00a0\u00bb apr\u00e8s la nomination de S\u00e9bastien Lecornu \u00e0 la place de Fran\u00e7ois Bayrou, de poursuivre : \u00ab\u00a0On ne respecte pas le vote des Fran\u00e7ais. Nous sommes aussi de futurs travailleurs et en ce sens on s&rsquo;oppose \u00e0 la suppression de deux jours f\u00e9ri\u00e9s.\u00a0\u00bb<\/p>\n<p>Un peu avant 8h, des \u00e9l\u00e8ves qui avaient pr\u00e9vu de suivre leurs cours ont \u00e9t\u00e9 contraints de faire demi-tour, tout comme les enseignants dont l&rsquo;entr\u00e9e restait inaccessible.<\/p>\n<p>Le seul moment de tension est intervenu une heure et demie plus tard, quand un groupe de manifestants plus excit\u00e9s est venu brouiller le calme bon enfant de Montgrand. Avec eux, des effectifs de police, casque sur la t\u00eate, bouclier en mains et gazeuses pr\u00eates, qui avaient suivi leurs p\u00e9r\u00e9grinations dans le centre-ville. Aucun d\u00e9bordement n&rsquo;a cependant eu lieu et le calme est vite revenu. \u00c0 tel point que vers 10h les policiers ont quitt\u00e9 les lieux.<\/p>\n<p>Une partie des lyc\u00e9ens a ensuite rejoint <a href=\"https:\/\/www.laprovence.com\/article\/societe\/1982178800271314\/en-images-10-septembre-le-mouvement-bloquons-tout-mobilise-a-marseille-ce-mercredi\" target=\"_blank\" rel=\"noopener\">le point de rassemblement principal aux R\u00e9form\u00e9s<\/a>, aux c\u00f4t\u00e9s de certains de leurs enseignants. Ils seraient une grosse dizaine en gr\u00e8ve au lyc\u00e9e Montgrand, selon ce professeur de philosophie. \u00ab\u00a0Plusieurs causes sont d\u00e9fendues aujourd&rsquo;hui, par exemple le manque de personnel dans l&rsquo;\u00e9ducation nationale, mais c&rsquo;est cette politique d&rsquo;aust\u00e9rit\u00e9 le principal probl\u00e8me, alors que les plus riches continuent de s&rsquo;enrichir, glisse-t-il. Le blocage est n\u00e9cessaire, il n&rsquo;y a pas d&rsquo;autre moyen de se faire entendre.\u00a0\u00bb<\/p>\n<p>L&rsquo;enseignant confiait attendre d\u00e9sormais \u00ab\u00a0des actes\u00a0\u00bb. Lesquels ? Un parent d&rsquo;\u00e9l\u00e8ve interrompait: \u00ab\u00a0Qu&rsquo;il (Emmanuel Macron) parte ! Sa politique, \u00e7a n&rsquo;est pas un avenir pour notre jeunesse.\u00a0\u00bb<\/p>\n","protected":false},"excerpt":{"rendered":"Habitu\u00e9 des mobilisations, le lyc\u00e9e Montgrand, dans le 6e arrondissement de Marseille, est rest\u00e9 fid\u00e8le \u00e0 sa r\u00e9putation.&hellip;\n","protected":false},"author":2,"featured_media":381648,"comment_status":"","ping_status":"","sticky":false,"template":"","format":"standard","meta":{"footnotes":""},"categories":[2814],"tags":[17,1111,11,11857,47562,1446,1777,674,1011,27,2633,884,51481,12,882,16,25,96],"class_list":{"0":"post-381647","1":"post","2":"type-post","3":"status-publish","4":"format-standard","5":"has-post-thumbnail","7":"category-marseille","8":"tag-17","9":"tag-actu","10":"tag-actualites","11":"tag-blocus","12":"tag-calme","13":"tag-dans","14":"tag-eu","15":"tag-europe","16":"tag-fr","17":"tag-france","18":"tag-lycee","19":"tag-marseille","20":"tag-montgrand","21":"tag-news","22":"tag-provence-alpes-cote-dazur","23":"tag-region","24":"tag-republique-francaise","25":"tag-une"},"share_on_mastodon":{"url":"https:\/\/pubeurope.com\/@fr\/115183190208639129","error":""},"_links":{"self":[{"href":"https:\/\/www.europesays.com\/fr\/wp-json\/wp\/v2\/posts\/381647","targetHints":{"allow":["GET"]}}],"collection":[{"href":"https:\/\/www.europesays.com\/fr\/wp-json\/wp\/v2\/posts"}],"about":[{"href":"https:\/\/www.europesays.com\/fr\/wp-json\/wp\/v2\/types\/post"}],"author":[{"embeddable":true,"href":"https:\/\/www.europesays.com\/fr\/wp-json\/wp\/v2\/users\/2"}],"replies":[{"embeddable":true,"href":"https:\/\/www.europesays.com\/fr\/wp-json\/wp\/v2\/comments?post=381647"}],"version-history":[{"count":0,"href":"https:\/\/www.europesays.com\/fr\/wp-json\/wp\/v2\/posts\/381647\/revisions"}],"wp:featuredmedia":[{"embeddable":true,"href":"https:\/\/www.europesays.com\/fr\/wp-json\/wp\/v2\/media\/381648"}],"wp:attachment":[{"href":"https:\/\/www.europesays.com\/fr\/wp-json\/wp\/v2\/media?parent=381647"}],"wp:term":[{"taxonomy":"category","embeddable":true,"href":"https:\/\/www.europesays.com\/fr\/wp-json\/wp\/v2\/categories?post=381647"},{"taxonomy":"post_tag","embeddable":true,"href":"https:\/\/www.europesays.com\/fr\/wp-json\/wp\/v2\/tags?post=381647"}],"curies":[{"name":"wp","href":"https:\/\/api.w.org\/{rel}","templated":true}]}}