{"id":381651,"date":"2025-09-11T02:00:20","date_gmt":"2025-09-11T02:00:20","guid":{"rendered":"https:\/\/www.europesays.com\/fr\/381651\/"},"modified":"2025-09-11T02:00:20","modified_gmt":"2025-09-11T02:00:20","slug":"un-explorateur-veut-cartographier-les-pfas-dans-le-fleuve-rhone","status":"publish","type":"post","link":"https:\/\/www.europesays.com\/fr\/381651\/","title":{"rendered":"Un explorateur veut cartographier les PFAS dans le fleuve Rh\u00f4ne"},"content":{"rendered":"<p>Apr\u00e8s avoir travers\u00e9 la M\u00e9diterran\u00e9e \u00e0 la nage, l\u2019aventurier-explorateur R\u00e9mi Camus se lance dans une nouvelle mission. Un p\u00e9riple d\u2019un mois, qui d\u00e9bute le 15 septembre. Avec pour objectif de cartographier la pr\u00e9sence des PFAS, les \u00ab\u00a0polluants \u00e9ternels\u00a0\u00bb, dans le Rh\u00f4ne. Du glacier jusqu\u2019\u00e0 la mer\u2026 Le Rh\u00f4ne nous livre ses secrets\u2026<\/p>\n<p><strong>Cartographier les PFAS<\/strong>, c\u2019est l\u2019id\u00e9e de <strong>R\u00e9mi Camus<\/strong> alors que bien des questions subsistent \u00e0 propos des \u00ab\u00a0<strong>polluants \u00e9ternels<\/strong>\u00ab\u00a0. Apr\u00e8s avoir travers\u00e9 <strong>la M\u00e9diterran\u00e9e \u00e0 la nage<\/strong>, l\u2019aventurier-explorateur se lance dans une nouvelle mission. Son <strong>exp\u00e9dition au fil du Rh\u00f4ne<\/strong> est un p\u00e9riple d\u2019un mois. Du 15 septembre au 15 octobre. Avec pour objectif de c<strong>artographier la pr\u00e9sence des PFAS<\/strong>, dans le <strong>Rh\u00f4ne<\/strong>, du glacier jusqu\u2019\u00e0 la mer.<\/p>\n<p>Ecoutez le podcast<\/p>\n<p>R\u00e9mi Camus veut cartographier les PFAS au fil du Rh\u00f4ne<\/p>\n<p>Cette aventure n\u2019est pas seulement un d\u00e9fi physique. C\u2019est surtout une <strong>qu\u00eate scientifique<\/strong>. En collaboration avec le <strong>laboratoire <a href=\"https:\/\/www.alsglobal.com\/fr-FR\/France\" target=\"_blank\" rel=\"noreferrer noopener nofollow\">Wessling \u2013 ALS<\/a><\/strong>, <strong>R\u00e9mi Camus<\/strong> va ainsi parcourir les 800 kilom\u00e8tres du fleuve \u00e0 bord de son <strong>packraft<\/strong>, un cano\u00eb gonflable. Au fil de son voyage, il r\u00e9alisera <strong>environ 90 pr\u00e9l\u00e8vements d\u2019eau<\/strong> pour analyser la concentration de ces <strong>substances chimiques<\/strong>.<\/p>\n<p>Ecoutez aussi <\/p>\n<p><a href=\"https:\/\/www.lyondemain.fr\/step-stop-a-la-sclerose-en-plaques-2\/\" target=\"_blank\" rel=\"noreferrer noopener nofollow\">D\u00e9fi STEP : l\u2019id\u00e9e d\u2019un label \u00ab\u00a0Ville Handi-Accueillante\u00a0\u00bb<\/a><\/p>\n<p>Un aventurier qui donne du sens \u00e0 ses exp\u00e9ditions<\/p>\n<p>\u00ab\u00a0J\u2019ai toujours mis du sens dans mes <strong><a href=\"https:\/\/remicamusexplorer.fr\/\" target=\"_blank\" rel=\"noreferrer noopener nofollow\">exp\u00e9ditions<\/a><\/strong>. La premi\u00e8re a eu lieu en 2011, o\u00f9 j\u2019ai travers\u00e9 l\u2019Australie en courant. J\u2019ai connu le <strong>manque d\u2019eau<\/strong>, la soif, et j\u2019ai bu mon urine dans le d\u00e9sert pour ne pas mourir. \u00c7a m\u2019a sensibilis\u00e9 au manque d\u2019eau, J\u2019ai d\u00e9cid\u00e9 de faire la <strong>descente du Mekong<\/strong>, dans l\u2019objectif d\u2019aller rencontrer les populations locales. Pour comprendre leur mode de vie autour de l\u2019eau. Quand on arrive dans le bas du Mekong, on se rend compte qu\u2019\u00e9norm\u00e9ment de <strong>d\u00e9chets<\/strong> sont g\u00e9n\u00e9r\u00e9s par une population qui n\u2019a pas du tout les m\u00eames solutions qu\u2019on peut avoir nous en Europe. Donc il y a 70 millions de personnes qui d\u00e9versent directement dans le fleuve leurs <strong>d\u00e9chets<\/strong>\u00ab\u00a0.<\/p>\n<blockquote class=\"instagram-media\" data-instgrm-captioned=\"\" data-instgrm-permalink=\"https:\/\/www.instagram.com\/reel\/DGS-66et-AF\/?utm_source=ig_embed&amp;utm_campaign=loading\" data-instgrm-version=\"14\" style=\" background:#FFF; border:0; border-radius:3px; box-shadow:0 0 1px 0 rgba(0,0,0,0.5),0 1px 10px 0 rgba(0,0,0,0.15); margin: 1px; max-width:540px; min-width:326px; padding:0; width:99.375%; width:-webkit-calc(100% - 2px); width:calc(100% - 2px);\"\/>\n<p>Pour cette<strong> exp\u00e9dition au fil du Rh\u00f4ne<\/strong>, <strong>R\u00e9mi Camus<\/strong> va collaborer avec le<strong> laboratoire Wessling<\/strong>, bas\u00e9 \u00e0 Saint-Quentin-Fallavier. \u00ab\u00a0Pour que les<strong> pr\u00e9l\u00e8vements<\/strong> soient accr\u00e9dit\u00e9s, il faut passer une formation au sein directement du laboratoire. Par exemple, lorsqu\u2019on sera en train de descendre en <strong>packraft<\/strong>, l\u2019objectif n\u2019est pas de r\u00e9cup\u00e9rer l\u2019eau en aval du packraft, mais de r\u00e9cup\u00e9rer l\u2019eau en amont. pour ne pas avoir une probl\u00e9matique possible d\u2019avoir des PFAS qui se retrouvent sur le packraft et qui viennent se m\u00e9langer avec l\u2019\u00e9chantillon qu\u2019on aura pr\u00e9lev\u00e9. Donc il y a vraiment une <strong>rigueur scientifique<\/strong>\u00a0\u00bb explique <strong>R\u00e9mi Camus<\/strong>.<\/p>\n<p>Ecoutez aussi <\/p>\n<p><a href=\"https:\/\/www.lyondemain.fr\/munitions-immergees-odysseus31-casques-bleus\/\" target=\"_blank\" rel=\"noreferrer noopener nofollow\">Munitions immerg\u00e9es : Odysseus 3.1 s\u2019ouvre les portes de l\u2019ONU<\/a><\/p>\n<p>Pas question de faire une exp\u00e9dition \u00e0 charge<\/p>\n<p>La r\u00e9gion lyonnaise, avec son <strong>couloir de la chimie<\/strong>, compte de nombreuses entreprises. Dont certaines sont ainsi \u00e0 l\u2019origine des <strong>rejets de PFAS<\/strong>. Pour autant, pas question de faire une exp\u00e9dition \u00e0 charge. <\/p>\n<p>\u00ab\u00a0On veut vraiment rester sur quelque chose de tr\u00e8s neutre. L\u2019id\u00e9e c\u2019est de faire une <strong>cartographie des PFAS<\/strong>\u2026. On ne va pas forc\u00e9ment faire plus de pr\u00e9l\u00e8vements \u00e0 Lyon qu\u2019\u00e0 d\u2019autres endroits. On a une vraie probl\u00e9matique et aussi une vraie difficult\u00e9. C\u2019est que c\u2019est une <strong>mol\u00e9cule<\/strong> qui est <strong>persistante<\/strong>. Elle reste tr\u00e8s tr\u00e8s longtemps dans l\u2019environnement, se d\u00e9grade tr\u00e8s peu. Et c\u2019est pour \u00e7a qu\u2019on a encore besoin de travailler sur de l\u2019analyse. De l\u2019interpr\u00e9tation des r\u00e9sultats pour qu\u2019on puisse avoir quelque chose de relativement large en termes d\u2019informations. Et pour ensuite prendre des mesures importantes tr\u00e8s rapidement.\u00a0\u00bb<\/p>\n<p>L\u2019<strong>exp\u00e9dition<\/strong> se veut <strong>scientique<\/strong> mais aussi ouverte au <strong>grand public<\/strong>. Ce dernier est  ainsi invit\u00e9 \u00e0 venir participer aux <strong>soir\u00e9es bivouacs autour de l\u2019explorateur<\/strong>. Un documentaire de 52 minutes sera  aussi r\u00e9alis\u00e9 au fil du Rh\u00f4ne. (et cherche son diffuseur).. Quant aux r\u00e9sultats des analyses, ils devraient \u00eatre connus d\u00e9but 2026.<\/p>\n<p>Ecoutez aussi <\/p>\n<p><a href=\"https:\/\/www.lyondemain.fr\/nicolas-ronget-coureur-malvoyant\/\" target=\"_blank\" rel=\"noreferrer noopener nofollow\">Course : rien n\u2019arr\u00eate Nicolas Ronget, coureur malvoyant<\/a><\/p>\n<p><img fetchpriority=\"high\" decoding=\"async\" width=\"1200\" height=\"675\" src=\"https:\/\/www.europesays.com\/fr\/wp-content\/uploads\/2025\/09\/cartographier-les-PFAS-Remi-Camus.jpg\" alt=\"cartographier les PFAS\" class=\"wp-image-251437\"  \/>R\u00e9mi Camus<br \/>\nJ\u2019aime \u00e7a\u00a0:<\/p>\n<p>J\u2019aime chargement\u2026<\/p>\n<p><a class=\"sd-link-color\"\/><\/p>\n<p>\n\tArticles similaires\n<\/p>\n<p>\t\t\t\t<img decoding=\"async\" src=\"https:\/\/www.europesays.com\/fr\/wp-content\/uploads\/2025\/09\/1757556020_69_7866158698e17e8ed633c05e8f8e7fe5d9e057ad78661c4dc34e413abb6b9f19\" alt=\"G\u00e9rald Bouchon\"\/><\/p>\n<p>Pionnier des radios libres, passionn\u00e9 de radio, journaliste et dirigeant de m\u00e9dias \u00e9co-responsables..<\/p>\n<p>\t\t\t<script async src=\"\/\/www.instagram.com\/embed.js\"><\/script><\/p>\n","protected":false},"excerpt":{"rendered":"Apr\u00e8s avoir travers\u00e9 la M\u00e9diterran\u00e9e \u00e0 la nage, l\u2019aventurier-explorateur R\u00e9mi Camus se lance dans une nouvelle mission. Un&hellip;\n","protected":false},"author":2,"featured_media":381652,"comment_status":"","ping_status":"","sticky":false,"template":"","format":"standard","meta":{"footnotes":""},"categories":[1889],"tags":[1111,11,2430,6764,51071,1777,674,51072,23227,32027,1011,27,2428,12,13885,51074,51075,25,51482],"class_list":{"0":"post-381651","1":"post","2":"type-post","3":"status-publish","4":"format-standard","5":"has-post-thumbnail","7":"category-lyon","8":"tag-actu","9":"tag-actualites","10":"tag-auvergne-rhone-alpes","11":"tag-cartographie","12":"tag-descente-du-rhone","13":"tag-eu","14":"tag-europe","15":"tag-expedition","16":"tag-exploration","17":"tag-fleuve-rhone","18":"tag-fr","19":"tag-france","20":"tag-lyon","21":"tag-news","22":"tag-pfas","23":"tag-polluants-eternels","24":"tag-remi-camus","25":"tag-republique-francaise","26":"tag-wessling"},"share_on_mastodon":{"url":"https:\/\/pubeurope.com\/@fr\/115183198194002614","error":""},"_links":{"self":[{"href":"https:\/\/www.europesays.com\/fr\/wp-json\/wp\/v2\/posts\/381651","targetHints":{"allow":["GET"]}}],"collection":[{"href":"https:\/\/www.europesays.com\/fr\/wp-json\/wp\/v2\/posts"}],"about":[{"href":"https:\/\/www.europesays.com\/fr\/wp-json\/wp\/v2\/types\/post"}],"author":[{"embeddable":true,"href":"https:\/\/www.europesays.com\/fr\/wp-json\/wp\/v2\/users\/2"}],"replies":[{"embeddable":true,"href":"https:\/\/www.europesays.com\/fr\/wp-json\/wp\/v2\/comments?post=381651"}],"version-history":[{"count":0,"href":"https:\/\/www.europesays.com\/fr\/wp-json\/wp\/v2\/posts\/381651\/revisions"}],"wp:featuredmedia":[{"embeddable":true,"href":"https:\/\/www.europesays.com\/fr\/wp-json\/wp\/v2\/media\/381652"}],"wp:attachment":[{"href":"https:\/\/www.europesays.com\/fr\/wp-json\/wp\/v2\/media?parent=381651"}],"wp:term":[{"taxonomy":"category","embeddable":true,"href":"https:\/\/www.europesays.com\/fr\/wp-json\/wp\/v2\/categories?post=381651"},{"taxonomy":"post_tag","embeddable":true,"href":"https:\/\/www.europesays.com\/fr\/wp-json\/wp\/v2\/tags?post=381651"}],"curies":[{"name":"wp","href":"https:\/\/api.w.org\/{rel}","templated":true}]}}