{"id":381653,"date":"2025-09-11T02:01:18","date_gmt":"2025-09-11T02:01:18","guid":{"rendered":"https:\/\/www.europesays.com\/fr\/381653\/"},"modified":"2025-09-11T02:01:18","modified_gmt":"2025-09-11T02:01:18","slug":"affrontements-a-lyon-rassemblement-place-guichard-et-cortege-sauvage-matinee-sous-tension","status":"publish","type":"post","link":"https:\/\/www.europesays.com\/fr\/381653\/","title":{"rendered":"affrontements \u00e0 Lyon, rassemblement place Guichard et cort\u00e8ge sauvage, matin\u00e9e sous tension"},"content":{"rendered":"<p>Le mouvement \u00ab Bloquons tout\u00a0\u00bb\u00a0s&rsquo;est form\u00e9 sur les r\u00e9seaux sociaux au fil de l&rsquo;\u00e9t\u00e9. Sur Telegram, des collectifs locaux, relay\u00e9s par l&rsquo;extr\u00eame gauche et la France insoumise, appelaient\u00a0les citoyens \u00abr\u00e9volt\u00e9s par les gouvernements successifs\u00bb \u00e0 se joindre \u00e0 eux. La journ\u00e9e de blocage a commenc\u00e9 tr\u00e8s t\u00f4t ce mercredi 10 septembre \u00e0 Lyon avec des affrontements intervenus tr\u00e8s rapidement. Voici un recap en image de la matin\u00e9e de mobilisation lyonnaise.<\/p>\n","protected":false},"excerpt":{"rendered":"Le mouvement \u00ab Bloquons tout\u00a0\u00bb\u00a0s&rsquo;est form\u00e9 sur les r\u00e9seaux sociaux au fil de l&rsquo;\u00e9t\u00e9. Sur Telegram, des collectifs&hellip;\n","protected":false},"author":2,"featured_media":381654,"comment_status":"","ping_status":"","sticky":false,"template":"","format":"standard","meta":{"footnotes":""},"categories":[1889],"tags":[1111,11,2430,9671,3152,2757,3153,3154,3155,3156,1777,674,274,107,1011,27,5325,2798,2428,12,25,2429,273,801],"class_list":{"0":"post-381653","1":"post","2":"type-post","3":"status-publish","4":"format-standard","5":"has-post-thumbnail","7":"category-lyon","8":"tag-actu","9":"tag-actualites","10":"tag-auvergne-rhone-alpes","11":"tag-conflit-social","12":"tag-edition-est-lyonnais","13":"tag-edition-lyon-villeurbanne","14":"tag-edition-ouest-lyonnais","15":"tag-edition-sud-lyonnais","16":"tag-edition-tarare","17":"tag-edition-villefranche","18":"tag-eu","19":"tag-europe","20":"tag-faits-divers-justice","21":"tag-fil-info","22":"tag-fr","23":"tag-france","24":"tag-galerie-media","25":"tag-galerie-photo","26":"tag-lyon","27":"tag-news","28":"tag-republique-francaise","29":"tag-rhone","30":"tag-selection-de-la-redaction","31":"tag-social"},"share_on_mastodon":{"url":"https:\/\/pubeurope.com\/@fr\/115183201980385985","error":""},"_links":{"self":[{"href":"https:\/\/www.europesays.com\/fr\/wp-json\/wp\/v2\/posts\/381653","targetHints":{"allow":["GET"]}}],"collection":[{"href":"https:\/\/www.europesays.com\/fr\/wp-json\/wp\/v2\/posts"}],"about":[{"href":"https:\/\/www.europesays.com\/fr\/wp-json\/wp\/v2\/types\/post"}],"author":[{"embeddable":true,"href":"https:\/\/www.europesays.com\/fr\/wp-json\/wp\/v2\/users\/2"}],"replies":[{"embeddable":true,"href":"https:\/\/www.europesays.com\/fr\/wp-json\/wp\/v2\/comments?post=381653"}],"version-history":[{"count":0,"href":"https:\/\/www.europesays.com\/fr\/wp-json\/wp\/v2\/posts\/381653\/revisions"}],"wp:featuredmedia":[{"embeddable":true,"href":"https:\/\/www.europesays.com\/fr\/wp-json\/wp\/v2\/media\/381654"}],"wp:attachment":[{"href":"https:\/\/www.europesays.com\/fr\/wp-json\/wp\/v2\/media?parent=381653"}],"wp:term":[{"taxonomy":"category","embeddable":true,"href":"https:\/\/www.europesays.com\/fr\/wp-json\/wp\/v2\/categories?post=381653"},{"taxonomy":"post_tag","embeddable":true,"href":"https:\/\/www.europesays.com\/fr\/wp-json\/wp\/v2\/tags?post=381653"}],"curies":[{"name":"wp","href":"https:\/\/api.w.org\/{rel}","templated":true}]}}