{"id":381655,"date":"2025-09-11T02:03:15","date_gmt":"2025-09-11T02:03:15","guid":{"rendered":"https:\/\/www.europesays.com\/fr\/381655\/"},"modified":"2025-09-11T02:03:15","modified_gmt":"2025-09-11T02:03:15","slug":"mouvement-du-10-septembre-une-gare-du-rer-a-bientot-renovee-linfo-a-midi-en-ile-de-france","status":"publish","type":"post","link":"https:\/\/www.europesays.com\/fr\/381655\/","title":{"rendered":"Mouvement du 10 septembre, une gare du RER A bient\u00f4t r\u00e9nov\u00e9e&#8230; L&rsquo;info \u00e0 midi en \u00cele-de-France"},"content":{"rendered":"<p>            Par<br \/>\n        <strong><br \/>\n            <a href=\"https:\/\/actu.fr\/auteur\/redaction-essonne\" title=\"Consulter tous les articles de R\u00e9daction Essonne\" target=\"_blank\" rel=\"noopener\">R\u00e9daction Essonne<\/a><br \/>\n        <\/strong><\/p>\n<p>        Publi\u00e9 le<\/p>\n<p>            10 sept. 2025 \u00e0 11h55        <\/p>\n<p>Sur le p\u00e9riph\u00e9rique, dans les rues et les gares, devant les lyc\u00e9es, le mouvement <a href=\"https:\/\/actu.fr\/tag\/bloquons-tout\" target=\"_blank\" rel=\"noopener\">\u00ab\u2009Bloquons Tout\u2009\u00bb<\/a> se fait entendre<a href=\"https:\/\/actu.fr\/tag\/mouvement-du-10-septembre\" target=\"_blank\" rel=\"noopener\"> ce mercredi 10\u00a0septembre 2025<\/a> \u00e0 Paris et en <a href=\"https:\/\/actu.fr\/ile-de-france\/\" target=\"_blank\" rel=\"noopener\">\u00cele-de-France<\/a>. En Seine-Saint-Denis, les usagers de la gare de Neuilly-Plaisance vont voir leur gare m\u00e9tamorphos\u00e9e d\u2019ici quatre ans. Dans les Yvelines, une initiative originale visant \u00e0 d\u00e9velopper la production d\u2019\u00e9nergies vertes et locales est n\u00e9e. D\u00e9couvrez<strong> l\u2019essentiel des actualit\u00e9s \u00e0 retenir<\/strong> ce mercredi en \u00cele-de-France.<\/p>\n<p>Les informations \u00e0 retenir ce mercredi 10\u00a0septembre 2025, \u00e0 midi, en \u00cele-de-France<\/p>\n<p class=\" wall-content\"><strong>Paris.<\/strong> <a href=\"https:\/\/actu.fr\/ile-de-france\/paris_75056\/direct-mouvement-du-10-septembre-les-perturbations-blocages-et-violences-a-paris-et-en-ile-de-france_63139928.html\" target=\"_blank\" rel=\"noopener\">Mouvement du 10\u00a0septembre\u2009: les perturbations, blocages et violences \u00e0 Paris et en \u00cele-de-France<\/a><\/p>\n<p class=\" wall-content\">Dans le sillage du mouvement \u00ab\u2009Bloquons tout\u2009\u00bb, la journ\u00e9e de ce mercredi 10\u00a0septembre est agit\u00e9e \u00e0 Paris et <a href=\"https:\/\/actu.fr\/societe\/souriez-vous-etes-bloques-le-point-sur-la-mobilisation-dans-les-yvelines_63140584.html\" target=\"_blank\" rel=\"noopener\">en \u00cele-de-France<\/a>. La matin\u00e9e a \u00e9t\u00e9 parsem\u00e9e de perturbations \u00e0 plusieurs portes du p\u00e9riph\u00e9rique et des lyc\u00e9ens ont commenc\u00e9 des blocages devant leurs \u00e9tablissements.<\/p>\n<p class=\" wall-content\"><strong>Seine-et-Marne.<\/strong> <a href=\"https:\/\/actu.fr\/ile-de-france\/fontainebleau_77186\/une-aberration-stop-priorite-a-droite-a-fontainebleau-la-signalisation-contre-la-vitesse-fait-debat_63131510.html\" target=\"_blank\" rel=\"noopener\">\u00ab\u2009Une aberration\u2009\u00bb\u2009: Stop, priorit\u00e9 \u00e0 droite\u2026 \u00e0 Fontainebleau, la signalisation contre la vitesse fait d\u00e9bat<\/a><\/p>\n<p class=\" wall-content\">Une nouvelle signalisation a \u00e9t\u00e9 mise en place boulevard Maginot et rue Royale\u2009: des panneaux \u2018Stop\u2019 install\u00e9s entre le ch\u00e2teau et la tour Warnery, pour r\u00e9duire la vitesse. D\u00e9tail.<\/p>\n<p class=\" wall-content\"><strong>Seine-Saint-Denis.<\/strong> <a href=\"https:\/\/actu.fr\/ile-de-france\/neuilly-plaisance_93049\/rer-a-neuilly-plaisance-prepare-la-renovation-de-sa-gare-ratp-et-les-travaux-vont-durer-quatre-ans_63136387.html\" target=\"_blank\" rel=\"noopener\">RER A\u2009: Neuilly-Plaisance pr\u00e9pare la r\u00e9novation de sa gare RATP et les travaux vont durer quatre ans<\/a><\/p>\n<p class=\" wall-content\">Les usagers de la gare de Neuilly-Plaisance vont faire face \u00e0 quatre ans de travaux pour la r\u00e9novation du b\u00e2timent construit dans les ann\u00e9es 70.<\/p>\n<p class=\" wall-content\"><strong>Yvelines.<\/strong> <a href=\"https:\/\/actu.fr\/ile-de-france\/saint-nom-la-breteche_78571\/creer-une-energie-verte-et-locale-lambitieux-projet-de-gallywatt-dans-les-yvelines_63137233.html\" target=\"_blank\" rel=\"noopener\">Cr\u00e9er une \u00e9nergie verte et locale\u2009: l\u2019ambitieux projet de GallyWatt dans les Yvelines<\/a><\/p>\n<p>Votre r\u00e9gion, votre actu !<\/p>\n<p>Recevez chaque jour les infos qui comptent pour vous.<\/p>\n<p>\t<a href=\"https:\/\/actu.fr\/newsletter\" class=\"ac-btn ac-btn--corner ac-btn--medium ac-btn--blue800\" target=\"_blank\" rel=\"noopener\">S&rsquo;incrire<\/a><\/p>\n<p class=\" wall-content\">GallyWatt, coop\u00e9rative visant \u00e0 d\u00e9velopper l\u2019\u00e9nergie verte dans les Yvelines, cherche des investisseurs. Entreprises, particuliers ou collectivit\u00e9s, tout le monde peut participer.<\/p>\n<p class=\" wall-content\"><strong>Val-d\u2019Oise.<\/strong> <a href=\"https:\/\/actu.fr\/ile-de-france\/argenteuil_95018\/1-million-de-de-retraits-en-3-mois-lincroyable-succes-du-dab-dans-ce-quartier-dune-ville-du-val-doise_63136224.html\" target=\"_blank\" rel=\"noopener\">1\u00a0million d\u2019\u20ac de retraits en 3\u00a0mois\u2009: l\u2019incroyable succ\u00e8s du Dab dans ce quartier d\u2019une ville du Val-d\u2019Oise<\/a><\/p>\n<p class=\" wall-content\">Face au retrait des agences bancaires, cette municipalit\u00e9 a opt\u00e9 pour l\u2019installation de distributeurs automatiques de billets (Dab) ind\u00e9pendants avec la soci\u00e9t\u00e9 Loomis.<\/p>\n<p>Suivez-nous pour en savoir plus\u2009!<\/p>\n<p class=\" wall-content\">Vous voulez plus d\u2019infos sur l\u2019\u00cele-de-France\u2009? Vous pouvez nous retrouver sur actu \u00cele-de-France. Pour nous suivre sur les r\u00e9seaux sociaux, dans vos d\u00e9partements\u2009:<\/p>\n<p class=\" wall-content\"><strong>Paris\u2009:<\/strong> retrouvez\u00a0actu\u00a0Paris\u00a0sur\u00a0<a href=\"https:\/\/www.facebook.com\/actufr.paris\/\" target=\"_blank\" rel=\"noopener\">Facebook<\/a>\u00a0et\u00a0<a href=\"https:\/\/twitter.com\/actufrparis\" target=\"_blank\" rel=\"noopener\">Twitter<\/a>\u2009;<br \/><strong>Seine-et-Marne\u2009:<\/strong> retrouvez La R\u00e9publique de Seine-et-Marne (sud) sur <a href=\"https:\/\/www.facebook.com\/RepubliqueSeineMarne\/\" target=\"_blank\" rel=\"noopener\">Facebook<\/a> et <a href=\"https:\/\/twitter.com\/LaRep77\" target=\"_blank\" rel=\"noopener\">Twitter<\/a>\u2009; La Marne (nord) sur <a href=\"https:\/\/www.facebook.com\/journallarmarne\/?__tn__=%2Cd%2CP-R&amp;eid=ARDLZc91LaHbXzDwChLLLQJVMBLx_ABJremTC2-RG0CYvg0f4f8CLvbV5G1Lli4g_6QoXDcKkU1_LX1W\" target=\"_blank\" rel=\"noopener\">Facebook<\/a>\u00a0et\u00a0<a href=\"https:\/\/twitter.com\/JournalLaMarne\" target=\"_blank\" rel=\"noopener\">Twitter<\/a>\u2009; et\u00a0Le Pays Briard\u00a0sur\u00a0<a href=\"https:\/\/www.facebook.com\/LePaysBriard\/?ref=bookmarks\" target=\"_blank\" rel=\"noopener\">Facebook<\/a>\u00a0et\u00a0<a href=\"https:\/\/twitter.com\/LePaysBriard\" target=\"_blank\" rel=\"noopener\">Twitter<\/a>\u2009;<br \/><strong>Yvelines\u2009:<\/strong> retrouvez\u00a078actu\u00a0sur\u00a0<a href=\"https:\/\/www.facebook.com\/78actu\/\" target=\"_blank\" rel=\"noopener\">Facebook<\/a>\u00a0et\u00a0<a href=\"https:\/\/x.com\/78actu\">Twitter<\/a>\u2009;<br \/><strong>Essonne\u2009:<\/strong> retrouvez\u00a0actu Essonne\u00a0sur\u00a0<a href=\"https:\/\/www.facebook.com\/actuessonne\/?ref=br_rs\" target=\"_blank\" rel=\"noopener\">Facebook<\/a>\u00a0et\u00a0<a href=\"https:\/\/twitter.com\/ActuEssonne\" target=\"_blank\" rel=\"noopener\">Twitter<\/a>\u2009;<br \/><strong>Hauts-de-Seine\u2009<\/strong>: retrouvez\u00a0actu\u00a0Hauts-de-Seine\u00a0sur\u00a0<a href=\"https:\/\/www.facebook.com\/actufr.hautsdeseine\/\" target=\"_blank\" rel=\"noopener\">Facebook<\/a>\u00a0et<a href=\"https:\/\/twitter.com\/actufr92\" target=\"_blank\" rel=\"noopener\">\u00a0Twitter<\/a>\u2009;<br \/><strong>Seine-Saint-Denis\u2009:<\/strong> retrouvez actu Seine-Saint-Denis sur\u00a0<a href=\"https:\/\/www.facebook.com\/actufr.seinesaintdenis\/\" target=\"_blank\" rel=\"noopener\">Facebook<\/a>\u00a0et\u00a0<a href=\"https:\/\/x.com\/Actufr93\">Twitter<\/a>\u2009;<br \/><strong>Val-de-Marne\u2009:<\/strong> retrouvez actu Val-de-Marne sur<a href=\"https:\/\/www.facebook.com\/actu94.valdemarne\/\" target=\"_blank\" rel=\"noopener\">\u00a0Facebook<\/a>\u00a0et\u00a0<a href=\"https:\/\/x.com\/actufr94\">Twitter<\/a>\u2009;<br \/><strong>Val-d\u2019Oise\u2009:<\/strong> retrouvez La Gazette du Val-d\u2019Oise sur\u00a0<a href=\"https:\/\/x.com\/actufr94\">Twitter<\/a><\/p>\n<p class=\" wall-content\">Personnalisez votre actualit\u00e9 en ajoutant vos villes et m\u00e9dias en favori avec <a href=\"https:\/\/moncompte.actu.fr\" title=\"D\u00e9couvez Mon Actu\" rel=\"nofollow noopener\" data-trk=\"{&quot;cta&quot;:{&quot;action&quot;:&quot;https:\\\/\\\/moncompte.actu.fr&quot;,&quot;category&quot;:&quot;mon compte&quot;,&quot;from&quot;:&quot;article footer&quot;,&quot;name&quot;:&quot;Mon actu&quot;,&quot;type&quot;:&quot;cta&quot;}}\" target=\"_blank\">Mon Actu<\/a>.<\/p>\n<p>                    <script async src=\"https:\/\/platform.twitter.com\/widgets.js\" charset=\"utf-8\"><\/script><\/p>\n","protected":false},"excerpt":{"rendered":"Par R\u00e9daction Essonne Publi\u00e9 le 10 sept. 2025 \u00e0 11h55 Sur le p\u00e9riph\u00e9rique, dans les rues et les&hellip;\n","protected":false},"author":2,"featured_media":381656,"comment_status":"","ping_status":"","sticky":false,"template":"","format":"standard","meta":{"footnotes":""},"categories":[1592],"tags":[1111,11,47212,1777,674,1011,27,662,50957,12,626,25,18068,104],"class_list":{"0":"post-381655","1":"post","2":"type-post","3":"status-publish","4":"format-standard","5":"has-post-thumbnail","7":"category-ile-de-france","8":"tag-actu","9":"tag-actualites","10":"tag-bloquons-tout","11":"tag-eu","12":"tag-europe","13":"tag-fr","14":"tag-france","15":"tag-ile-de-france","16":"tag-mouvement-du-10-septembre","17":"tag-news","18":"tag-paris","19":"tag-republique-francaise","20":"tag-rer-a","21":"tag-societe"},"share_on_mastodon":{"url":"https:\/\/pubeurope.com\/@fr\/115183209957733647","error":""},"_links":{"self":[{"href":"https:\/\/www.europesays.com\/fr\/wp-json\/wp\/v2\/posts\/381655","targetHints":{"allow":["GET"]}}],"collection":[{"href":"https:\/\/www.europesays.com\/fr\/wp-json\/wp\/v2\/posts"}],"about":[{"href":"https:\/\/www.europesays.com\/fr\/wp-json\/wp\/v2\/types\/post"}],"author":[{"embeddable":true,"href":"https:\/\/www.europesays.com\/fr\/wp-json\/wp\/v2\/users\/2"}],"replies":[{"embeddable":true,"href":"https:\/\/www.europesays.com\/fr\/wp-json\/wp\/v2\/comments?post=381655"}],"version-history":[{"count":0,"href":"https:\/\/www.europesays.com\/fr\/wp-json\/wp\/v2\/posts\/381655\/revisions"}],"wp:featuredmedia":[{"embeddable":true,"href":"https:\/\/www.europesays.com\/fr\/wp-json\/wp\/v2\/media\/381656"}],"wp:attachment":[{"href":"https:\/\/www.europesays.com\/fr\/wp-json\/wp\/v2\/media?parent=381655"}],"wp:term":[{"taxonomy":"category","embeddable":true,"href":"https:\/\/www.europesays.com\/fr\/wp-json\/wp\/v2\/categories?post=381655"},{"taxonomy":"post_tag","embeddable":true,"href":"https:\/\/www.europesays.com\/fr\/wp-json\/wp\/v2\/tags?post=381655"}],"curies":[{"name":"wp","href":"https:\/\/api.w.org\/{rel}","templated":true}]}}