{"id":381669,"date":"2025-09-11T02:10:15","date_gmt":"2025-09-11T02:10:15","guid":{"rendered":"https:\/\/www.europesays.com\/fr\/381669\/"},"modified":"2025-09-11T02:10:15","modified_gmt":"2025-09-11T02:10:15","slug":"la-cour-supreme-des-etats-unis-legitime-le-controle-au-facies","status":"publish","type":"post","link":"https:\/\/www.europesays.com\/fr\/381669\/","title":{"rendered":"La Cour supr\u00eame des \u00c9tats-Unis l\u00e9gitime le contr\u00f4le au faci\u00e8s"},"content":{"rendered":"<p>\u00ab\u00a0Nous n\u2019employons pas le profilage racial\u00a0\u00bb, affirme le responsable de la politique d\u2019expulsions aux \u00c9tats-Unis. Pourtant, les restrictions qui viennent d\u2019\u00eatre lev\u00e9es par la Cour supr\u00eame\u00a0\u2013\u00a0ce dont il se f\u00e9licite\u00a0\u2013 visaient \u00e0 \u00e9viter les d\u00e9rives de la police de l\u2019immigration (ICE), telles que le contr\u00f4le au faci\u00e8s. Ordonn\u00e9es en juillet par une juge f\u00e9d\u00e9rale \u00e0 la suite de plaintes, elles interdisaient en Californie les arrestations reposant uniquement sur l\u2019origine ethnique, la langue parl\u00e9e ou l\u2019accent, entre autres. \u00c0 la suite de la d\u00e9cision de la Cour supr\u00eame, le minist\u00e8re de la S\u00e9curit\u00e9 int\u00e9rieure a annonc\u00e9 que l\u2019ICE allait \u00ab\u00a0continuer \u00e0 inonder la zone \u00e0 Los Angeles\u00a0\u00bb. L\u2019affaire doit revenir devant la justice le 24\u00a0septembre.<\/p>\n<p>        <a href=\"https:\/\/www.politis.fr\/politis-fr-newsletter\/\" target=\"_blank\" class=\"gt_newsletter\" rel=\"noopener\"><\/p>\n<p>            Tout Politis dans votre bo\u00eete email avec <strong>nos newsletters !<\/strong><\/p>\n<p>    <\/a><\/p>\n","protected":false},"excerpt":{"rendered":"\u00ab\u00a0Nous n\u2019employons pas le profilage racial\u00a0\u00bb, affirme le responsable de la politique d\u2019expulsions aux \u00c9tats-Unis. Pourtant, les restrictions&hellip;\n","protected":false},"author":2,"featured_media":381670,"comment_status":"","ping_status":"","sticky":false,"template":"","format":"standard","meta":{"footnotes":""},"categories":[1589],"tags":[11,73,1866,1061,12,10162,1864,1865,1863,308],"class_list":{"0":"post-381669","1":"post","2":"type-post","3":"status-publish","4":"format-standard","5":"has-post-thumbnail","7":"category-etats-unis","8":"tag-actualites","9":"tag-etats-unis","10":"tag-etats-unis-damerique","11":"tag-immigration","12":"tag-news","13":"tag-racisme","14":"tag-united-states","15":"tag-united-states-of-america","16":"tag-us","17":"tag-usa"},"share_on_mastodon":{"url":"https:\/\/pubeurope.com\/@fr\/115183237478975569","error":""},"_links":{"self":[{"href":"https:\/\/www.europesays.com\/fr\/wp-json\/wp\/v2\/posts\/381669","targetHints":{"allow":["GET"]}}],"collection":[{"href":"https:\/\/www.europesays.com\/fr\/wp-json\/wp\/v2\/posts"}],"about":[{"href":"https:\/\/www.europesays.com\/fr\/wp-json\/wp\/v2\/types\/post"}],"author":[{"embeddable":true,"href":"https:\/\/www.europesays.com\/fr\/wp-json\/wp\/v2\/users\/2"}],"replies":[{"embeddable":true,"href":"https:\/\/www.europesays.com\/fr\/wp-json\/wp\/v2\/comments?post=381669"}],"version-history":[{"count":0,"href":"https:\/\/www.europesays.com\/fr\/wp-json\/wp\/v2\/posts\/381669\/revisions"}],"wp:featuredmedia":[{"embeddable":true,"href":"https:\/\/www.europesays.com\/fr\/wp-json\/wp\/v2\/media\/381670"}],"wp:attachment":[{"href":"https:\/\/www.europesays.com\/fr\/wp-json\/wp\/v2\/media?parent=381669"}],"wp:term":[{"taxonomy":"category","embeddable":true,"href":"https:\/\/www.europesays.com\/fr\/wp-json\/wp\/v2\/categories?post=381669"},{"taxonomy":"post_tag","embeddable":true,"href":"https:\/\/www.europesays.com\/fr\/wp-json\/wp\/v2\/tags?post=381669"}],"curies":[{"name":"wp","href":"https:\/\/api.w.org\/{rel}","templated":true}]}}