{"id":381681,"date":"2025-09-11T02:20:15","date_gmt":"2025-09-11T02:20:15","guid":{"rendered":"https:\/\/www.europesays.com\/fr\/381681\/"},"modified":"2025-09-11T02:20:15","modified_gmt":"2025-09-11T02:20:15","slug":"etre-sur-le-terrain-a-lendroit-ou-je-peux-aider-le-plus-lequipe-au-centre-ou-a-laile-eliott-roudil-revient-sur-son-positionnement","status":"publish","type":"post","link":"https:\/\/www.europesays.com\/fr\/381681\/","title":{"rendered":"\u00ab\u00a0\u00catre sur le terrain \u00e0 l\u2019endroit o\u00f9 je peux aider le plus l\u2019\u00e9quipe\u00a0\u00bb\u00a0: au centre ou \u00e0 l\u2019aile, Eliott Roudil revient sur son positionnement"},"content":{"rendered":"<p>Pro D2 (3e journ\u00e9e). Stade Montois &#8211; RC Vannes, vendredi (21 h)C\u2019est la premi\u00e8re fois que vous jouez en Pro D2, quelles sont les diff\u00e9rences avec le Top 14 ?<\/p>\n<p>Oui, face \u00e0 Brive, c\u2018\u00e9tait mon premier match en Pro D2. Le niveau reste \u00e9lev\u00e9. Apr\u00e8s, je serais un menteur de dire que c\u2018est le m\u00eame niveau. Attention, je n\u2019ai fait que deux matchs (Brive et Soyaux Angoul\u00eame). J\u2018ai l\u2019impression que \u00e7a va quand m\u00eame un peu moins vite et qu\u2019il y a un peu moins de facteur X. En Top 14, on joue quand m\u00eame contre des sacr\u00e9s \u00ab animaux \u00bb aussi. Certains ont des appuis qui peuvent te mettre sur les fesses, qui peuvent te mettre un post-it et qui peuvent te prendre de vitesse. Mais c\u2018\u00e9tait quand m\u00eame une grosse intensit\u00e9 contre Brive. En plus, on a jou\u00e9 \u00e0 14 contre 15 la grande majorit\u00e9 du match. Je suis ressorti du terrain bien fatigu\u00e9.<\/p>\n<p>Vous avez commenc\u00e9 \u00e0 l\u2019aile face \u00e0 Brive, au centre contre Soyaux Angoul\u00eame, est-ce que vous avez des pr\u00e9f\u00e9rences ?<\/p>\n<p>J\u2018ai des pr\u00e9f\u00e9rences, oui. Je les ai dites \u00e0 Jean-No\u00ebl Spitzer. Je pr\u00e9f\u00e8re 13, ensuite 12 et ensuite ailier. Mais le plus important pour moi, c\u2019est d\u2019\u00eatre sur le terrain \u00e0 l\u2019endroit o\u00f9 je peux aider le plus l\u2019\u00e9quipe. Il n\u2018y aura pas d\u2019ambigu\u00eft\u00e9 quel que soit le poste. Et pourquoi pas troisi\u00e8me ligne\u2026 on a le temps. (Rires)<\/p>\n<p>Vous avez jou\u00e9 une fois avec Pierre Boudehent. Vendredi, ce sera aux c\u00f4t\u00e9s d\u2019Alex Arrate. Est-ce que vous sentez que cette paire de centre est la meilleure pour jouer sur terrain synth\u00e9tique ?<\/p>\n<p>Compliqu\u00e9 \u00e0 dire, car on n\u2019a pas encore jou\u00e9. Apr\u00e8s, ils sont tr\u00e8s compl\u00e9mentaires. Alex, c\u2019est un super joueur de ballon, d\u2019instinct, qui a beaucoup de vista, et un gros d\u00e9fenseur aussi. Pierre, physiquement, c\u2018est un \u00ab cheval \u00bb. Il fait plus d\u20191,90 m et 108 kg. Ils sont tr\u00e8s compl\u00e9mentaires. L\u2019effectif, il est pl\u00e9thorique aujourd\u2019hui. Je pense vraiment qu\u2018on a un plus gros effectif cette ann\u00e9e que l\u2019ann\u00e9e derni\u00e8re \u00e0 Vannes. C\u2019est aussi une richesse de pouvoir faire tourner certains joueurs et que le niveau de l\u2018\u00e9quipe ne bouge pas. C\u2018est une force.<\/p>\n","protected":false},"excerpt":{"rendered":"Pro D2 (3e journ\u00e9e). Stade Montois &#8211; RC Vannes, vendredi (21 h)C\u2019est la premi\u00e8re fois que vous jouez&hellip;\n","protected":false},"author":2,"featured_media":381682,"comment_status":"","ping_status":"","sticky":false,"template":"","format":"standard","meta":{"footnotes":""},"categories":[1416],"tags":[1011,27,2308,3164,3167,479,1468,60,3165],"class_list":{"0":"post-381681","1":"post","2":"type-post","3":"status-publish","4":"format-standard","5":"has-post-thumbnail","7":"category-rugby","8":"tag-fr","9":"tag-france","10":"tag-pro-d2","11":"tag-rc-vannes","12":"tag-rcv","13":"tag-rugby","14":"tag-rugby-football","15":"tag-sports","16":"tag-vannes"},"share_on_mastodon":{"url":"https:\/\/pubeurope.com\/@fr\/115183276978335268","error":""},"_links":{"self":[{"href":"https:\/\/www.europesays.com\/fr\/wp-json\/wp\/v2\/posts\/381681","targetHints":{"allow":["GET"]}}],"collection":[{"href":"https:\/\/www.europesays.com\/fr\/wp-json\/wp\/v2\/posts"}],"about":[{"href":"https:\/\/www.europesays.com\/fr\/wp-json\/wp\/v2\/types\/post"}],"author":[{"embeddable":true,"href":"https:\/\/www.europesays.com\/fr\/wp-json\/wp\/v2\/users\/2"}],"replies":[{"embeddable":true,"href":"https:\/\/www.europesays.com\/fr\/wp-json\/wp\/v2\/comments?post=381681"}],"version-history":[{"count":0,"href":"https:\/\/www.europesays.com\/fr\/wp-json\/wp\/v2\/posts\/381681\/revisions"}],"wp:featuredmedia":[{"embeddable":true,"href":"https:\/\/www.europesays.com\/fr\/wp-json\/wp\/v2\/media\/381682"}],"wp:attachment":[{"href":"https:\/\/www.europesays.com\/fr\/wp-json\/wp\/v2\/media?parent=381681"}],"wp:term":[{"taxonomy":"category","embeddable":true,"href":"https:\/\/www.europesays.com\/fr\/wp-json\/wp\/v2\/categories?post=381681"},{"taxonomy":"post_tag","embeddable":true,"href":"https:\/\/www.europesays.com\/fr\/wp-json\/wp\/v2\/tags?post=381681"}],"curies":[{"name":"wp","href":"https:\/\/api.w.org\/{rel}","templated":true}]}}